{"id":10081,"date":"2025-04-25T09:22:10","date_gmt":"2025-04-25T07:22:10","guid":{"rendered":"https:\/\/www.spamotos.com\/?p=10081"},"modified":"2026-03-05T16:47:42","modified_gmt":"2026-03-05T15:47:42","slug":"who-will-be-there-for-the-8h-of-spa-motos","status":"publish","type":"post","link":"https:\/\/www.spamotos.com\/en\/who-will-be-there-for-the-8h-of-spa-motos\/","title":{"rendered":"Who will be there for the 8H of Spa Motos?"},"content":{"rendered":"\t\t<div data-elementor-type=\"wp-post\" data-elementor-id=\"10081\" class=\"elementor elementor-10081 elementor-10046\">\n\t\t\t\t\t\t\t\t\t<section class=\"elementor-section elementor-top-section elementor-element elementor-element-c53a860 elementor-section-boxed elementor-section-height-default elementor-section-height-default\" data-id=\"c53a860\" data-element_type=\"section\">\n\t\t\t\t\t\t<div class=\"elementor-container elementor-column-gap-default\">\n\t\t\t\t\t<div class=\"elementor-column elementor-col-100 elementor-top-column elementor-element elementor-element-479d775\" data-id=\"479d775\" data-element_type=\"column\">\n\t\t\t<div class=\"elementor-widget-wrap elementor-element-populated\">\n\t\t\t\t\t\t\t\t<div class=\"elementor-element elementor-element-f4c948d elementor-widget elementor-widget-heading\" data-id=\"f4c948d\" data-element_type=\"widget\" data-widget_type=\"heading.default\">\n\t\t\t\t<div class=\"elementor-widget-container\">\n\t\t\t<style>\/*! elementor - v3.8.1 - 13-11-2022 *\/\n.elementor-heading-title{padding:0;margin:0;line-height:1}.elementor-widget-heading .elementor-heading-title[class*=elementor-size-]>a{color:inherit;font-size:inherit;line-height:inherit}.elementor-widget-heading .elementor-heading-title.elementor-size-small{font-size:15px}.elementor-widget-heading .elementor-heading-title.elementor-size-medium{font-size:19px}.elementor-widget-heading .elementor-heading-title.elementor-size-large{font-size:29px}.elementor-widget-heading .elementor-heading-title.elementor-size-xl{font-size:39px}.elementor-widget-heading .elementor-heading-title.elementor-size-xxl{font-size:59px}<\/style><h2 class=\"elementor-heading-title elementor-size-default\">EWC registrations open\nSee you at Spa-Francorchamps<\/h2>\t\t<\/div>\n\t\t\t\t<\/div>\n\t\t\t\t<div class=\"elementor-element elementor-element-6ed2a4c elementor-widget elementor-widget-heading\" data-id=\"6ed2a4c\" data-element_type=\"widget\" data-widget_type=\"heading.default\">\n\t\t\t\t<div class=\"elementor-widget-container\">\n\t\t\t<h2 class=\"elementor-heading-title elementor-size-default\">Inscriptions EWC ouvertes <br>Rendez-vous \u00e0 Spa-Francorchamps<\/h2>\t\t<\/div>\n\t\t\t\t<\/div>\n\t\t\t\t<div class=\"elementor-element elementor-element-3e05d19 elementor-widget elementor-widget-text-editor\" data-id=\"3e05d19\" data-element_type=\"widget\" data-widget_type=\"text-editor.default\">\n\t\t\t\t<div class=\"elementor-widget-container\">\n\t\t\t<style>\/*! elementor - v3.8.1 - 13-11-2022 *\/\n.elementor-widget-text-editor.elementor-drop-cap-view-stacked .elementor-drop-cap{background-color:#818a91;color:#fff}.elementor-widget-text-editor.elementor-drop-cap-view-framed .elementor-drop-cap{color:#818a91;border:3px solid;background-color:transparent}.elementor-widget-text-editor:not(.elementor-drop-cap-view-default) .elementor-drop-cap{margin-top:8px}.elementor-widget-text-editor:not(.elementor-drop-cap-view-default) .elementor-drop-cap-letter{width:1em;height:1em}.elementor-widget-text-editor .elementor-drop-cap{float:left;text-align:center;line-height:1;font-size:50px}.elementor-widget-text-editor .elementor-drop-cap-letter{display:inline-block}<\/style>\t\t\t\t<p><strong>On Saturday, June 7 at 12:30 PM, the start of the 2nd edition of the 8 Hours of Spa Motos will be given on the Ardennes rollercoaster.<\/strong><\/p>\t\t\t\t\t\t<\/div>\n\t\t\t\t<\/div>\n\t\t\t\t<div class=\"elementor-element elementor-element-95f348f elementor-widget elementor-widget-text-editor\" data-id=\"95f348f\" data-element_type=\"widget\" data-widget_type=\"text-editor.default\">\n\t\t\t\t<div class=\"elementor-widget-container\">\n\t\t\t\t\t\t\t<p><strong>Le samedi 7 juin \u00e0 12h30, le d\u00e9part de la 2e \u00e9dition des 8Heures de Spa Motos sera donn\u00e9 sur le toboggan des Ardennes.\u00a0<\/strong><\/p>\t\t\t\t\t\t<\/div>\n\t\t\t\t<\/div>\n\t\t\t\t\t<\/div>\n\t\t<\/div>\n\t\t\t\t\t\t\t<\/div>\n\t\t<\/section>\n\t\t\t\t<section class=\"elementor-section elementor-top-section elementor-element elementor-element-50f3c80 elementor-section-boxed elementor-section-height-default elementor-section-height-default\" data-id=\"50f3c80\" data-element_type=\"section\">\n\t\t\t\t\t\t<div class=\"elementor-container elementor-column-gap-default\">\n\t\t\t\t\t<div class=\"elementor-column elementor-col-100 elementor-top-column elementor-element elementor-element-4d38f97\" data-id=\"4d38f97\" data-element_type=\"column\">\n\t\t\t<div class=\"elementor-widget-wrap elementor-element-populated\">\n\t\t\t\t\t\t\t\t<div class=\"elementor-element elementor-element-a751e60 elementor-widget elementor-widget-image\" data-id=\"a751e60\" data-element_type=\"widget\" data-widget_type=\"image.default\">\n\t\t\t\t<div class=\"elementor-widget-container\">\n\t\t\t<style>\/*! elementor - v3.8.1 - 13-11-2022 *\/\n.elementor-widget-image{text-align:center}.elementor-widget-image a{display:inline-block}.elementor-widget-image a img[src$=\".svg\"]{width:48px}.elementor-widget-image img{vertical-align:middle;display:inline-block}<\/style>\t\t\t\t\t\t\t\t\t\t\t\t<img loading=\"lazy\" decoding=\"async\" width=\"512\" height=\"640\" src=\"https:\/\/www.spamotos.com\/wp-content\/uploads\/2025\/04\/489927809_698786096007399_5729527458545173103_n.jpg\" class=\"attachment-large size-large\" alt=\"\" srcset=\"https:\/\/www.spamotos.com\/wp-content\/uploads\/2025\/04\/489927809_698786096007399_5729527458545173103_n.jpg 512w, https:\/\/www.spamotos.com\/wp-content\/uploads\/2025\/04\/489927809_698786096007399_5729527458545173103_n-240x300.jpg 240w\" sizes=\"(max-width: 512px) 100vw, 512px\" \/>\t\t\t\t\t\t\t\t\t\t\t\t\t\t\t<\/div>\n\t\t\t\t<\/div>\n\t\t\t\t<div class=\"elementor-element elementor-element-65d9b66 elementor-widget elementor-widget-text-editor\" data-id=\"65d9b66\" data-element_type=\"widget\" data-widget_type=\"text-editor.default\">\n\t\t\t\t<div class=\"elementor-widget-container\">\n\t\t\t\t\t\t\t<p data-start=\"0\" data-end=\"88\">EWC teams have until Thursday, May 12 to complete the various registration procedures.<\/p><p data-start=\"0\" data-end=\"88\">\u00a0<\/p><p data-start=\"90\" data-end=\"363\">\u00a0<\/p><p data-start=\"0\" data-end=\"88\">In addition to the EWC and Superstock classes, the new <strong data-start=\"145\" data-end=\"159\">Production<\/strong> category offers easier access to the FIM Endurance World<span style=\"font-size: 0.875rem;\">\u00a0Championship (EWC) races\u2014making it possible to line up for the start of the <\/span><strong style=\"font-size: 0.875rem;\" data-start=\"293\" data-end=\"317\">8 Hours of Spa Motos<\/strong><span style=\"font-size: 0.875rem;\"> and fight for the <\/span><strong style=\"font-size: 0.875rem;\" data-start=\"336\" data-end=\"362\">Endurance World Trophy<\/strong><span style=\"font-size: 0.875rem;\">!<\/span><\/p><p data-start=\"0\" data-end=\"88\"><span style=\"font-size: 0.875rem;\">\u00a0<\/span><\/p><p>\u2714\ufe0f Lower budget<br data-start=\"380\" data-end=\"383\" \/>\u2714\ufe0f Basic modifications allowed<br data-start=\"413\" data-end=\"416\" data-is-only-node=\"\" \/>\u2714\ufe0f Standard fuel tank with quick connector<br data-start=\"458\" data-end=\"461\" \/>\u2714\ufe0f Headlights and illuminated numbers not mandatory for Spa<\/p>\t\t\t\t\t\t<\/div>\n\t\t\t\t<\/div>\n\t\t\t\t<div class=\"elementor-element elementor-element-e111766 elementor-widget elementor-widget-text-editor\" data-id=\"e111766\" data-element_type=\"widget\" data-widget_type=\"text-editor.default\">\n\t\t\t\t<div class=\"elementor-widget-container\">\n\t\t\t\t\t\t\t<p>Les \u00e9quipes EWC ont jusqu&#8217;au jeudi 12 mai pour compl\u00e9ter les diff\u00e9rentes proc\u00e9dures d&#8217;inscription.\u00a0<\/p><p>\u00a0<\/p><p>En plus des cat\u00e9gories <strong>EWC <\/strong>et <strong>Superstock<\/strong>, la nouvelle cat\u00e9gorie Production permet un acc\u00e8s plus facile aux courses du FIM Endurance World Championship EWC, et donc de prendre le d\u00e9part des 8 Heures de SpaMotos et se bagarrer pour l\u2019Endurance World Trophy !\u00a0<br \/>\u2714\ufe0f Un budget plus l\u00e9ger<br \/>\u2714\ufe0f Modifications basiques accept\u00e9es<br \/>\u2714\ufe0f R\u00e9servoir standard avec connecteur rapide<br \/>\u2714\ufe0f Phares et num\u00e9ros lumineux non obligatoires pour Spa<\/p>\t\t\t\t\t\t<\/div>\n\t\t\t\t<\/div>\n\t\t\t\t<div class=\"elementor-element elementor-element-d016cc0 elementor-widget elementor-widget-heading\" data-id=\"d016cc0\" data-element_type=\"widget\" data-widget_type=\"heading.default\">\n\t\t\t\t<div class=\"elementor-widget-container\">\n\t\t\t<h2 class=\"elementor-heading-title elementor-size-default\">Registrations will close on May 12.<\/h2>\t\t<\/div>\n\t\t\t\t<\/div>\n\t\t\t\t<div class=\"elementor-element elementor-element-ebf4194 elementor-widget elementor-widget-heading\" data-id=\"ebf4194\" data-element_type=\"widget\" data-widget_type=\"heading.default\">\n\t\t\t\t<div class=\"elementor-widget-container\">\n\t\t\t<h2 class=\"elementor-heading-title elementor-size-default\">Les inscriptions seront cl\u00f4tur\u00e9es le 12 Mai<\/h2>\t\t<\/div>\n\t\t\t\t<\/div>\n\t\t\t\t<div class=\"elementor-element elementor-element-16cd17d elementor-widget elementor-widget-text-editor\" data-id=\"16cd17d\" data-element_type=\"widget\" data-widget_type=\"text-editor.default\">\n\t\t\t\t<div class=\"elementor-widget-container\">\n\t\t\t\t\t\t\t<article class=\"text-token-text-primary w-full\" dir=\"auto\" data-testid=\"conversation-turn-10\" data-scroll-anchor=\"true\"><div class=\"text-base my-auto mx-auto py-5 [--thread-content-margin:--spacing(4)] @[37rem]:[--thread-content-margin:--spacing(6)] @[70rem]:[--thread-content-margin:--spacing(12)] px-(--thread-content-margin)\"><div class=\"[--thread-content-max-width:32rem] @[34rem]:[--thread-content-max-width:40rem] @[64rem]:[--thread-content-max-width:48rem] mx-auto flex max-w-(--thread-content-max-width) flex-1 text-base gap-4 md:gap-5 lg:gap-6 group\/turn-messages focus-visible:outline-hidden\" tabindex=\"-1\"><div class=\"group\/conversation-turn relative flex w-full min-w-0 flex-col agent-turn\"><div class=\"relative flex-col gap-1 md:gap-3\"><div class=\"flex max-w-full flex-col grow\"><div class=\"min-h-8 text-message relative flex w-full flex-col items-end gap-2 text-start break-words whitespace-normal [.text-message+&amp;]:mt-5\" dir=\"auto\" data-message-author-role=\"assistant\" data-message-id=\"2923e0b9-831c-49d6-a8b3-9b66b047810f\" data-message-model-slug=\"gpt-4o\"><div class=\"flex w-full flex-col gap-1 empty:hidden first:pt-[3px]\"><div class=\"markdown prose dark:prose-invert w-full break-words light\"><p class=\"\" data-start=\"0\" data-end=\"45\">No entries can be guaranteed after this date.<\/p><\/div><\/div><\/div><\/div><\/div><\/div><\/div><\/div><\/article><div class=\"pointer-events-none h-px w-px\" aria-hidden=\"true\" data-edge=\"true\">\u00a0<\/div>\t\t\t\t\t\t<\/div>\n\t\t\t\t<\/div>\n\t\t\t\t<div class=\"elementor-element elementor-element-4d50c70 elementor-widget elementor-widget-text-editor\" data-id=\"4d50c70\" data-element_type=\"widget\" data-widget_type=\"text-editor.default\">\n\t\t\t\t<div class=\"elementor-widget-container\">\n\t\t\t\t\t\t\tAucune participation ne peut donc \u00eatre garantie apr\u00e8s cette date.\t\t\t\t\t\t<\/div>\n\t\t\t\t<\/div>\n\t\t\t\t<div class=\"elementor-element elementor-element-541d979 elementor-widget elementor-widget-heading\" data-id=\"541d979\" data-element_type=\"widget\" data-widget_type=\"heading.default\">\n\t\t\t\t<div class=\"elementor-widget-container\">\n\t\t\t<h2 class=\"elementor-heading-title elementor-size-default\">Information and registration<\/h2>\t\t<\/div>\n\t\t\t\t<\/div>\n\t\t\t\t<div class=\"elementor-element elementor-element-5082521 elementor-widget elementor-widget-heading\" data-id=\"5082521\" data-element_type=\"widget\" data-widget_type=\"heading.default\">\n\t\t\t\t<div class=\"elementor-widget-container\">\n\t\t\t<h2 class=\"elementor-heading-title elementor-size-default\">Informations et inscriptions<\/h2>\t\t<\/div>\n\t\t\t\t<\/div>\n\t\t\t\t<div class=\"elementor-element elementor-element-27943ef elementor-align-center elementor-widget elementor-widget-button\" data-id=\"27943ef\" data-element_type=\"widget\" data-widget_type=\"button.default\">\n\t\t\t\t<div class=\"elementor-widget-container\">\n\t\t\t\t\t<div class=\"elementor-button-wrapper\">\n\t\t\t<a href=\"https:\/\/www.spamotos.com\/fr\/teams\/\" target=\"_blank\" class=\"elementor-button-link elementor-button elementor-size-sm\" role=\"button\">\n\t\t\t\t\t\t<span class=\"elementor-button-content-wrapper\">\n\t\t\t\t\t\t<span class=\"elementor-button-text\">spamotos.com\/teams<\/span>\n\t\t<\/span>\n\t\t\t\t\t<\/a>\n\t\t<\/div>\n\t\t\t\t<\/div>\n\t\t\t\t<\/div>\n\t\t\t\t\t<\/div>\n\t\t<\/div>\n\t\t\t\t\t\t\t<\/div>\n\t\t<\/section>\n\t\t\t\t\t\t\t<\/div>\n\t\t","protected":false},"excerpt":{"rendered":"<p>EWC registrations open See you at Spa-Francorchamps Inscriptions EWC ouvertes Rendez-vous \u00e0 Spa-Francorchamps On Saturday, June 7 at 12:30 PM, the start of the 2nd edition of the 8 Hours of Spa Motos will be given on the Ardennes rollercoaster. Le samedi 7 juin \u00e0 12h30, le d\u00e9part de la 2e \u00e9dition des 8Heures de [&hellip;]<\/p>\n","protected":false},"author":1,"featured_media":9800,"comment_status":"closed","ping_status":"open","sticky":false,"template":"","format":"standard","meta":{"footnotes":""},"categories":[53,67,64],"tags":[],"acf":[],"yoast_head":"<!-- This site is optimized with the Yoast SEO plugin v21.6 - https:\/\/yoast.com\/wordpress\/plugins\/seo\/ -->\n<title>Who will be there for the 8H of Spa Motos? - 8h SPA Motos<\/title>\n<meta name=\"robots\" content=\"index, follow, max-snippet:-1, max-image-preview:large, max-video-preview:-1\" \/>\n<link rel=\"canonical\" href=\"https:\/\/www.spamotos.com\/en\/who-will-be-there-for-the-8h-of-spa-motos\/\" \/>\n<meta property=\"og:locale\" content=\"en_US\" \/>\n<meta property=\"og:type\" content=\"article\" \/>\n<meta property=\"og:title\" content=\"Who will be there for the 8H of Spa Motos? - 8h SPA Motos\" \/>\n<meta property=\"og:description\" content=\"EWC registrations open See you at Spa-Francorchamps Inscriptions EWC ouvertes Rendez-vous \u00e0 Spa-Francorchamps On Saturday, June 7 at 12:30 PM, the start of the 2nd edition of the 8 Hours of Spa Motos will be given on the Ardennes rollercoaster. Le samedi 7 juin \u00e0 12h30, le d\u00e9part de la 2e \u00e9dition des 8Heures de [&hellip;]\" \/>\n<meta property=\"og:url\" content=\"https:\/\/www.spamotos.com\/en\/who-will-be-there-for-the-8h-of-spa-motos\/\" \/>\n<meta property=\"og:site_name\" content=\"8h SPA Motos\" \/>\n<meta property=\"article:publisher\" content=\"https:\/\/www.facebook.com\/24hspamotos\" \/>\n<meta property=\"article:published_time\" content=\"2025-04-25T07:22:10+00:00\" \/>\n<meta property=\"article:modified_time\" content=\"2026-03-05T15:47:42+00:00\" \/>\n<meta property=\"og:image\" content=\"https:\/\/www.spamotos.com\/wp-content\/uploads\/2025\/04\/StartRace1-scaled.jpg\" \/>\n\t<meta property=\"og:image:width\" content=\"2560\" \/>\n\t<meta property=\"og:image:height\" content=\"1707\" \/>\n\t<meta property=\"og:image:type\" content=\"image\/jpeg\" \/>\n<meta name=\"author\" content=\"Administrateur\" \/>\n<meta name=\"twitter:card\" content=\"summary_large_image\" \/>\n<meta name=\"twitter:creator\" content=\"@24hspamotos\" \/>\n<meta name=\"twitter:site\" content=\"@24hspamotos\" \/>\n<script type=\"application\/ld+json\" class=\"yoast-schema-graph\">{\"@context\":\"https:\/\/schema.org\",\"@graph\":[{\"@type\":\"Article\",\"@id\":\"https:\/\/www.spamotos.com\/en\/who-will-be-there-for-the-8h-of-spa-motos\/#article\",\"isPartOf\":{\"@id\":\"https:\/\/www.spamotos.com\/en\/who-will-be-there-for-the-8h-of-spa-motos\/\"},\"author\":{\"name\":\"Administrateur\",\"@id\":\"https:\/\/www.spamotos.com\/en\/#\/schema\/person\/6c5133ba53ed7caade8af07521ce45ce\"},\"headline\":\"Who will be there for the 8H of Spa Motos?\",\"datePublished\":\"2025-04-25T07:22:10+00:00\",\"dateModified\":\"2026-03-05T15:47:42+00:00\",\"mainEntityOfPage\":{\"@id\":\"https:\/\/www.spamotos.com\/en\/who-will-be-there-for-the-8h-of-spa-motos\/\"},\"wordCount\":272,\"publisher\":{\"@id\":\"https:\/\/www.spamotos.com\/en\/#organization\"},\"articleSection\":[\"2025 Season\",\"8H Spa Motos News\",\"Team News\"],\"inLanguage\":\"en-US\"},{\"@type\":\"WebPage\",\"@id\":\"https:\/\/www.spamotos.com\/en\/who-will-be-there-for-the-8h-of-spa-motos\/\",\"url\":\"https:\/\/www.spamotos.com\/en\/who-will-be-there-for-the-8h-of-spa-motos\/\",\"name\":\"Who will be there for the 8H of Spa Motos? - 8h SPA Motos\",\"isPartOf\":{\"@id\":\"https:\/\/www.spamotos.com\/en\/#website\"},\"datePublished\":\"2025-04-25T07:22:10+00:00\",\"dateModified\":\"2026-03-05T15:47:42+00:00\",\"breadcrumb\":{\"@id\":\"https:\/\/www.spamotos.com\/en\/who-will-be-there-for-the-8h-of-spa-motos\/#breadcrumb\"},\"inLanguage\":\"en-US\",\"potentialAction\":[{\"@type\":\"ReadAction\",\"target\":[\"https:\/\/www.spamotos.com\/en\/who-will-be-there-for-the-8h-of-spa-motos\/\"]}]},{\"@type\":\"BreadcrumbList\",\"@id\":\"https:\/\/www.spamotos.com\/en\/who-will-be-there-for-the-8h-of-spa-motos\/#breadcrumb\",\"itemListElement\":[{\"@type\":\"ListItem\",\"position\":1,\"name\":\"Accueil\",\"item\":\"https:\/\/www.spamotos.com\/en\/\"},{\"@type\":\"ListItem\",\"position\":2,\"name\":\"Who will be there for the 8H of Spa Motos?\"}]},{\"@type\":\"WebSite\",\"@id\":\"https:\/\/www.spamotos.com\/en\/#website\",\"url\":\"https:\/\/www.spamotos.com\/en\/\",\"name\":\"8h SPA Motos\",\"description\":\"Un site utilisant WordPress\",\"publisher\":{\"@id\":\"https:\/\/www.spamotos.com\/en\/#organization\"},\"potentialAction\":[{\"@type\":\"SearchAction\",\"target\":{\"@type\":\"EntryPoint\",\"urlTemplate\":\"https:\/\/www.spamotos.com\/en\/?s={search_term_string}\"},\"query-input\":\"required name=search_term_string\"}],\"inLanguage\":\"en-US\"},{\"@type\":\"Organization\",\"@id\":\"https:\/\/www.spamotos.com\/en\/#organization\",\"name\":\"8h SPA Motos\",\"url\":\"https:\/\/www.spamotos.com\/en\/\",\"logo\":{\"@type\":\"ImageObject\",\"inLanguage\":\"en-US\",\"@id\":\"https:\/\/www.spamotos.com\/en\/#\/schema\/logo\/image\/\",\"url\":\"https:\/\/www.spamotos.com\/wp-content\/uploads\/2023\/11\/cropped-8Hours-Positif-test-2.png\",\"contentUrl\":\"https:\/\/www.spamotos.com\/wp-content\/uploads\/2023\/11\/cropped-8Hours-Positif-test-2.png\",\"width\":443,\"height\":200,\"caption\":\"8h SPA Motos\"},\"image\":{\"@id\":\"https:\/\/www.spamotos.com\/en\/#\/schema\/logo\/image\/\"},\"sameAs\":[\"https:\/\/www.facebook.com\/24hspamotos\",\"https:\/\/twitter.com\/24hspamotos\",\"https:\/\/www.instagram.com\/24hspamotos\",\"https:\/\/www.tiktok.com\/@24hspamotos\"]},{\"@type\":\"Person\",\"@id\":\"https:\/\/www.spamotos.com\/en\/#\/schema\/person\/6c5133ba53ed7caade8af07521ce45ce\",\"name\":\"Administrateur\",\"sameAs\":[\"https:\/\/www.spamotos.com\/wp-cms\"]}]}<\/script>\n<!-- \/ Yoast SEO plugin. -->","yoast_head_json":{"title":"Who will be there for the 8H of Spa Motos? - 8h SPA Motos","robots":{"index":"index","follow":"follow","max-snippet":"max-snippet:-1","max-image-preview":"max-image-preview:large","max-video-preview":"max-video-preview:-1"},"canonical":"https:\/\/www.spamotos.com\/en\/who-will-be-there-for-the-8h-of-spa-motos\/","og_locale":"en_US","og_type":"article","og_title":"Who will be there for the 8H of Spa Motos? - 8h SPA Motos","og_description":"EWC registrations open See you at Spa-Francorchamps Inscriptions EWC ouvertes Rendez-vous \u00e0 Spa-Francorchamps On Saturday, June 7 at 12:30 PM, the start of the 2nd edition of the 8 Hours of Spa Motos will be given on the Ardennes rollercoaster. Le samedi 7 juin \u00e0 12h30, le d\u00e9part de la 2e \u00e9dition des 8Heures de [&hellip;]","og_url":"https:\/\/www.spamotos.com\/en\/who-will-be-there-for-the-8h-of-spa-motos\/","og_site_name":"8h SPA Motos","article_publisher":"https:\/\/www.facebook.com\/24hspamotos","article_published_time":"2025-04-25T07:22:10+00:00","article_modified_time":"2026-03-05T15:47:42+00:00","og_image":[{"width":2560,"height":1707,"url":"https:\/\/www.spamotos.com\/wp-content\/uploads\/2025\/04\/StartRace1-scaled.jpg","type":"image\/jpeg"}],"author":"Administrateur","twitter_card":"summary_large_image","twitter_creator":"@24hspamotos","twitter_site":"@24hspamotos","schema":{"@context":"https:\/\/schema.org","@graph":[{"@type":"Article","@id":"https:\/\/www.spamotos.com\/en\/who-will-be-there-for-the-8h-of-spa-motos\/#article","isPartOf":{"@id":"https:\/\/www.spamotos.com\/en\/who-will-be-there-for-the-8h-of-spa-motos\/"},"author":{"name":"Administrateur","@id":"https:\/\/www.spamotos.com\/en\/#\/schema\/person\/6c5133ba53ed7caade8af07521ce45ce"},"headline":"Who will be there for the 8H of Spa Motos?","datePublished":"2025-04-25T07:22:10+00:00","dateModified":"2026-03-05T15:47:42+00:00","mainEntityOfPage":{"@id":"https:\/\/www.spamotos.com\/en\/who-will-be-there-for-the-8h-of-spa-motos\/"},"wordCount":272,"publisher":{"@id":"https:\/\/www.spamotos.com\/en\/#organization"},"articleSection":["2025 Season","8H Spa Motos News","Team News"],"inLanguage":"en-US"},{"@type":"WebPage","@id":"https:\/\/www.spamotos.com\/en\/who-will-be-there-for-the-8h-of-spa-motos\/","url":"https:\/\/www.spamotos.com\/en\/who-will-be-there-for-the-8h-of-spa-motos\/","name":"Who will be there for the 8H of Spa Motos? - 8h SPA Motos","isPartOf":{"@id":"https:\/\/www.spamotos.com\/en\/#website"},"datePublished":"2025-04-25T07:22:10+00:00","dateModified":"2026-03-05T15:47:42+00:00","breadcrumb":{"@id":"https:\/\/www.spamotos.com\/en\/who-will-be-there-for-the-8h-of-spa-motos\/#breadcrumb"},"inLanguage":"en-US","potentialAction":[{"@type":"ReadAction","target":["https:\/\/www.spamotos.com\/en\/who-will-be-there-for-the-8h-of-spa-motos\/"]}]},{"@type":"BreadcrumbList","@id":"https:\/\/www.spamotos.com\/en\/who-will-be-there-for-the-8h-of-spa-motos\/#breadcrumb","itemListElement":[{"@type":"ListItem","position":1,"name":"Accueil","item":"https:\/\/www.spamotos.com\/en\/"},{"@type":"ListItem","position":2,"name":"Who will be there for the 8H of Spa Motos?"}]},{"@type":"WebSite","@id":"https:\/\/www.spamotos.com\/en\/#website","url":"https:\/\/www.spamotos.com\/en\/","name":"8h SPA Motos","description":"Un site utilisant WordPress","publisher":{"@id":"https:\/\/www.spamotos.com\/en\/#organization"},"potentialAction":[{"@type":"SearchAction","target":{"@type":"EntryPoint","urlTemplate":"https:\/\/www.spamotos.com\/en\/?s={search_term_string}"},"query-input":"required name=search_term_string"}],"inLanguage":"en-US"},{"@type":"Organization","@id":"https:\/\/www.spamotos.com\/en\/#organization","name":"8h SPA Motos","url":"https:\/\/www.spamotos.com\/en\/","logo":{"@type":"ImageObject","inLanguage":"en-US","@id":"https:\/\/www.spamotos.com\/en\/#\/schema\/logo\/image\/","url":"https:\/\/www.spamotos.com\/wp-content\/uploads\/2023\/11\/cropped-8Hours-Positif-test-2.png","contentUrl":"https:\/\/www.spamotos.com\/wp-content\/uploads\/2023\/11\/cropped-8Hours-Positif-test-2.png","width":443,"height":200,"caption":"8h SPA Motos"},"image":{"@id":"https:\/\/www.spamotos.com\/en\/#\/schema\/logo\/image\/"},"sameAs":["https:\/\/www.facebook.com\/24hspamotos","https:\/\/twitter.com\/24hspamotos","https:\/\/www.instagram.com\/24hspamotos","https:\/\/www.tiktok.com\/@24hspamotos"]},{"@type":"Person","@id":"https:\/\/www.spamotos.com\/en\/#\/schema\/person\/6c5133ba53ed7caade8af07521ce45ce","name":"Administrateur","sameAs":["https:\/\/www.spamotos.com\/wp-cms"]}]}},"_links":{"self":[{"href":"https:\/\/www.spamotos.com\/en\/wp-json\/wp\/v2\/posts\/10081"}],"collection":[{"href":"https:\/\/www.spamotos.com\/en\/wp-json\/wp\/v2\/posts"}],"about":[{"href":"https:\/\/www.spamotos.com\/en\/wp-json\/wp\/v2\/types\/post"}],"author":[{"embeddable":true,"href":"https:\/\/www.spamotos.com\/en\/wp-json\/wp\/v2\/users\/1"}],"replies":[{"embeddable":true,"href":"https:\/\/www.spamotos.com\/en\/wp-json\/wp\/v2\/comments?post=10081"}],"version-history":[{"count":5,"href":"https:\/\/www.spamotos.com\/en\/wp-json\/wp\/v2\/posts\/10081\/revisions"}],"predecessor-version":[{"id":11430,"href":"https:\/\/www.spamotos.com\/en\/wp-json\/wp\/v2\/posts\/10081\/revisions\/11430"}],"wp:featuredmedia":[{"embeddable":true,"href":"https:\/\/www.spamotos.com\/en\/wp-json\/wp\/v2\/media\/9800"}],"wp:attachment":[{"href":"https:\/\/www.spamotos.com\/en\/wp-json\/wp\/v2\/media?parent=10081"}],"wp:term":[{"taxonomy":"category","embeddable":true,"href":"https:\/\/www.spamotos.com\/en\/wp-json\/wp\/v2\/categories?post=10081"},{"taxonomy":"post_tag","embeddable":true,"href":"https:\/\/www.spamotos.com\/en\/wp-json\/wp\/v2\/tags?post=10081"}],"curies":[{"name":"wp","href":"https:\/\/api.w.org\/{rel}","templated":true}]}}