{"id":11567,"date":"2025-12-17T17:46:31","date_gmt":"2025-12-17T16:46:31","guid":{"rendered":"https:\/\/www.spamotos.com\/?p=11567"},"modified":"2026-03-05T17:52:15","modified_gmt":"2026-03-05T16:52:15","slug":"grillini-racing-team-to-return-in-ewc-for-2026","status":"publish","type":"post","link":"https:\/\/www.spamotos.com\/en\/grillini-racing-team-to-return-in-ewc-for-2026\/","title":{"rendered":"Grillini Racing Team to return in EWC for 2026"},"content":{"rendered":"\t\t<div data-elementor-type=\"wp-post\" data-elementor-id=\"11567\" class=\"elementor elementor-11567 elementor-11563\">\n\t\t\t\t\t\t\t\t\t<section class=\"elementor-section elementor-top-section elementor-element elementor-element-13669a9 elementor-section-boxed elementor-section-height-default elementor-section-height-default\" data-id=\"13669a9\" data-element_type=\"section\">\n\t\t\t\t\t\t<div class=\"elementor-container elementor-column-gap-default\">\n\t\t\t\t\t<div class=\"elementor-column elementor-col-100 elementor-top-column elementor-element elementor-element-030ef83\" data-id=\"030ef83\" data-element_type=\"column\">\n\t\t\t<div class=\"elementor-widget-wrap elementor-element-populated\">\n\t\t\t\t\t\t\t\t<div class=\"elementor-element elementor-element-99d48df elementor-widget elementor-widget-heading\" data-id=\"99d48df\" data-element_type=\"widget\" data-widget_type=\"heading.default\">\n\t\t\t\t<div class=\"elementor-widget-container\">\n\t\t\t<style>\/*! elementor - v3.8.1 - 13-11-2022 *\/\n.elementor-heading-title{padding:0;margin:0;line-height:1}.elementor-widget-heading .elementor-heading-title[class*=elementor-size-]>a{color:inherit;font-size:inherit;line-height:inherit}.elementor-widget-heading .elementor-heading-title.elementor-size-small{font-size:15px}.elementor-widget-heading .elementor-heading-title.elementor-size-medium{font-size:19px}.elementor-widget-heading .elementor-heading-title.elementor-size-large{font-size:29px}.elementor-widget-heading .elementor-heading-title.elementor-size-xl{font-size:39px}.elementor-widget-heading .elementor-heading-title.elementor-size-xxl{font-size:59px}<\/style><h2 class=\"elementor-heading-title elementor-size-default\">Grillini Racing Team to return in EWC for 2026\n<\/h2>\t\t<\/div>\n\t\t\t\t<\/div>\n\t\t\t\t<div class=\"elementor-element elementor-element-edfbc13 elementor-widget elementor-widget-heading\" data-id=\"edfbc13\" data-element_type=\"widget\" data-widget_type=\"heading.default\">\n\t\t\t\t<div class=\"elementor-widget-container\">\n\t\t\t<h2 class=\"elementor-heading-title elementor-size-default\">Le Grillini Racing Team fera son retour en EWC en 2026\n<\/h2>\t\t<\/div>\n\t\t\t\t<\/div>\n\t\t\t\t<div class=\"elementor-element elementor-element-f807e75 elementor-widget elementor-widget-image\" data-id=\"f807e75\" data-element_type=\"widget\" data-widget_type=\"image.default\">\n\t\t\t\t<div class=\"elementor-widget-container\">\n\t\t\t<style>\/*! elementor - v3.8.1 - 13-11-2022 *\/\n.elementor-widget-image{text-align:center}.elementor-widget-image a{display:inline-block}.elementor-widget-image a img[src$=\".svg\"]{width:48px}.elementor-widget-image img{vertical-align:middle;display:inline-block}<\/style>\t\t\t\t\t\t\t\t\t\t\t\t<img loading=\"lazy\" decoding=\"async\" width=\"768\" height=\"512\" src=\"https:\/\/www.spamotos.com\/wp-content\/uploads\/2026\/03\/a150c873-5d89-f190-9083-4a3bd55bed44-large-768x512.webp\" class=\"attachment-medium_large size-medium_large\" alt=\"\" srcset=\"https:\/\/www.spamotos.com\/wp-content\/uploads\/2026\/03\/a150c873-5d89-f190-9083-4a3bd55bed44-large-768x512.webp 768w, https:\/\/www.spamotos.com\/wp-content\/uploads\/2026\/03\/a150c873-5d89-f190-9083-4a3bd55bed44-large-300x200.webp 300w, https:\/\/www.spamotos.com\/wp-content\/uploads\/2026\/03\/a150c873-5d89-f190-9083-4a3bd55bed44-large.webp 1024w\" sizes=\"(max-width: 768px) 100vw, 768px\" \/>\t\t\t\t\t\t\t\t\t\t\t\t\t\t\t<\/div>\n\t\t\t\t<\/div>\n\t\t\t\t<div class=\"elementor-element elementor-element-9312466 elementor-widget elementor-widget-text-editor\" data-id=\"9312466\" data-element_type=\"widget\" data-widget_type=\"text-editor.default\">\n\t\t\t\t<div class=\"elementor-widget-container\">\n\t\t\t<style>\/*! elementor - v3.8.1 - 13-11-2022 *\/\n.elementor-widget-text-editor.elementor-drop-cap-view-stacked .elementor-drop-cap{background-color:#818a91;color:#fff}.elementor-widget-text-editor.elementor-drop-cap-view-framed .elementor-drop-cap{color:#818a91;border:3px solid;background-color:transparent}.elementor-widget-text-editor:not(.elementor-drop-cap-view-default) .elementor-drop-cap{margin-top:8px}.elementor-widget-text-editor:not(.elementor-drop-cap-view-default) .elementor-drop-cap-letter{width:1em;height:1em}.elementor-widget-text-editor .elementor-drop-cap{float:left;text-align:center;line-height:1;font-size:50px}.elementor-widget-text-editor .elementor-drop-cap-letter{display:inline-block}<\/style>\t\t\t\t<p>\u00c0 partir de 2026, l\u2019\u00e9quipe dirig\u00e9e par Andrea Grillini participera au Championnat du Monde d\u2019Endurance FIM (FIM EWC), l\u2019un des championnats les plus prestigieux et les plus exigeants au monde.<\/p><p>\u00a0<\/p><p>L\u2019\u00e9v\u00e9nement s\u2019est d\u00e9roul\u00e9 dans le cadre prestigieux de la Principaut\u00e9 de Monaco et a r\u00e9uni des sponsors, des professionnels du secteur et des invit\u00e9s sp\u00e9ciaux, dont Bram Lambrechts, l\u2019un des deux pilotes ayant d\u2019ores et d\u00e9j\u00e0 sign\u00e9 un contrat avec l\u2019\u00e9quipe pour toute la saison. Le deuxi\u00e8me pilote, l\u2019Am\u00e9ricain Brandon Cretu, n\u2019a pas pu \u00eatre pr\u00e9sent en raison de ses engagements \u00e0 l\u2019\u00e9tranger.<\/p><p>\u00a0<\/p><p>Au cours de la soir\u00e9e, GSM Racing a \u00e9galement d\u00e9voil\u00e9 sa moto, la Kawasaki ZX-10RR, pr\u00eate \u00e0 prendre la piste pour la premi\u00e8re manche de la saison.<\/p>\t\t\t\t\t\t<\/div>\n\t\t\t\t<\/div>\n\t\t\t\t<div class=\"elementor-element elementor-element-c4d94cc elementor-widget elementor-widget-text-editor\" data-id=\"c4d94cc\" data-element_type=\"widget\" data-widget_type=\"text-editor.default\">\n\t\t\t\t<div class=\"elementor-widget-container\">\n\t\t\t\t\t\t\t<p>On December 12, during a special invitation-only event, Andrea Grillini officially announced the return of the Grillini Racing Team to international motorcycle racing.<\/p><p>\u00a0<\/p><p>Starting in 2026, the team led by Andrea Grillini will compete in the FIM Endurance World Championship (EWC), one of the most prestigious and demanding championships in global motorsport.<\/p><p>\u00a0<\/p><p>The event took place in the elegant setting of the Principality of Monaco and was attended by sponsors, industry professionals and special guests, including\u00a0<strong>Bram Lambrechts<\/strong>, one of the two riders who has already signed a contract with the team for the full season.<br \/>The second rider, American\u00a0<strong>Brandon Cretu<\/strong>, was unable to attend due to racing commitments overseas.<\/p><p>\u00a0<\/p><p>During the evening, GSM Racing also unveiled its race bike, a Kawasaki ZX-10RR, ready to take to the track for the opening round of the season.<\/p>\t\t\t\t\t\t<\/div>\n\t\t\t\t<\/div>\n\t\t\t\t\t<\/div>\n\t\t<\/div>\n\t\t\t\t\t\t\t<\/div>\n\t\t<\/section>\n\t\t\t\t\t\t\t<\/div>\n\t\t","protected":false},"excerpt":{"rendered":"<p>Grillini Racing Team to return in EWC for 2026 Le Grillini Racing Team fera son retour en EWC en 2026 \u00c0 partir de 2026, l\u2019\u00e9quipe dirig\u00e9e par Andrea Grillini participera au Championnat du Monde d\u2019Endurance FIM (FIM EWC), l\u2019un des championnats les plus prestigieux et les plus exigeants au monde. \u00a0 L\u2019\u00e9v\u00e9nement s\u2019est d\u00e9roul\u00e9 dans [&hellip;]<\/p>\n","protected":false},"author":1,"featured_media":11565,"comment_status":"closed","ping_status":"open","sticky":false,"template":"","format":"standard","meta":{"footnotes":""},"categories":[52,64],"tags":[],"acf":[],"yoast_head":"<!-- This site is optimized with the Yoast SEO plugin v21.6 - https:\/\/yoast.com\/wordpress\/plugins\/seo\/ -->\n<title>Grillini Racing Team to return in EWC for 2026 - 8h SPA Motos<\/title>\n<meta name=\"robots\" content=\"index, follow, max-snippet:-1, max-image-preview:large, max-video-preview:-1\" \/>\n<link rel=\"canonical\" href=\"https:\/\/www.spamotos.com\/en\/grillini-racing-team-to-return-in-ewc-for-2026\/\" \/>\n<meta property=\"og:locale\" content=\"en_US\" \/>\n<meta property=\"og:type\" content=\"article\" \/>\n<meta property=\"og:title\" content=\"Grillini Racing Team to return in EWC for 2026 - 8h SPA Motos\" \/>\n<meta property=\"og:description\" content=\"Grillini Racing Team to return in EWC for 2026 Le Grillini Racing Team fera son retour en EWC en 2026 \u00c0 partir de 2026, l\u2019\u00e9quipe dirig\u00e9e par Andrea Grillini participera au Championnat du Monde d\u2019Endurance FIM (FIM EWC), l\u2019un des championnats les plus prestigieux et les plus exigeants au monde. \u00a0 L\u2019\u00e9v\u00e9nement s\u2019est d\u00e9roul\u00e9 dans [&hellip;]\" \/>\n<meta property=\"og:url\" content=\"https:\/\/www.spamotos.com\/en\/grillini-racing-team-to-return-in-ewc-for-2026\/\" \/>\n<meta property=\"og:site_name\" content=\"8h SPA Motos\" \/>\n<meta property=\"article:publisher\" content=\"https:\/\/www.facebook.com\/24hspamotos\" \/>\n<meta property=\"article:published_time\" content=\"2025-12-17T16:46:31+00:00\" \/>\n<meta property=\"article:modified_time\" content=\"2026-03-05T16:52:15+00:00\" \/>\n<meta property=\"og:image\" content=\"https:\/\/www.spamotos.com\/wp-content\/uploads\/2026\/03\/a150c873-5d89-f190-9083-4a3bd55bed44-large.webp\" \/>\n\t<meta property=\"og:image:width\" content=\"1024\" \/>\n\t<meta property=\"og:image:height\" content=\"683\" \/>\n\t<meta property=\"og:image:type\" content=\"image\/webp\" \/>\n<meta name=\"author\" content=\"Administrateur\" \/>\n<meta name=\"twitter:card\" content=\"summary_large_image\" \/>\n<meta name=\"twitter:creator\" content=\"@24hspamotos\" \/>\n<meta name=\"twitter:site\" content=\"@24hspamotos\" \/>\n<script type=\"application\/ld+json\" class=\"yoast-schema-graph\">{\"@context\":\"https:\/\/schema.org\",\"@graph\":[{\"@type\":\"Article\",\"@id\":\"https:\/\/www.spamotos.com\/en\/grillini-racing-team-to-return-in-ewc-for-2026\/#article\",\"isPartOf\":{\"@id\":\"https:\/\/www.spamotos.com\/en\/grillini-racing-team-to-return-in-ewc-for-2026\/\"},\"author\":{\"name\":\"Administrateur\",\"@id\":\"https:\/\/www.spamotos.com\/en\/#\/schema\/person\/6c5133ba53ed7caade8af07521ce45ce\"},\"headline\":\"Grillini Racing Team to return in EWC for 2026\",\"datePublished\":\"2025-12-17T16:46:31+00:00\",\"dateModified\":\"2026-03-05T16:52:15+00:00\",\"mainEntityOfPage\":{\"@id\":\"https:\/\/www.spamotos.com\/en\/grillini-racing-team-to-return-in-ewc-for-2026\/\"},\"wordCount\":304,\"publisher\":{\"@id\":\"https:\/\/www.spamotos.com\/en\/#organization\"},\"articleSection\":[\"2026 Season\",\"Team News\"],\"inLanguage\":\"en-US\"},{\"@type\":\"WebPage\",\"@id\":\"https:\/\/www.spamotos.com\/en\/grillini-racing-team-to-return-in-ewc-for-2026\/\",\"url\":\"https:\/\/www.spamotos.com\/en\/grillini-racing-team-to-return-in-ewc-for-2026\/\",\"name\":\"Grillini Racing Team to return in EWC for 2026 - 8h SPA Motos\",\"isPartOf\":{\"@id\":\"https:\/\/www.spamotos.com\/en\/#website\"},\"datePublished\":\"2025-12-17T16:46:31+00:00\",\"dateModified\":\"2026-03-05T16:52:15+00:00\",\"breadcrumb\":{\"@id\":\"https:\/\/www.spamotos.com\/en\/grillini-racing-team-to-return-in-ewc-for-2026\/#breadcrumb\"},\"inLanguage\":\"en-US\",\"potentialAction\":[{\"@type\":\"ReadAction\",\"target\":[\"https:\/\/www.spamotos.com\/en\/grillini-racing-team-to-return-in-ewc-for-2026\/\"]}]},{\"@type\":\"BreadcrumbList\",\"@id\":\"https:\/\/www.spamotos.com\/en\/grillini-racing-team-to-return-in-ewc-for-2026\/#breadcrumb\",\"itemListElement\":[{\"@type\":\"ListItem\",\"position\":1,\"name\":\"Accueil\",\"item\":\"https:\/\/www.spamotos.com\/en\/\"},{\"@type\":\"ListItem\",\"position\":2,\"name\":\"Grillini Racing Team to return in EWC for 2026\"}]},{\"@type\":\"WebSite\",\"@id\":\"https:\/\/www.spamotos.com\/en\/#website\",\"url\":\"https:\/\/www.spamotos.com\/en\/\",\"name\":\"8h SPA Motos\",\"description\":\"Un site utilisant WordPress\",\"publisher\":{\"@id\":\"https:\/\/www.spamotos.com\/en\/#organization\"},\"potentialAction\":[{\"@type\":\"SearchAction\",\"target\":{\"@type\":\"EntryPoint\",\"urlTemplate\":\"https:\/\/www.spamotos.com\/en\/?s={search_term_string}\"},\"query-input\":\"required name=search_term_string\"}],\"inLanguage\":\"en-US\"},{\"@type\":\"Organization\",\"@id\":\"https:\/\/www.spamotos.com\/en\/#organization\",\"name\":\"8h SPA Motos\",\"url\":\"https:\/\/www.spamotos.com\/en\/\",\"logo\":{\"@type\":\"ImageObject\",\"inLanguage\":\"en-US\",\"@id\":\"https:\/\/www.spamotos.com\/en\/#\/schema\/logo\/image\/\",\"url\":\"https:\/\/www.spamotos.com\/wp-content\/uploads\/2023\/11\/cropped-8Hours-Positif-test-2.png\",\"contentUrl\":\"https:\/\/www.spamotos.com\/wp-content\/uploads\/2023\/11\/cropped-8Hours-Positif-test-2.png\",\"width\":443,\"height\":200,\"caption\":\"8h SPA Motos\"},\"image\":{\"@id\":\"https:\/\/www.spamotos.com\/en\/#\/schema\/logo\/image\/\"},\"sameAs\":[\"https:\/\/www.facebook.com\/24hspamotos\",\"https:\/\/twitter.com\/24hspamotos\",\"https:\/\/www.instagram.com\/24hspamotos\",\"https:\/\/www.tiktok.com\/@24hspamotos\"]},{\"@type\":\"Person\",\"@id\":\"https:\/\/www.spamotos.com\/en\/#\/schema\/person\/6c5133ba53ed7caade8af07521ce45ce\",\"name\":\"Administrateur\",\"sameAs\":[\"https:\/\/www.spamotos.com\/wp-cms\"]}]}<\/script>\n<!-- \/ Yoast SEO plugin. -->","yoast_head_json":{"title":"Grillini Racing Team to return in EWC for 2026 - 8h SPA Motos","robots":{"index":"index","follow":"follow","max-snippet":"max-snippet:-1","max-image-preview":"max-image-preview:large","max-video-preview":"max-video-preview:-1"},"canonical":"https:\/\/www.spamotos.com\/en\/grillini-racing-team-to-return-in-ewc-for-2026\/","og_locale":"en_US","og_type":"article","og_title":"Grillini Racing Team to return in EWC for 2026 - 8h SPA Motos","og_description":"Grillini Racing Team to return in EWC for 2026 Le Grillini Racing Team fera son retour en EWC en 2026 \u00c0 partir de 2026, l\u2019\u00e9quipe dirig\u00e9e par Andrea Grillini participera au Championnat du Monde d\u2019Endurance FIM (FIM EWC), l\u2019un des championnats les plus prestigieux et les plus exigeants au monde. \u00a0 L\u2019\u00e9v\u00e9nement s\u2019est d\u00e9roul\u00e9 dans [&hellip;]","og_url":"https:\/\/www.spamotos.com\/en\/grillini-racing-team-to-return-in-ewc-for-2026\/","og_site_name":"8h SPA Motos","article_publisher":"https:\/\/www.facebook.com\/24hspamotos","article_published_time":"2025-12-17T16:46:31+00:00","article_modified_time":"2026-03-05T16:52:15+00:00","og_image":[{"width":1024,"height":683,"url":"https:\/\/www.spamotos.com\/wp-content\/uploads\/2026\/03\/a150c873-5d89-f190-9083-4a3bd55bed44-large.webp","type":"image\/webp"}],"author":"Administrateur","twitter_card":"summary_large_image","twitter_creator":"@24hspamotos","twitter_site":"@24hspamotos","schema":{"@context":"https:\/\/schema.org","@graph":[{"@type":"Article","@id":"https:\/\/www.spamotos.com\/en\/grillini-racing-team-to-return-in-ewc-for-2026\/#article","isPartOf":{"@id":"https:\/\/www.spamotos.com\/en\/grillini-racing-team-to-return-in-ewc-for-2026\/"},"author":{"name":"Administrateur","@id":"https:\/\/www.spamotos.com\/en\/#\/schema\/person\/6c5133ba53ed7caade8af07521ce45ce"},"headline":"Grillini Racing Team to return in EWC for 2026","datePublished":"2025-12-17T16:46:31+00:00","dateModified":"2026-03-05T16:52:15+00:00","mainEntityOfPage":{"@id":"https:\/\/www.spamotos.com\/en\/grillini-racing-team-to-return-in-ewc-for-2026\/"},"wordCount":304,"publisher":{"@id":"https:\/\/www.spamotos.com\/en\/#organization"},"articleSection":["2026 Season","Team News"],"inLanguage":"en-US"},{"@type":"WebPage","@id":"https:\/\/www.spamotos.com\/en\/grillini-racing-team-to-return-in-ewc-for-2026\/","url":"https:\/\/www.spamotos.com\/en\/grillini-racing-team-to-return-in-ewc-for-2026\/","name":"Grillini Racing Team to return in EWC for 2026 - 8h SPA Motos","isPartOf":{"@id":"https:\/\/www.spamotos.com\/en\/#website"},"datePublished":"2025-12-17T16:46:31+00:00","dateModified":"2026-03-05T16:52:15+00:00","breadcrumb":{"@id":"https:\/\/www.spamotos.com\/en\/grillini-racing-team-to-return-in-ewc-for-2026\/#breadcrumb"},"inLanguage":"en-US","potentialAction":[{"@type":"ReadAction","target":["https:\/\/www.spamotos.com\/en\/grillini-racing-team-to-return-in-ewc-for-2026\/"]}]},{"@type":"BreadcrumbList","@id":"https:\/\/www.spamotos.com\/en\/grillini-racing-team-to-return-in-ewc-for-2026\/#breadcrumb","itemListElement":[{"@type":"ListItem","position":1,"name":"Accueil","item":"https:\/\/www.spamotos.com\/en\/"},{"@type":"ListItem","position":2,"name":"Grillini Racing Team to return in EWC for 2026"}]},{"@type":"WebSite","@id":"https:\/\/www.spamotos.com\/en\/#website","url":"https:\/\/www.spamotos.com\/en\/","name":"8h SPA Motos","description":"Un site utilisant WordPress","publisher":{"@id":"https:\/\/www.spamotos.com\/en\/#organization"},"potentialAction":[{"@type":"SearchAction","target":{"@type":"EntryPoint","urlTemplate":"https:\/\/www.spamotos.com\/en\/?s={search_term_string}"},"query-input":"required name=search_term_string"}],"inLanguage":"en-US"},{"@type":"Organization","@id":"https:\/\/www.spamotos.com\/en\/#organization","name":"8h SPA Motos","url":"https:\/\/www.spamotos.com\/en\/","logo":{"@type":"ImageObject","inLanguage":"en-US","@id":"https:\/\/www.spamotos.com\/en\/#\/schema\/logo\/image\/","url":"https:\/\/www.spamotos.com\/wp-content\/uploads\/2023\/11\/cropped-8Hours-Positif-test-2.png","contentUrl":"https:\/\/www.spamotos.com\/wp-content\/uploads\/2023\/11\/cropped-8Hours-Positif-test-2.png","width":443,"height":200,"caption":"8h SPA Motos"},"image":{"@id":"https:\/\/www.spamotos.com\/en\/#\/schema\/logo\/image\/"},"sameAs":["https:\/\/www.facebook.com\/24hspamotos","https:\/\/twitter.com\/24hspamotos","https:\/\/www.instagram.com\/24hspamotos","https:\/\/www.tiktok.com\/@24hspamotos"]},{"@type":"Person","@id":"https:\/\/www.spamotos.com\/en\/#\/schema\/person\/6c5133ba53ed7caade8af07521ce45ce","name":"Administrateur","sameAs":["https:\/\/www.spamotos.com\/wp-cms"]}]}},"_links":{"self":[{"href":"https:\/\/www.spamotos.com\/en\/wp-json\/wp\/v2\/posts\/11567"}],"collection":[{"href":"https:\/\/www.spamotos.com\/en\/wp-json\/wp\/v2\/posts"}],"about":[{"href":"https:\/\/www.spamotos.com\/en\/wp-json\/wp\/v2\/types\/post"}],"author":[{"embeddable":true,"href":"https:\/\/www.spamotos.com\/en\/wp-json\/wp\/v2\/users\/1"}],"replies":[{"embeddable":true,"href":"https:\/\/www.spamotos.com\/en\/wp-json\/wp\/v2\/comments?post=11567"}],"version-history":[{"count":4,"href":"https:\/\/www.spamotos.com\/en\/wp-json\/wp\/v2\/posts\/11567\/revisions"}],"predecessor-version":[{"id":11574,"href":"https:\/\/www.spamotos.com\/en\/wp-json\/wp\/v2\/posts\/11567\/revisions\/11574"}],"wp:featuredmedia":[{"embeddable":true,"href":"https:\/\/www.spamotos.com\/en\/wp-json\/wp\/v2\/media\/11565"}],"wp:attachment":[{"href":"https:\/\/www.spamotos.com\/en\/wp-json\/wp\/v2\/media?parent=11567"}],"wp:term":[{"taxonomy":"category","embeddable":true,"href":"https:\/\/www.spamotos.com\/en\/wp-json\/wp\/v2\/categories?post=11567"},{"taxonomy":"post_tag","embeddable":true,"href":"https:\/\/www.spamotos.com\/en\/wp-json\/wp\/v2\/tags?post=11567"}],"curies":[{"name":"wp","href":"https:\/\/api.w.org\/{rel}","templated":true}]}}