{"id":11690,"date":"2026-02-13T18:44:04","date_gmt":"2026-02-13T17:44:04","guid":{"rendered":"https:\/\/www.spamotos.com\/?p=11690"},"modified":"2026-03-05T18:49:14","modified_gmt":"2026-03-05T17:49:14","slug":"isaac-vinales-to-join-hugo-clere-and-mike-di-meglio-at-tati-team-ava6-racing","status":"publish","type":"post","link":"https:\/\/www.spamotos.com\/en\/isaac-vinales-to-join-hugo-clere-and-mike-di-meglio-at-tati-team-ava6-racing\/","title":{"rendered":"Isaac Vi\u00f1ales to join Hugo Clere and Mike Di Meglio at Tati Team AVA6 Racing"},"content":{"rendered":"\t\t<div data-elementor-type=\"wp-post\" data-elementor-id=\"11690\" class=\"elementor elementor-11690 elementor-11681\">\n\t\t\t\t\t\t\t\t\t<section class=\"elementor-section elementor-top-section elementor-element elementor-element-3be8d01 elementor-section-boxed elementor-section-height-default elementor-section-height-default\" data-id=\"3be8d01\" data-element_type=\"section\">\n\t\t\t\t\t\t<div class=\"elementor-container elementor-column-gap-default\">\n\t\t\t\t\t<div class=\"elementor-column elementor-col-100 elementor-top-column elementor-element elementor-element-ec633eb\" data-id=\"ec633eb\" data-element_type=\"column\">\n\t\t\t<div class=\"elementor-widget-wrap elementor-element-populated\">\n\t\t\t\t\t\t\t\t<div class=\"elementor-element elementor-element-32922e8 elementor-widget elementor-widget-heading\" data-id=\"32922e8\" data-element_type=\"widget\" data-widget_type=\"heading.default\">\n\t\t\t\t<div class=\"elementor-widget-container\">\n\t\t\t<style>\/*! elementor - v3.8.1 - 13-11-2022 *\/\n.elementor-heading-title{padding:0;margin:0;line-height:1}.elementor-widget-heading .elementor-heading-title[class*=elementor-size-]>a{color:inherit;font-size:inherit;line-height:inherit}.elementor-widget-heading .elementor-heading-title.elementor-size-small{font-size:15px}.elementor-widget-heading .elementor-heading-title.elementor-size-medium{font-size:19px}.elementor-widget-heading .elementor-heading-title.elementor-size-large{font-size:29px}.elementor-widget-heading .elementor-heading-title.elementor-size-xl{font-size:39px}.elementor-widget-heading .elementor-heading-title.elementor-size-xxl{font-size:59px}<\/style><h2 class=\"elementor-heading-title elementor-size-default\">Isaac Vi\u00f1ales to join Hugo Clere and Mike Di Meglio at Tati Team AVA6 Racing\n<\/h2>\t\t<\/div>\n\t\t\t\t<\/div>\n\t\t\t\t<div class=\"elementor-element elementor-element-a20e176 elementor-widget elementor-widget-heading\" data-id=\"a20e176\" data-element_type=\"widget\" data-widget_type=\"heading.default\">\n\t\t\t\t<div class=\"elementor-widget-container\">\n\t\t\t<h2 class=\"elementor-heading-title elementor-size-default\">Isaac Vinales rejoint Hugo Clere et Mike Di Meglio au Tati Team AVA6 Racing\n<\/h2>\t\t<\/div>\n\t\t\t\t<\/div>\n\t\t\t\t<div class=\"elementor-element elementor-element-d5b976c elementor-widget elementor-widget-image\" data-id=\"d5b976c\" data-element_type=\"widget\" data-widget_type=\"image.default\">\n\t\t\t\t<div class=\"elementor-widget-container\">\n\t\t\t<style>\/*! elementor - v3.8.1 - 13-11-2022 *\/\n.elementor-widget-image{text-align:center}.elementor-widget-image a{display:inline-block}.elementor-widget-image a img[src$=\".svg\"]{width:48px}.elementor-widget-image img{vertical-align:middle;display:inline-block}<\/style>\t\t\t\t\t\t\t\t\t\t\t\t<img loading=\"lazy\" decoding=\"async\" width=\"768\" height=\"482\" src=\"https:\/\/www.spamotos.com\/wp-content\/uploads\/2026\/03\/Vinales-large-768x482.webp\" class=\"attachment-medium_large size-medium_large\" alt=\"\" srcset=\"https:\/\/www.spamotos.com\/wp-content\/uploads\/2026\/03\/Vinales-large-768x482.webp 768w, https:\/\/www.spamotos.com\/wp-content\/uploads\/2026\/03\/Vinales-large-300x188.webp 300w, https:\/\/www.spamotos.com\/wp-content\/uploads\/2026\/03\/Vinales-large.webp 1024w\" sizes=\"(max-width: 768px) 100vw, 768px\" \/>\t\t\t\t\t\t\t\t\t\t\t\t\t\t\t<\/div>\n\t\t\t\t<\/div>\n\t\t\t\t<div class=\"elementor-element elementor-element-5cd6a88 elementor-widget elementor-widget-text-editor\" data-id=\"5cd6a88\" data-element_type=\"widget\" data-widget_type=\"text-editor.default\">\n\t\t\t\t<div class=\"elementor-widget-container\">\n\t\t\t<style>\/*! elementor - v3.8.1 - 13-11-2022 *\/\n.elementor-widget-text-editor.elementor-drop-cap-view-stacked .elementor-drop-cap{background-color:#818a91;color:#fff}.elementor-widget-text-editor.elementor-drop-cap-view-framed .elementor-drop-cap{color:#818a91;border:3px solid;background-color:transparent}.elementor-widget-text-editor:not(.elementor-drop-cap-view-default) .elementor-drop-cap{margin-top:8px}.elementor-widget-text-editor:not(.elementor-drop-cap-view-default) .elementor-drop-cap-letter{width:1em;height:1em}.elementor-widget-text-editor .elementor-drop-cap{float:left;text-align:center;line-height:1;font-size:50px}.elementor-widget-text-editor .elementor-drop-cap-letter{display:inline-block}<\/style>\t\t\t\t<p><strong>Tati Team AVA6 Racing has officially confirmed Spanish rider Isaac Vi\u00f1ales will be joining Mike Di Meglio and Hugo Clere.<\/strong><\/p>\n<p>After stepping in as a replacement rider in 2025 for the Suzuka 8 Hours, Isaac Vi\u00f1ales will be a full-time rider in 2026 alongside Hugo Clere and Mike Di Meglio.<\/p><p><br><\/p>\n<p><strong>Isaac Vi\u00f1ales<\/strong>: \u201cI\u2019ve been racing in EWC for several years. Over the last two years, I\u2019ve been engaged with different Honda teams in Superstock (Wojick) and EWC (Tati Team Ava6 racing at Suzuka, F.C.C. TSR Honda France at the Bol d\u2019Or). So, it is now quite easy for me to evaluate any kind of teams. This is why I\u2019m really happy to join the Tati Team AVA6 Racing for a whole season. I\u2019ve seen and tested the potential of their package \u2018team-bike-partners\u2019 last year at Suzuka. Their Honda is, without any doubt, one of the best private bikes on the EWC grid. The engine is powerful. Their chassis is safe, stable, and reliable. Baptiste (Technical Director), Vat\u00e9a (Datas Engineer), and Johnathan (Bitubo Engineer), have found the right settings and the right balance between performance and durability to get the maximum from the Pirelli. With Mike and Hugo, we share the same spirit of endurance. Our biggest challenge will be to be fast and consistent throughout the whole season, even if we have less budget and training time than the factory teams. But I\u2019m ready for it, and excited to ride with the team.\u201d<\/p><p><br><\/p>\n<p><strong>Patrick Enjolras (Team Manager)<\/strong>: \u201cFor the 2026 season, we are very happy to officially announce that Isaac Vi\u00f1ales will be joining Tati Team AVA6 Racing as a full-time rider alongside Mike and Hugo. His experience with us at Suzuka in 2025 was very positive. We signed him to replace Martin Renaudin, who was injured. Isaac did not disappoint. He understood the DNA of our private team and what we expect from an EWC rider: to ride fast, for long periods, smartly and reliably. Isaac has extensive international experience in Moto3, Moto2, Supersport, Superbike, and, of course, endurance racing. He has several key qualities for our project: he is serious, consistent, reliable, committed, methodical\u2026 and he knows how to adapt. The fact that he has already raced on our Honda and on the official Honda #5 as a substitute at the 2025 Bol d\u2019Or made it easier to sign him. With Mike and Hugo, we have chosen a trio of experienced, international, and consistent riders. We are very proud to have them with us for the whole season.\u201d<\/p>\t\t\t\t\t\t<\/div>\n\t\t\t\t<\/div>\n\t\t\t\t<div class=\"elementor-element elementor-element-9b63b47 elementor-widget elementor-widget-text-editor\" data-id=\"9b63b47\" data-element_type=\"widget\" data-widget_type=\"text-editor.default\">\n\t\t\t\t<div class=\"elementor-widget-container\">\n\t\t\t\t\t\t\t<p><strong>Le Tati Team AVA6 Racing officialise l\u2019arriv\u00e9e de l\u2019Espagnol, qui officiera aux c\u00f4t\u00e9s de Mike Di Meglio et d\u2019Hugo Clere.\u00a0<\/strong><\/p><p>Apr\u00e8s une pige de rempla\u00e7ant en 2025, pour les 8 Heures de Suzuka, Isaac Vi\u00f1ales devient pilote titulaire en 2026 aux c\u00f4t\u00e9s de Hugo Clere et Mike Di Meglio.<\/p><p>\u00a0<\/p><p><strong>Isaac Vi\u00f1ales\u00a0<\/strong>:\u00a0<em>\u00ab Je cours en EWC depuis plusieurs ann\u00e9es. Au cours des deux derni\u00e8res saisons, j\u2019ai collabor\u00e9 avec diff\u00e9rentes \u00e9quipes Honda en Superstock (Wojick) et en cat\u00e9gorie EWC (Tati Team AVA6 Racing \u00e0 Suzuka, F.C.C. TSR Honda France au Bol d\u2019Or). Il m\u2019est donc d\u00e9sormais assez facile d\u2019\u00e9valuer n\u2019importe quel type d\u2019\u00e9quipe. C\u2019est pourquoi je suis tr\u00e8s heureux de rejoindre le Tati Team AVA6 Racing pour une saison compl\u00e8te. J\u2019ai pu constater et tester le potentiel de leur ensemble \u201c\u00e9quipe-moto-partenaires\u201d l\u2019ann\u00e9e derni\u00e8re \u00e0 Suzuka. Leur Honda est, sans aucun doute, l\u2019une des meilleures motos priv\u00e9es du Championnat EWC. Le moteur est puissant. Leur ch\u00e2ssis est s\u00fbr, stable et fiable. Baptiste (directeur technique), Vat\u00e9a (ing\u00e9nieur de donn\u00e9es) et Johnathan (ing\u00e9nieur Bitubo) ont trouv\u00e9 les bons r\u00e9glages et le bon \u00e9quilibre entre performance et durabilit\u00e9 pour tirer le maximum des pneus Pirelli. Avec Mike et Hugo (Clere), nous partageons le m\u00eame esprit d\u2019endurance. Notre plus grand d\u00e9fi sera d\u2019\u00eatre rapides et constants tout au long de la saison, m\u00eame si nous disposons d\u2019un budget et d\u2019un temps d\u2019entra\u00eenement moindres que les \u00e9quipes d\u2019usine. Cependant, je suis pr\u00eat \u00e0 relever ce d\u00e9fi et enthousiaste \u00e0 l\u2019id\u00e9e de courir avec l\u2019\u00e9quipe. \u00bb<\/em><\/p><p><em>\u00a0<\/em><\/p><p><strong>Patrick Enjolras (Team Manager)<\/strong>\u00a0:\u00a0<em>\u00ab Pour la saison 2026, nous sommes tr\u00e8s heureux d\u2019officialiser l\u2019arriv\u00e9e d\u2019Isaac Vi\u00f1ales comme pilote titulaire du Tati Team AVA6 Racing aux c\u00f4t\u00e9s de Mike et d\u2019Hugo. Son passage chez nous \u00e0 Suzuka en 2025 a \u00e9t\u00e9 une tr\u00e8s bonne exp\u00e9rience. Nous l\u2019avions recrut\u00e9 pour remplacer Martin Renaudin, bless\u00e9. Isaac a r\u00e9pondu pr\u00e9sent. Il a compris l\u2019ADN de notre team priv\u00e9, ce que nous attendons d\u2019un pilote EWC : rouler vite, longtemps, avec intelligence et fiabilit\u00e9. Isaac poss\u00e8de une belle exp\u00e9rience internationale, en Moto3, Moto2, Supersport, Superbike, et bien s\u00fbr en endurance. Il a plusieurs qualit\u00e9s cl\u00e9s pour notre projet : s\u00e9rieux, constant, fiable, impliqu\u00e9, m\u00e9thodique\u2026 et il sait s\u2019adapter. Le fait qu\u2019il ait d\u00e9j\u00e0 roul\u00e9 sur notre Honda et sur la Honda Officielle #5 comme rempla\u00e7ant au Bol d\u2019or 2025, a rendu ce recrutement plus facile. Avec Mike et Hugo, nous avons fait le choix d\u2019un trio de pilotes exp\u00e9riment\u00e9s, international et homog\u00e8ne. Nous sommes tr\u00e8s fiers de les avoir avec nous pour toute la saison. \u00bb<\/em><\/p>\t\t\t\t\t\t<\/div>\n\t\t\t\t<\/div>\n\t\t\t\t<div class=\"elementor-element elementor-element-0196683 elementor-widget elementor-widget-image\" data-id=\"0196683\" data-element_type=\"widget\" data-widget_type=\"image.default\">\n\t\t\t\t<div class=\"elementor-widget-container\">\n\t\t\t\t\t\t\t\t\t\t\t\t\t\t\t<img loading=\"lazy\" decoding=\"async\" width=\"768\" height=\"512\" src=\"https:\/\/www.spamotos.com\/wp-content\/uploads\/2026\/02\/Sans-titre-large-768x512.jpg\" class=\"attachment-medium_large size-medium_large\" alt=\"\" srcset=\"https:\/\/www.spamotos.com\/wp-content\/uploads\/2026\/02\/Sans-titre-large-768x512.jpg 768w, https:\/\/www.spamotos.com\/wp-content\/uploads\/2026\/02\/Sans-titre-large-300x200.jpg 300w, https:\/\/www.spamotos.com\/wp-content\/uploads\/2026\/02\/Sans-titre-large.jpg 1024w\" sizes=\"(max-width: 768px) 100vw, 768px\" \/>\t\t\t\t\t\t\t\t\t\t\t\t\t\t\t<\/div>\n\t\t\t\t<\/div>\n\t\t\t\t<div class=\"elementor-element elementor-element-d750d93 elementor-widget elementor-widget-text-editor\" data-id=\"d750d93\" data-element_type=\"widget\" data-widget_type=\"text-editor.default\">\n\t\t\t\t<div class=\"elementor-widget-container\">\n\t\t\t\t\t\t\t<div class=\"flex flex-col items-center gap-4 w-full md:w-3\/4\"><div class=\"flex flex-col items-center  mt-4\"><span class=\"w-full text-center leading-6 text-base text-black px-2 py-1 rounded-xl mt-2 bg-gray-200\">Photo : TATI TEAM AVA6 RACING &#8211; Pressdongs<\/span><\/div><\/div>\t\t\t\t\t\t<\/div>\n\t\t\t\t<\/div>\n\t\t\t\t\t<\/div>\n\t\t<\/div>\n\t\t\t\t\t\t\t<\/div>\n\t\t<\/section>\n\t\t\t\t\t\t\t<\/div>\n\t\t","protected":false},"excerpt":{"rendered":"<p>Isaac Vi\u00f1ales to join Hugo Clere and Mike Di Meglio at Tati Team AVA6 Racing Isaac Vinales rejoint Hugo Clere et Mike Di Meglio au Tati Team AVA6 Racing Tati Team AVA6 Racing has officially confirmed Spanish rider Isaac Vi\u00f1ales will be joining Mike Di Meglio and Hugo Clere. After stepping in as a replacement [&hellip;]<\/p>\n","protected":false},"author":1,"featured_media":11683,"comment_status":"closed","ping_status":"open","sticky":false,"template":"","format":"standard","meta":{"footnotes":""},"categories":[52,64],"tags":[],"acf":[],"yoast_head":"<!-- This site is optimized with the Yoast SEO plugin v21.6 - https:\/\/yoast.com\/wordpress\/plugins\/seo\/ -->\n<title>Isaac Vi\u00f1ales to join Hugo Clere and Mike Di Meglio at Tati Team AVA6 Racing - 8h SPA Motos<\/title>\n<meta name=\"robots\" content=\"index, follow, max-snippet:-1, max-image-preview:large, max-video-preview:-1\" \/>\n<link rel=\"canonical\" href=\"https:\/\/www.spamotos.com\/en\/isaac-vinales-to-join-hugo-clere-and-mike-di-meglio-at-tati-team-ava6-racing\/\" \/>\n<meta property=\"og:locale\" content=\"en_US\" \/>\n<meta property=\"og:type\" content=\"article\" \/>\n<meta property=\"og:title\" content=\"Isaac Vi\u00f1ales to join Hugo Clere and Mike Di Meglio at Tati Team AVA6 Racing - 8h SPA Motos\" \/>\n<meta property=\"og:description\" content=\"Isaac Vi\u00f1ales to join Hugo Clere and Mike Di Meglio at Tati Team AVA6 Racing Isaac Vinales rejoint Hugo Clere et Mike Di Meglio au Tati Team AVA6 Racing Tati Team AVA6 Racing has officially confirmed Spanish rider Isaac Vi\u00f1ales will be joining Mike Di Meglio and Hugo Clere. After stepping in as a replacement [&hellip;]\" \/>\n<meta property=\"og:url\" content=\"https:\/\/www.spamotos.com\/en\/isaac-vinales-to-join-hugo-clere-and-mike-di-meglio-at-tati-team-ava6-racing\/\" \/>\n<meta property=\"og:site_name\" content=\"8h SPA Motos\" \/>\n<meta property=\"article:publisher\" content=\"https:\/\/www.facebook.com\/24hspamotos\" \/>\n<meta property=\"article:published_time\" content=\"2026-02-13T17:44:04+00:00\" \/>\n<meta property=\"article:modified_time\" content=\"2026-03-05T17:49:14+00:00\" \/>\n<meta property=\"og:image\" content=\"https:\/\/www.spamotos.com\/wp-content\/uploads\/2026\/03\/Vinales-large.webp\" \/>\n\t<meta property=\"og:image:width\" content=\"1024\" \/>\n\t<meta property=\"og:image:height\" content=\"642\" \/>\n\t<meta property=\"og:image:type\" content=\"image\/webp\" \/>\n<meta name=\"author\" content=\"Administrateur\" \/>\n<meta name=\"twitter:card\" content=\"summary_large_image\" \/>\n<meta name=\"twitter:creator\" content=\"@24hspamotos\" \/>\n<meta name=\"twitter:site\" content=\"@24hspamotos\" \/>\n<script type=\"application\/ld+json\" class=\"yoast-schema-graph\">{\"@context\":\"https:\/\/schema.org\",\"@graph\":[{\"@type\":\"Article\",\"@id\":\"https:\/\/www.spamotos.com\/en\/isaac-vinales-to-join-hugo-clere-and-mike-di-meglio-at-tati-team-ava6-racing\/#article\",\"isPartOf\":{\"@id\":\"https:\/\/www.spamotos.com\/en\/isaac-vinales-to-join-hugo-clere-and-mike-di-meglio-at-tati-team-ava6-racing\/\"},\"author\":{\"name\":\"Administrateur\",\"@id\":\"https:\/\/www.spamotos.com\/en\/#\/schema\/person\/6c5133ba53ed7caade8af07521ce45ce\"},\"headline\":\"Isaac Vi\u00f1ales to join Hugo Clere and Mike Di Meglio at Tati Team AVA6 Racing\",\"datePublished\":\"2026-02-13T17:44:04+00:00\",\"dateModified\":\"2026-03-05T17:49:14+00:00\",\"mainEntityOfPage\":{\"@id\":\"https:\/\/www.spamotos.com\/en\/isaac-vinales-to-join-hugo-clere-and-mike-di-meglio-at-tati-team-ava6-racing\/\"},\"wordCount\":971,\"publisher\":{\"@id\":\"https:\/\/www.spamotos.com\/en\/#organization\"},\"articleSection\":[\"2026 Season\",\"Team News\"],\"inLanguage\":\"en-US\"},{\"@type\":\"WebPage\",\"@id\":\"https:\/\/www.spamotos.com\/en\/isaac-vinales-to-join-hugo-clere-and-mike-di-meglio-at-tati-team-ava6-racing\/\",\"url\":\"https:\/\/www.spamotos.com\/en\/isaac-vinales-to-join-hugo-clere-and-mike-di-meglio-at-tati-team-ava6-racing\/\",\"name\":\"Isaac Vi\u00f1ales to join Hugo Clere and Mike Di Meglio at Tati Team AVA6 Racing - 8h SPA Motos\",\"isPartOf\":{\"@id\":\"https:\/\/www.spamotos.com\/en\/#website\"},\"datePublished\":\"2026-02-13T17:44:04+00:00\",\"dateModified\":\"2026-03-05T17:49:14+00:00\",\"breadcrumb\":{\"@id\":\"https:\/\/www.spamotos.com\/en\/isaac-vinales-to-join-hugo-clere-and-mike-di-meglio-at-tati-team-ava6-racing\/#breadcrumb\"},\"inLanguage\":\"en-US\",\"potentialAction\":[{\"@type\":\"ReadAction\",\"target\":[\"https:\/\/www.spamotos.com\/en\/isaac-vinales-to-join-hugo-clere-and-mike-di-meglio-at-tati-team-ava6-racing\/\"]}]},{\"@type\":\"BreadcrumbList\",\"@id\":\"https:\/\/www.spamotos.com\/en\/isaac-vinales-to-join-hugo-clere-and-mike-di-meglio-at-tati-team-ava6-racing\/#breadcrumb\",\"itemListElement\":[{\"@type\":\"ListItem\",\"position\":1,\"name\":\"Accueil\",\"item\":\"https:\/\/www.spamotos.com\/en\/\"},{\"@type\":\"ListItem\",\"position\":2,\"name\":\"Isaac Vi\u00f1ales to join Hugo Clere and Mike Di Meglio at Tati Team AVA6 Racing\"}]},{\"@type\":\"WebSite\",\"@id\":\"https:\/\/www.spamotos.com\/en\/#website\",\"url\":\"https:\/\/www.spamotos.com\/en\/\",\"name\":\"8h SPA Motos\",\"description\":\"Un site utilisant WordPress\",\"publisher\":{\"@id\":\"https:\/\/www.spamotos.com\/en\/#organization\"},\"potentialAction\":[{\"@type\":\"SearchAction\",\"target\":{\"@type\":\"EntryPoint\",\"urlTemplate\":\"https:\/\/www.spamotos.com\/en\/?s={search_term_string}\"},\"query-input\":\"required name=search_term_string\"}],\"inLanguage\":\"en-US\"},{\"@type\":\"Organization\",\"@id\":\"https:\/\/www.spamotos.com\/en\/#organization\",\"name\":\"8h SPA Motos\",\"url\":\"https:\/\/www.spamotos.com\/en\/\",\"logo\":{\"@type\":\"ImageObject\",\"inLanguage\":\"en-US\",\"@id\":\"https:\/\/www.spamotos.com\/en\/#\/schema\/logo\/image\/\",\"url\":\"https:\/\/www.spamotos.com\/wp-content\/uploads\/2023\/11\/cropped-8Hours-Positif-test-2.png\",\"contentUrl\":\"https:\/\/www.spamotos.com\/wp-content\/uploads\/2023\/11\/cropped-8Hours-Positif-test-2.png\",\"width\":443,\"height\":200,\"caption\":\"8h SPA Motos\"},\"image\":{\"@id\":\"https:\/\/www.spamotos.com\/en\/#\/schema\/logo\/image\/\"},\"sameAs\":[\"https:\/\/www.facebook.com\/24hspamotos\",\"https:\/\/twitter.com\/24hspamotos\",\"https:\/\/www.instagram.com\/24hspamotos\",\"https:\/\/www.tiktok.com\/@24hspamotos\"]},{\"@type\":\"Person\",\"@id\":\"https:\/\/www.spamotos.com\/en\/#\/schema\/person\/6c5133ba53ed7caade8af07521ce45ce\",\"name\":\"Administrateur\",\"sameAs\":[\"https:\/\/www.spamotos.com\/wp-cms\"]}]}<\/script>\n<!-- \/ Yoast SEO plugin. -->","yoast_head_json":{"title":"Isaac Vi\u00f1ales to join Hugo Clere and Mike Di Meglio at Tati Team AVA6 Racing - 8h SPA Motos","robots":{"index":"index","follow":"follow","max-snippet":"max-snippet:-1","max-image-preview":"max-image-preview:large","max-video-preview":"max-video-preview:-1"},"canonical":"https:\/\/www.spamotos.com\/en\/isaac-vinales-to-join-hugo-clere-and-mike-di-meglio-at-tati-team-ava6-racing\/","og_locale":"en_US","og_type":"article","og_title":"Isaac Vi\u00f1ales to join Hugo Clere and Mike Di Meglio at Tati Team AVA6 Racing - 8h SPA Motos","og_description":"Isaac Vi\u00f1ales to join Hugo Clere and Mike Di Meglio at Tati Team AVA6 Racing Isaac Vinales rejoint Hugo Clere et Mike Di Meglio au Tati Team AVA6 Racing Tati Team AVA6 Racing has officially confirmed Spanish rider Isaac Vi\u00f1ales will be joining Mike Di Meglio and Hugo Clere. After stepping in as a replacement [&hellip;]","og_url":"https:\/\/www.spamotos.com\/en\/isaac-vinales-to-join-hugo-clere-and-mike-di-meglio-at-tati-team-ava6-racing\/","og_site_name":"8h SPA Motos","article_publisher":"https:\/\/www.facebook.com\/24hspamotos","article_published_time":"2026-02-13T17:44:04+00:00","article_modified_time":"2026-03-05T17:49:14+00:00","og_image":[{"width":1024,"height":642,"url":"https:\/\/www.spamotos.com\/wp-content\/uploads\/2026\/03\/Vinales-large.webp","type":"image\/webp"}],"author":"Administrateur","twitter_card":"summary_large_image","twitter_creator":"@24hspamotos","twitter_site":"@24hspamotos","schema":{"@context":"https:\/\/schema.org","@graph":[{"@type":"Article","@id":"https:\/\/www.spamotos.com\/en\/isaac-vinales-to-join-hugo-clere-and-mike-di-meglio-at-tati-team-ava6-racing\/#article","isPartOf":{"@id":"https:\/\/www.spamotos.com\/en\/isaac-vinales-to-join-hugo-clere-and-mike-di-meglio-at-tati-team-ava6-racing\/"},"author":{"name":"Administrateur","@id":"https:\/\/www.spamotos.com\/en\/#\/schema\/person\/6c5133ba53ed7caade8af07521ce45ce"},"headline":"Isaac Vi\u00f1ales to join Hugo Clere and Mike Di Meglio at Tati Team AVA6 Racing","datePublished":"2026-02-13T17:44:04+00:00","dateModified":"2026-03-05T17:49:14+00:00","mainEntityOfPage":{"@id":"https:\/\/www.spamotos.com\/en\/isaac-vinales-to-join-hugo-clere-and-mike-di-meglio-at-tati-team-ava6-racing\/"},"wordCount":971,"publisher":{"@id":"https:\/\/www.spamotos.com\/en\/#organization"},"articleSection":["2026 Season","Team News"],"inLanguage":"en-US"},{"@type":"WebPage","@id":"https:\/\/www.spamotos.com\/en\/isaac-vinales-to-join-hugo-clere-and-mike-di-meglio-at-tati-team-ava6-racing\/","url":"https:\/\/www.spamotos.com\/en\/isaac-vinales-to-join-hugo-clere-and-mike-di-meglio-at-tati-team-ava6-racing\/","name":"Isaac Vi\u00f1ales to join Hugo Clere and Mike Di Meglio at Tati Team AVA6 Racing - 8h SPA Motos","isPartOf":{"@id":"https:\/\/www.spamotos.com\/en\/#website"},"datePublished":"2026-02-13T17:44:04+00:00","dateModified":"2026-03-05T17:49:14+00:00","breadcrumb":{"@id":"https:\/\/www.spamotos.com\/en\/isaac-vinales-to-join-hugo-clere-and-mike-di-meglio-at-tati-team-ava6-racing\/#breadcrumb"},"inLanguage":"en-US","potentialAction":[{"@type":"ReadAction","target":["https:\/\/www.spamotos.com\/en\/isaac-vinales-to-join-hugo-clere-and-mike-di-meglio-at-tati-team-ava6-racing\/"]}]},{"@type":"BreadcrumbList","@id":"https:\/\/www.spamotos.com\/en\/isaac-vinales-to-join-hugo-clere-and-mike-di-meglio-at-tati-team-ava6-racing\/#breadcrumb","itemListElement":[{"@type":"ListItem","position":1,"name":"Accueil","item":"https:\/\/www.spamotos.com\/en\/"},{"@type":"ListItem","position":2,"name":"Isaac Vi\u00f1ales to join Hugo Clere and Mike Di Meglio at Tati Team AVA6 Racing"}]},{"@type":"WebSite","@id":"https:\/\/www.spamotos.com\/en\/#website","url":"https:\/\/www.spamotos.com\/en\/","name":"8h SPA Motos","description":"Un site utilisant WordPress","publisher":{"@id":"https:\/\/www.spamotos.com\/en\/#organization"},"potentialAction":[{"@type":"SearchAction","target":{"@type":"EntryPoint","urlTemplate":"https:\/\/www.spamotos.com\/en\/?s={search_term_string}"},"query-input":"required name=search_term_string"}],"inLanguage":"en-US"},{"@type":"Organization","@id":"https:\/\/www.spamotos.com\/en\/#organization","name":"8h SPA Motos","url":"https:\/\/www.spamotos.com\/en\/","logo":{"@type":"ImageObject","inLanguage":"en-US","@id":"https:\/\/www.spamotos.com\/en\/#\/schema\/logo\/image\/","url":"https:\/\/www.spamotos.com\/wp-content\/uploads\/2023\/11\/cropped-8Hours-Positif-test-2.png","contentUrl":"https:\/\/www.spamotos.com\/wp-content\/uploads\/2023\/11\/cropped-8Hours-Positif-test-2.png","width":443,"height":200,"caption":"8h SPA Motos"},"image":{"@id":"https:\/\/www.spamotos.com\/en\/#\/schema\/logo\/image\/"},"sameAs":["https:\/\/www.facebook.com\/24hspamotos","https:\/\/twitter.com\/24hspamotos","https:\/\/www.instagram.com\/24hspamotos","https:\/\/www.tiktok.com\/@24hspamotos"]},{"@type":"Person","@id":"https:\/\/www.spamotos.com\/en\/#\/schema\/person\/6c5133ba53ed7caade8af07521ce45ce","name":"Administrateur","sameAs":["https:\/\/www.spamotos.com\/wp-cms"]}]}},"_links":{"self":[{"href":"https:\/\/www.spamotos.com\/en\/wp-json\/wp\/v2\/posts\/11690"}],"collection":[{"href":"https:\/\/www.spamotos.com\/en\/wp-json\/wp\/v2\/posts"}],"about":[{"href":"https:\/\/www.spamotos.com\/en\/wp-json\/wp\/v2\/types\/post"}],"author":[{"embeddable":true,"href":"https:\/\/www.spamotos.com\/en\/wp-json\/wp\/v2\/users\/1"}],"replies":[{"embeddable":true,"href":"https:\/\/www.spamotos.com\/en\/wp-json\/wp\/v2\/comments?post=11690"}],"version-history":[{"count":4,"href":"https:\/\/www.spamotos.com\/en\/wp-json\/wp\/v2\/posts\/11690\/revisions"}],"predecessor-version":[{"id":11697,"href":"https:\/\/www.spamotos.com\/en\/wp-json\/wp\/v2\/posts\/11690\/revisions\/11697"}],"wp:featuredmedia":[{"embeddable":true,"href":"https:\/\/www.spamotos.com\/en\/wp-json\/wp\/v2\/media\/11683"}],"wp:attachment":[{"href":"https:\/\/www.spamotos.com\/en\/wp-json\/wp\/v2\/media?parent=11690"}],"wp:term":[{"taxonomy":"category","embeddable":true,"href":"https:\/\/www.spamotos.com\/en\/wp-json\/wp\/v2\/categories?post=11690"},{"taxonomy":"post_tag","embeddable":true,"href":"https:\/\/www.spamotos.com\/en\/wp-json\/wp\/v2\/tags?post=11690"}],"curies":[{"name":"wp","href":"https:\/\/api.w.org\/{rel}","templated":true}]}}