{"id":5170,"date":"2023-12-01T11:53:01","date_gmt":"2023-12-01T10:53:01","guid":{"rendered":"https:\/\/www.spamotos.com\/?p=5170"},"modified":"2026-03-05T17:02:07","modified_gmt":"2026-03-05T16:02:07","slug":"km99-unveils-its-line-up-of-riders-for-the-2024-fim-endurance-world-championship","status":"publish","type":"post","link":"https:\/\/www.spamotos.com\/en\/km99-unveils-its-line-up-of-riders-for-the-2024-fim-endurance-world-championship\/","title":{"rendered":"KM99 UNVEILS ITS LINE-UP OF RIDERS FOR THE 2024 FIM ENDURANCE WORLD CHAMPIONSHIP"},"content":{"rendered":"\t\t<div data-elementor-type=\"wp-post\" data-elementor-id=\"5170\" class=\"elementor elementor-5170 elementor-5083\">\n\t\t\t\t\t\t\t\t\t<section class=\"elementor-section elementor-top-section elementor-element elementor-element-9e4d1a2 elementor-section-boxed elementor-section-height-default elementor-section-height-default\" data-id=\"9e4d1a2\" data-element_type=\"section\">\n\t\t\t\t\t\t<div class=\"elementor-container elementor-column-gap-default\">\n\t\t\t\t\t<div class=\"elementor-column elementor-col-100 elementor-top-column elementor-element elementor-element-e21283a\" data-id=\"e21283a\" data-element_type=\"column\">\n\t\t\t<div class=\"elementor-widget-wrap elementor-element-populated\">\n\t\t\t\t\t\t\t\t<div class=\"elementor-element elementor-element-7e8c440 elementor-widget elementor-widget-heading\" data-id=\"7e8c440\" data-element_type=\"widget\" data-widget_type=\"heading.default\">\n\t\t\t\t<div class=\"elementor-widget-container\">\n\t\t\t<style>\/*! elementor - v3.8.1 - 13-11-2022 *\/\n.elementor-heading-title{padding:0;margin:0;line-height:1}.elementor-widget-heading .elementor-heading-title[class*=elementor-size-]>a{color:inherit;font-size:inherit;line-height:inherit}.elementor-widget-heading .elementor-heading-title.elementor-size-small{font-size:15px}.elementor-widget-heading .elementor-heading-title.elementor-size-medium{font-size:19px}.elementor-widget-heading .elementor-heading-title.elementor-size-large{font-size:29px}.elementor-widget-heading .elementor-heading-title.elementor-size-xl{font-size:39px}.elementor-widget-heading .elementor-heading-title.elementor-size-xxl{font-size:59px}<\/style><h2 class=\"elementor-heading-title elementor-size-default\">KM99 UNVEILS ITS LINE-UP OF RIDERS FOR THE 2024 \nFIM ENDURANCE WORLD CHAMPIONSHIP <\/h2>\t\t<\/div>\n\t\t\t\t<\/div>\n\t\t\t\t\t<\/div>\n\t\t<\/div>\n\t\t\t\t\t\t\t<\/div>\n\t\t<\/section>\n\t\t\t\t<section class=\"elementor-section elementor-top-section elementor-element elementor-element-1fa5a0d elementor-section-boxed elementor-section-height-default elementor-section-height-default\" data-id=\"1fa5a0d\" data-element_type=\"section\">\n\t\t\t\t\t\t<div class=\"elementor-container elementor-column-gap-default\">\n\t\t\t\t\t<div class=\"elementor-column elementor-col-100 elementor-top-column elementor-element elementor-element-97d24d8\" data-id=\"97d24d8\" data-element_type=\"column\">\n\t\t\t<div class=\"elementor-widget-wrap elementor-element-populated\">\n\t\t\t\t\t\t\t\t<div class=\"elementor-element elementor-element-a8c1809 elementor-widget elementor-widget-heading\" data-id=\"a8c1809\" data-element_type=\"widget\" data-widget_type=\"heading.default\">\n\t\t\t\t<div class=\"elementor-widget-container\">\n\t\t\t<h2 class=\"elementor-heading-title elementor-size-default\">KM99 DEVOILE SON TRIO DE PILOTES POUR LE \nCHAMPIONNAT DU MONDE D'ENDURANCE 2024 <\/h2>\t\t<\/div>\n\t\t\t\t<\/div>\n\t\t\t\t\t<\/div>\n\t\t<\/div>\n\t\t\t\t\t\t\t<\/div>\n\t\t<\/section>\n\t\t\t\t<section class=\"elementor-section elementor-top-section elementor-element elementor-element-ad0b4ce elementor-section-boxed elementor-section-height-default elementor-section-height-default\" data-id=\"ad0b4ce\" data-element_type=\"section\">\n\t\t\t\t\t\t<div class=\"elementor-container elementor-column-gap-default\">\n\t\t\t\t\t<div class=\"elementor-column elementor-col-100 elementor-top-column elementor-element elementor-element-72ea150\" data-id=\"72ea150\" data-element_type=\"column\">\n\t\t\t<div class=\"elementor-widget-wrap elementor-element-populated\">\n\t\t\t\t\t\t\t\t<div class=\"elementor-element elementor-element-214b9bf elementor-widget elementor-widget-text-editor\" data-id=\"214b9bf\" data-element_type=\"widget\" data-widget_type=\"text-editor.default\">\n\t\t\t\t<div class=\"elementor-widget-container\">\n\t\t\t<style>\/*! elementor - v3.8.1 - 13-11-2022 *\/\n.elementor-widget-text-editor.elementor-drop-cap-view-stacked .elementor-drop-cap{background-color:#818a91;color:#fff}.elementor-widget-text-editor.elementor-drop-cap-view-framed .elementor-drop-cap{color:#818a91;border:3px solid;background-color:transparent}.elementor-widget-text-editor:not(.elementor-drop-cap-view-default) .elementor-drop-cap{margin-top:8px}.elementor-widget-text-editor:not(.elementor-drop-cap-view-default) .elementor-drop-cap-letter{width:1em;height:1em}.elementor-widget-text-editor .elementor-drop-cap{float:left;text-align:center;line-height:1;font-size:50px}.elementor-widget-text-editor .elementor-drop-cap-letter{display:inline-block}<\/style>\t\t\t\t<p>Following the confirmation of the 2024 FIM Endurance World Championship calendar a few weeks age, KM99 can officially disclose the names of the riders who will represent the team throughout this new season. Under the leadership of Ga\u00ebtan Schyns and Mario Kupper, the Belgian team proudly presents its trio of riders as they embark on their second season in the FIM Endurance World Championship.\u00a0<\/p>\t\t\t\t\t\t<\/div>\n\t\t\t\t<\/div>\n\t\t\t\t\t<\/div>\n\t\t<\/div>\n\t\t\t\t\t\t\t<\/div>\n\t\t<\/section>\n\t\t\t\t<section class=\"elementor-section elementor-top-section elementor-element elementor-element-19e0fd0 elementor-section-boxed elementor-section-height-default elementor-section-height-default\" data-id=\"19e0fd0\" data-element_type=\"section\">\n\t\t\t\t\t\t<div class=\"elementor-container elementor-column-gap-default\">\n\t\t\t\t\t<div class=\"elementor-column elementor-col-100 elementor-top-column elementor-element elementor-element-c57add8\" data-id=\"c57add8\" data-element_type=\"column\">\n\t\t\t<div class=\"elementor-widget-wrap elementor-element-populated\">\n\t\t\t\t\t\t\t\t<div class=\"elementor-element elementor-element-b385de0 elementor-widget elementor-widget-text-editor\" data-id=\"b385de0\" data-element_type=\"widget\" data-widget_type=\"text-editor.default\">\n\t\t\t\t<div class=\"elementor-widget-container\">\n\t\t\t\t\t\t\t<p>Alors que le calendrier 2024 du FIM Endurance World Championship vient d&#8217;\u00eatre confirm\u00e9 il y a quelques semaines, KM99 est en mesure d&#8217;officialiser l&#8217;identit\u00e9 des trois pilotes qui d\u00e9fendront les couleurs de l&#8217;\u00e9quipe tout au long de cette nouvelle saison. L&#8217;\u00e9quipe belge, sous la direction de Ga\u00ebtan Schyns et Mario Kupper, annonce fi\u00e8rement son trio de pilotes avec lequel elle s&#8217;engage dans sa deuxi\u00e8me saison du Championnat du Monde d&#8217;Endurance Moto.\u00a0<\/p>\t\t\t\t\t\t<\/div>\n\t\t\t\t<\/div>\n\t\t\t\t\t<\/div>\n\t\t<\/div>\n\t\t\t\t\t\t\t<\/div>\n\t\t<\/section>\n\t\t\t\t<section class=\"elementor-section elementor-top-section elementor-element elementor-element-d5db6ef elementor-section-boxed elementor-section-height-default elementor-section-height-default\" data-id=\"d5db6ef\" data-element_type=\"section\">\n\t\t\t\t\t\t<div class=\"elementor-container elementor-column-gap-default\">\n\t\t\t\t\t<div class=\"elementor-column elementor-col-100 elementor-top-column elementor-element elementor-element-2904bd4\" data-id=\"2904bd4\" data-element_type=\"column\">\n\t\t\t<div class=\"elementor-widget-wrap elementor-element-populated\">\n\t\t\t\t\t\t\t\t<div class=\"elementor-element elementor-element-9c79c8c elementor-widget elementor-widget-image\" data-id=\"9c79c8c\" data-element_type=\"widget\" data-widget_type=\"image.default\">\n\t\t\t\t<div class=\"elementor-widget-container\">\n\t\t\t<style>\/*! elementor - v3.8.1 - 13-11-2022 *\/\n.elementor-widget-image{text-align:center}.elementor-widget-image a{display:inline-block}.elementor-widget-image a img[src$=\".svg\"]{width:48px}.elementor-widget-image img{vertical-align:middle;display:inline-block}<\/style>\t\t\t\t\t\t\t\t\t\t\t\t<img loading=\"lazy\" decoding=\"async\" width=\"768\" height=\"513\" src=\"https:\/\/www.spamotos.com\/wp-content\/uploads\/2023\/12\/Fichier-1-768x513.png\" class=\"attachment-medium_large size-medium_large\" alt=\"\" srcset=\"https:\/\/www.spamotos.com\/wp-content\/uploads\/2023\/12\/Fichier-1-768x513.png 768w, https:\/\/www.spamotos.com\/wp-content\/uploads\/2023\/12\/Fichier-1-300x200.png 300w, https:\/\/www.spamotos.com\/wp-content\/uploads\/2023\/12\/Fichier-1.png 802w\" sizes=\"(max-width: 768px) 100vw, 768px\" \/>\t\t\t\t\t\t\t\t\t\t\t\t\t\t\t<\/div>\n\t\t\t\t<\/div>\n\t\t\t\t\t<\/div>\n\t\t<\/div>\n\t\t\t\t\t\t\t<\/div>\n\t\t<\/section>\n\t\t\t\t<section class=\"elementor-section elementor-top-section elementor-element elementor-element-8aa9417 elementor-section-boxed elementor-section-height-default elementor-section-height-default\" data-id=\"8aa9417\" data-element_type=\"section\">\n\t\t\t\t\t\t<div class=\"elementor-container elementor-column-gap-default\">\n\t\t\t\t\t<div class=\"elementor-column elementor-col-100 elementor-top-column elementor-element elementor-element-3fc456c\" data-id=\"3fc456c\" data-element_type=\"column\">\n\t\t\t<div class=\"elementor-widget-wrap elementor-element-populated\">\n\t\t\t\t\t\t\t\t<div class=\"elementor-element elementor-element-ab3dd83 elementor-widget elementor-widget-heading\" data-id=\"ab3dd83\" data-element_type=\"widget\" data-widget_type=\"heading.default\">\n\t\t\t\t<div class=\"elementor-widget-container\">\n\t\t\t<h2 class=\"elementor-heading-title elementor-size-default\">FLORIAN MARINO<\/h2>\t\t<\/div>\n\t\t\t\t<\/div>\n\t\t\t\t\t<\/div>\n\t\t<\/div>\n\t\t\t\t\t\t\t<\/div>\n\t\t<\/section>\n\t\t\t\t<section class=\"elementor-section elementor-top-section elementor-element elementor-element-2215453 elementor-section-boxed elementor-section-height-default elementor-section-height-default\" data-id=\"2215453\" data-element_type=\"section\">\n\t\t\t\t\t\t<div class=\"elementor-container elementor-column-gap-default\">\n\t\t\t\t\t<div class=\"elementor-column elementor-col-100 elementor-top-column elementor-element elementor-element-85d887d\" data-id=\"85d887d\" data-element_type=\"column\">\n\t\t\t<div class=\"elementor-widget-wrap elementor-element-populated\">\n\t\t\t\t\t\t\t\t<div class=\"elementor-element elementor-element-ab2f1e1 elementor-widget elementor-widget-text-editor\" data-id=\"ab2f1e1\" data-element_type=\"widget\" data-widget_type=\"text-editor.default\">\n\t\t\t\t<div class=\"elementor-widget-container\">\n\t\t\t\t\t\t\t<p>Having been part of the team&#8217;s inaugural season in 2023, Florian Marino brings valuable familiarity with the team and expertise gained with the bike for the 2024 campaign. His determined willingness to surpass previous successes attests to his commitment to propel KM99 to new heights this season.\u00a0<\/p>\t\t\t\t\t\t<\/div>\n\t\t\t\t<\/div>\n\t\t\t\t\t<\/div>\n\t\t<\/div>\n\t\t\t\t\t\t\t<\/div>\n\t\t<\/section>\n\t\t\t\t<section class=\"elementor-section elementor-top-section elementor-element elementor-element-5cca148 elementor-section-boxed elementor-section-height-default elementor-section-height-default\" data-id=\"5cca148\" data-element_type=\"section\">\n\t\t\t\t\t\t<div class=\"elementor-container elementor-column-gap-default\">\n\t\t\t\t\t<div class=\"elementor-column elementor-col-100 elementor-top-column elementor-element elementor-element-d14c2b7\" data-id=\"d14c2b7\" data-element_type=\"column\">\n\t\t\t<div class=\"elementor-widget-wrap elementor-element-populated\">\n\t\t\t\t\t\t\t\t<div class=\"elementor-element elementor-element-2624632 elementor-widget elementor-widget-text-editor\" data-id=\"2624632\" data-element_type=\"widget\" data-widget_type=\"text-editor.default\">\n\t\t\t\t<div class=\"elementor-widget-container\">\n\t\t\t\t\t\t\t<p>Pr\u00e9sent lors de la saison inaugurale de l&#8217;\u00e9quipe en 2023, Florian Marino apporte une familiarit\u00e9 pr\u00e9cieuse avec l&#8217;\u00e9quipe ainsi qu&#8217;une expertise acquise avec la moto pour la campagne 2024. Sa volont\u00e9 affirm\u00e9e de surpasser les succ\u00e8s ant\u00e9rieurs atteste de son engagement \u00e0 propulser KM99 vers de nouveaux sommets pour cette saison.\u00a0<\/p>\t\t\t\t\t\t<\/div>\n\t\t\t\t<\/div>\n\t\t\t\t\t<\/div>\n\t\t<\/div>\n\t\t\t\t\t\t\t<\/div>\n\t\t<\/section>\n\t\t\t\t<section class=\"elementor-section elementor-top-section elementor-element elementor-element-f5dceb1 elementor-section-boxed elementor-section-height-default elementor-section-height-default\" data-id=\"f5dceb1\" data-element_type=\"section\">\n\t\t\t\t\t\t<div class=\"elementor-container elementor-column-gap-default\">\n\t\t\t\t\t<div class=\"elementor-column elementor-col-100 elementor-top-column elementor-element elementor-element-99036cb\" data-id=\"99036cb\" data-element_type=\"column\">\n\t\t\t<div class=\"elementor-widget-wrap elementor-element-populated\">\n\t\t\t\t\t\t\t\t<div class=\"elementor-element elementor-element-5131be7 elementor-widget elementor-widget-heading\" data-id=\"5131be7\" data-element_type=\"widget\" data-widget_type=\"heading.default\">\n\t\t\t\t<div class=\"elementor-widget-container\">\n\t\t\t<h2 class=\"elementor-heading-title elementor-size-default\">RANDY DE PUNIET <\/h2>\t\t<\/div>\n\t\t\t\t<\/div>\n\t\t\t\t\t<\/div>\n\t\t<\/div>\n\t\t\t\t\t\t\t<\/div>\n\t\t<\/section>\n\t\t\t\t<section class=\"elementor-section elementor-top-section elementor-element elementor-element-ebff972 elementor-section-boxed elementor-section-height-default elementor-section-height-default\" data-id=\"ebff972\" data-element_type=\"section\">\n\t\t\t\t\t\t<div class=\"elementor-container elementor-column-gap-default\">\n\t\t\t\t\t<div class=\"elementor-column elementor-col-100 elementor-top-column elementor-element elementor-element-4d173d6\" data-id=\"4d173d6\" data-element_type=\"column\">\n\t\t\t<div class=\"elementor-widget-wrap elementor-element-populated\">\n\t\t\t\t\t\t\t\t<div class=\"elementor-element elementor-element-c4ad06c elementor-widget elementor-widget-text-editor\" data-id=\"c4ad06c\" data-element_type=\"widget\" data-widget_type=\"text-editor.default\">\n\t\t\t\t<div class=\"elementor-widget-container\">\n\t\t\t\t\t\t\t<p>Renowned for his outstanding MotoGP career and his recent determination in the EWC, Randy De Puniet joins KM99 with a wealth of experience and an unparalleled desire to win a 24-hour race. There is no doubt that he will be an essential element in this new trio.\u00a0<\/p>\t\t\t\t\t\t<\/div>\n\t\t\t\t<\/div>\n\t\t\t\t\t<\/div>\n\t\t<\/div>\n\t\t\t\t\t\t\t<\/div>\n\t\t<\/section>\n\t\t\t\t<section class=\"elementor-section elementor-top-section elementor-element elementor-element-e3eeac8 elementor-section-boxed elementor-section-height-default elementor-section-height-default\" data-id=\"e3eeac8\" data-element_type=\"section\">\n\t\t\t\t\t\t<div class=\"elementor-container elementor-column-gap-default\">\n\t\t\t\t\t<div class=\"elementor-column elementor-col-100 elementor-top-column elementor-element elementor-element-48bb053\" data-id=\"48bb053\" data-element_type=\"column\">\n\t\t\t<div class=\"elementor-widget-wrap elementor-element-populated\">\n\t\t\t\t\t\t\t\t<div class=\"elementor-element elementor-element-eb225c8 elementor-widget elementor-widget-text-editor\" data-id=\"eb225c8\" data-element_type=\"widget\" data-widget_type=\"text-editor.default\">\n\t\t\t\t<div class=\"elementor-widget-container\">\n\t\t\t\t\t\t\t<p>Reconnu pour son parcours exceptionnel en MotoGP et sa d\u00e9termination ces derni\u00e8res ann\u00e9es en EWC, Randy De Puniet rejoint KM99 avec son bagage d&#8217;exp\u00e9rience et un d\u00e9sir in\u00e9gal\u00e9 de remporter une course de 24 heures. li n&#8217;y a aucun doute qu&#8217;il sera un \u00e9l\u00e9ment essentiel dans ce nouveau trio.\u00a0<\/p>\t\t\t\t\t\t<\/div>\n\t\t\t\t<\/div>\n\t\t\t\t\t<\/div>\n\t\t<\/div>\n\t\t\t\t\t\t\t<\/div>\n\t\t<\/section>\n\t\t\t\t<section class=\"elementor-section elementor-top-section elementor-element elementor-element-c901b8c elementor-section-boxed elementor-section-height-default elementor-section-height-default\" data-id=\"c901b8c\" data-element_type=\"section\">\n\t\t\t\t\t\t<div class=\"elementor-container elementor-column-gap-default\">\n\t\t\t\t\t<div class=\"elementor-column elementor-col-100 elementor-top-column elementor-element elementor-element-49aa63d\" data-id=\"49aa63d\" data-element_type=\"column\">\n\t\t\t<div class=\"elementor-widget-wrap elementor-element-populated\">\n\t\t\t\t\t\t\t\t<div class=\"elementor-element elementor-element-5066bfa elementor-widget elementor-widget-heading\" data-id=\"5066bfa\" data-element_type=\"widget\" data-widget_type=\"heading.default\">\n\t\t\t\t<div class=\"elementor-widget-container\">\n\t\t\t<h2 class=\"elementor-heading-title elementor-size-default\">JEREMY GUARNONI <\/h2>\t\t<\/div>\n\t\t\t\t<\/div>\n\t\t\t\t\t<\/div>\n\t\t<\/div>\n\t\t\t\t\t\t\t<\/div>\n\t\t<\/section>\n\t\t\t\t<section class=\"elementor-section elementor-top-section elementor-element elementor-element-fa76b35 elementor-section-boxed elementor-section-height-default elementor-section-height-default\" data-id=\"fa76b35\" data-element_type=\"section\">\n\t\t\t\t\t\t<div class=\"elementor-container elementor-column-gap-default\">\n\t\t\t\t\t<div class=\"elementor-column elementor-col-100 elementor-top-column elementor-element elementor-element-4652178\" data-id=\"4652178\" data-element_type=\"column\">\n\t\t\t<div class=\"elementor-widget-wrap elementor-element-populated\">\n\t\t\t\t\t\t\t\t<div class=\"elementor-element elementor-element-0a69b76 elementor-widget elementor-widget-text-editor\" data-id=\"0a69b76\" data-element_type=\"widget\" data-widget_type=\"text-editor.default\">\n\t\t\t\t<div class=\"elementor-widget-container\">\n\t\t\t\t\t\t\t<p>World champion in 2018-2019 in the discipline, J\u00e9r\u00e9my Guarnoni becomes a part of KM99 for the 2024 season. His three podium finishes last year demonstrate his consistency and expertise on all circuits of the championship, making him a valuable addition to complete this trio.\u00a0<\/p>\t\t\t\t\t\t<\/div>\n\t\t\t\t<\/div>\n\t\t\t\t\t<\/div>\n\t\t<\/div>\n\t\t\t\t\t\t\t<\/div>\n\t\t<\/section>\n\t\t\t\t<section class=\"elementor-section elementor-top-section elementor-element elementor-element-b26d5e5 elementor-section-boxed elementor-section-height-default elementor-section-height-default\" data-id=\"b26d5e5\" data-element_type=\"section\">\n\t\t\t\t\t\t<div class=\"elementor-container elementor-column-gap-default\">\n\t\t\t\t\t<div class=\"elementor-column elementor-col-100 elementor-top-column elementor-element elementor-element-ab63933\" data-id=\"ab63933\" data-element_type=\"column\">\n\t\t\t<div class=\"elementor-widget-wrap elementor-element-populated\">\n\t\t\t\t\t\t\t\t<div class=\"elementor-element elementor-element-a5eeff7 elementor-widget elementor-widget-text-editor\" data-id=\"a5eeff7\" data-element_type=\"widget\" data-widget_type=\"text-editor.default\">\n\t\t\t\t<div class=\"elementor-widget-container\">\n\t\t\t\t\t\t\t<p>Champion du monde en 2018-2019 dans la discipline, J\u00e9r\u00e9my Guarnoni int\u00e8gre KM99 pour la saison 2024. Ses trois podiums remport\u00e9s l&#8217;ann\u00e9e derni\u00e8re t\u00e9moignent de sa r\u00e9gularit\u00e9 et de son expertise sur tous les circuits du championnat, faisant de lui un \u00e9l\u00e9ment pr\u00e9cieux pour compl\u00e9ter ce trio.\u00a0<\/p>\t\t\t\t\t\t<\/div>\n\t\t\t\t<\/div>\n\t\t\t\t\t<\/div>\n\t\t<\/div>\n\t\t\t\t\t\t\t<\/div>\n\t\t<\/section>\n\t\t\t\t<section class=\"elementor-section elementor-top-section elementor-element elementor-element-e3ff595 elementor-section-boxed elementor-section-height-default elementor-section-height-default\" data-id=\"e3ff595\" data-element_type=\"section\">\n\t\t\t\t\t\t<div class=\"elementor-container elementor-column-gap-default\">\n\t\t\t\t\t<div class=\"elementor-column elementor-col-100 elementor-top-column elementor-element elementor-element-bce554a\" data-id=\"bce554a\" data-element_type=\"column\">\n\t\t\t<div class=\"elementor-widget-wrap elementor-element-populated\">\n\t\t\t\t\t\t\t\t<div class=\"elementor-element elementor-element-bf7a45c elementor-widget elementor-widget-image\" data-id=\"bf7a45c\" data-element_type=\"widget\" data-widget_type=\"image.default\">\n\t\t\t\t<div class=\"elementor-widget-container\">\n\t\t\t\t\t\t\t\t\t\t\t\t\t\t\t<img loading=\"lazy\" decoding=\"async\" width=\"128\" height=\"118\" src=\"https:\/\/www.spamotos.com\/wp-content\/uploads\/2023\/12\/Fichier-2.png\" class=\"attachment-medium_large size-medium_large\" alt=\"\" \/>\t\t\t\t\t\t\t\t\t\t\t\t\t\t\t<\/div>\n\t\t\t\t<\/div>\n\t\t\t\t\t<\/div>\n\t\t<\/div>\n\t\t\t\t\t\t\t<\/div>\n\t\t<\/section>\n\t\t\t\t<section class=\"elementor-section elementor-top-section elementor-element elementor-element-b85b009 elementor-section-boxed elementor-section-height-default elementor-section-height-default\" data-id=\"b85b009\" data-element_type=\"section\">\n\t\t\t\t\t\t<div class=\"elementor-container elementor-column-gap-default\">\n\t\t\t\t\t<div class=\"elementor-column elementor-col-100 elementor-top-column elementor-element elementor-element-909d53b\" data-id=\"909d53b\" data-element_type=\"column\">\n\t\t\t<div class=\"elementor-widget-wrap elementor-element-populated\">\n\t\t\t\t\t\t\t\t<div class=\"elementor-element elementor-element-97845f7 elementor-widget elementor-widget-text-editor\" data-id=\"97845f7\" data-element_type=\"widget\" data-widget_type=\"text-editor.default\">\n\t\t\t\t<div class=\"elementor-widget-container\">\n\t\t\t\t\t\t\t<p>Ga\u00ebtan Schyns, Team Owner, expresses excitement about this new line-up: &#8220;<em>I am extremely pleased to welcome Randy and J\u00e9r\u00e9my to our team for the 2024 season. With Florian, we have assembled three top-level riders, demonstrating our determination to compete with the best teams. I warmly welcome them and am convinced that we will achieve great things together!<\/em>&#8221;\u00a0<\/p>\t\t\t\t\t\t<\/div>\n\t\t\t\t<\/div>\n\t\t\t\t\t<\/div>\n\t\t<\/div>\n\t\t\t\t\t\t\t<\/div>\n\t\t<\/section>\n\t\t\t\t<section class=\"elementor-section elementor-top-section elementor-element elementor-element-812a9ed elementor-section-boxed elementor-section-height-default elementor-section-height-default\" data-id=\"812a9ed\" data-element_type=\"section\">\n\t\t\t\t\t\t<div class=\"elementor-container elementor-column-gap-default\">\n\t\t\t\t\t<div class=\"elementor-column elementor-col-100 elementor-top-column elementor-element elementor-element-74620d5\" data-id=\"74620d5\" data-element_type=\"column\">\n\t\t\t<div class=\"elementor-widget-wrap elementor-element-populated\">\n\t\t\t\t\t\t\t\t<div class=\"elementor-element elementor-element-b7d9848 elementor-widget elementor-widget-text-editor\" data-id=\"b7d9848\" data-element_type=\"widget\" data-widget_type=\"text-editor.default\">\n\t\t\t\t<div class=\"elementor-widget-container\">\n\t\t\t\t\t\t\t<p>Ga\u00ebtan Schyns, Team Owner, se r\u00e9jouit de cette nouvelle composition : &#8220;<i>Je suis extr\u00eamement heureux d&#8217;accueillir Randy et J\u00e9r\u00e9my au sein de notre \u00e9quipe pour la saison 2024. Avec Florian, nous avons rassembl\u00e9 trois pilotes de tr\u00e8s haut niveau, t\u00e9moignant de notre d\u00e9termination \u00e0 rivaliser avec les meilleures \u00e9quipes. Je leur souhaite la bienvenue et suis convaincu que nous accomplirons de grandes choses ensemble !&#8221;<\/i><\/p>\t\t\t\t\t\t<\/div>\n\t\t\t\t<\/div>\n\t\t\t\t\t<\/div>\n\t\t<\/div>\n\t\t\t\t\t\t\t<\/div>\n\t\t<\/section>\n\t\t\t\t<section class=\"elementor-section elementor-top-section elementor-element elementor-element-9ef6666 elementor-section-boxed elementor-section-height-default elementor-section-height-default\" data-id=\"9ef6666\" data-element_type=\"section\">\n\t\t\t\t\t\t<div class=\"elementor-container elementor-column-gap-default\">\n\t\t\t\t\t<div class=\"elementor-column elementor-col-100 elementor-top-column elementor-element elementor-element-f8e69ae\" data-id=\"f8e69ae\" data-element_type=\"column\">\n\t\t\t<div class=\"elementor-widget-wrap elementor-element-populated\">\n\t\t\t\t\t\t\t\t<div class=\"elementor-element elementor-element-5d6c927 elementor-widget elementor-widget-text-editor\" data-id=\"5d6c927\" data-element_type=\"widget\" data-widget_type=\"text-editor.default\">\n\t\t\t\t<div class=\"elementor-widget-container\">\n\t\t\t\t\t\t\t<p>ln its debut year in the championship in 2023, KM99 secured an impressive 10th place in the overall standings, laying a solid foundation for its future projects. Riding the Yamaha R1, the team aims to capitalize on this success and improve its performances this season, as expressed by Mario Kupper, Team Manager: &#8220;<i>2023 was a period of learning and challenges for us. We approach 2024 with more maturity and confidence. We are thrilled to continue with Florian Marino, a consistent performer from last year. He will undoubtedly be a leading rider again this year. After Luca&#8217;s departure, forming a cohesive trio was crucial. I am delighted to welcome Randy De Puniet and J\u00e9r\u00e9my Guarnoni to the KM99 team. Both these riders were on factory bikes last year. Their arrivai reflects the seriousness and ambitions of our project. With the ongoing support from Yamaha and Dunlop, we are eager to hit the track for the first tests and begin this new collaboration.<\/i>&#8221;&nbsp;<\/p>\t\t\t\t\t\t<\/div>\n\t\t\t\t<\/div>\n\t\t\t\t\t<\/div>\n\t\t<\/div>\n\t\t\t\t\t\t\t<\/div>\n\t\t<\/section>\n\t\t\t\t<section class=\"elementor-section elementor-top-section elementor-element elementor-element-a70084d elementor-section-boxed elementor-section-height-default elementor-section-height-default\" data-id=\"a70084d\" data-element_type=\"section\">\n\t\t\t\t\t\t<div class=\"elementor-container elementor-column-gap-default\">\n\t\t\t\t\t<div class=\"elementor-column elementor-col-100 elementor-top-column elementor-element elementor-element-1c657c4\" data-id=\"1c657c4\" data-element_type=\"column\">\n\t\t\t<div class=\"elementor-widget-wrap elementor-element-populated\">\n\t\t\t\t\t\t\t\t<div class=\"elementor-element elementor-element-b971060 elementor-widget elementor-widget-text-editor\" data-id=\"b971060\" data-element_type=\"widget\" data-widget_type=\"text-editor.default\">\n\t\t\t\t<div class=\"elementor-widget-container\">\n\t\t\t\t\t\t\t<p>Lors de sa premi\u00e8re ann\u00e9e dans le championnat en 2023, KM99 a obtenu une impressionnante 10\u00e8me place au classement g\u00e9n\u00e9ral, posant<i> <\/i>des bases solides pour ses projets futurs. Montant en selle d&#8217;une Yamaha Rl, l&#8217;\u00e9quipe vise \u00e0 capitaliser sur ce succ\u00e8s et \u00e0 am\u00e9liorer ses performances cette saison comme le t\u00e9moigne Mario Kupper, Team Manager: <i>\u00ab L&#8217;ann\u00e9e 2023 a \u00e9t\u00e9 pour nous une p\u00e9riode d&#8217;apprentissage et de d\u00e9fis. Nous abordons 2024 avec plus de maturit\u00e9 et s\u00e9r\u00e9nit\u00e9. Nous sommes ravis de repartir avec Florian Marino, pr\u00e9sent \u00e0 chaque rendez-vous l&#8217;ann\u00e9e derni\u00e8re. Il sera sans aucun doute \u00e0 nouveau un pilote de pointe cette ann\u00e9e. Apr\u00e8s le d\u00e9part de Luca, il \u00e9tait crucial de former un trio homog\u00e8ne. Je suis heureux d&#8217;accueillir Randy De Puniet et J\u00e9r\u00e9my Guarnoni dans l&#8217;\u00e9quipe KM99. Ces deux pilotes \u00e9voluaient sur une moto d&#8217;usine l&#8217;ann\u00e9e derni\u00e8re. Leur arriv\u00e9e t\u00e9moigne du s\u00e9rieux et des ambitions de notre projet. Avec le soutien continu de Yamaha et Dunlop, nous sommes impatients d&#8217;\u00eatre aux premiers essais pour d\u00e9buter cette nouvelle collaboration. \u00bb\u00a0<\/i><\/p>\t\t\t\t\t\t<\/div>\n\t\t\t\t<\/div>\n\t\t\t\t\t<\/div>\n\t\t<\/div>\n\t\t\t\t\t\t\t<\/div>\n\t\t<\/section>\n\t\t\t\t<section class=\"elementor-section elementor-top-section elementor-element elementor-element-f123dde elementor-section-boxed elementor-section-height-default elementor-section-height-default\" data-id=\"f123dde\" data-element_type=\"section\">\n\t\t\t\t\t\t<div class=\"elementor-container elementor-column-gap-default\">\n\t\t\t\t\t<div class=\"elementor-column elementor-col-100 elementor-top-column elementor-element elementor-element-44ee65c\" data-id=\"44ee65c\" data-element_type=\"column\">\n\t\t\t<div class=\"elementor-widget-wrap elementor-element-populated\">\n\t\t\t\t\t\t\t\t<div class=\"elementor-element elementor-element-88705e7 elementor-widget elementor-widget-text-editor\" data-id=\"88705e7\" data-element_type=\"widget\" data-widget_type=\"text-editor.default\">\n\t\t\t\t<div class=\"elementor-widget-container\">\n\t\t\t\t\t\t\t<p>The 2024 FIM EWC season will kick off in April with the prestigious 24 Heures Motos at Le Mans. Pre-season tests, scheduled for early March in Spain, will provide the team with an opportunity to prepare for the upcoming challenges and fine-tune its readiness for a promising 2024 campaign.\u00a0<i>\u00a0<\/i><\/p>\t\t\t\t\t\t<\/div>\n\t\t\t\t<\/div>\n\t\t\t\t\t<\/div>\n\t\t<\/div>\n\t\t\t\t\t\t\t<\/div>\n\t\t<\/section>\n\t\t\t\t<section class=\"elementor-section elementor-top-section elementor-element elementor-element-b7a68ce elementor-section-boxed elementor-section-height-default elementor-section-height-default\" data-id=\"b7a68ce\" data-element_type=\"section\">\n\t\t\t\t\t\t<div class=\"elementor-container elementor-column-gap-default\">\n\t\t\t\t\t<div class=\"elementor-column elementor-col-100 elementor-top-column elementor-element elementor-element-50fc9c1\" data-id=\"50fc9c1\" data-element_type=\"column\">\n\t\t\t<div class=\"elementor-widget-wrap elementor-element-populated\">\n\t\t\t\t\t\t\t\t<div class=\"elementor-element elementor-element-9d12e4f elementor-widget elementor-widget-text-editor\" data-id=\"9d12e4f\" data-element_type=\"widget\" data-widget_type=\"text-editor.default\">\n\t\t\t\t<div class=\"elementor-widget-container\">\n\t\t\t\t\t\t\t<p>La saison 2024 du FIM EWC d\u00e9butera en avril avec les prestigieuses 24 Heures Motos au Mans. Les essais de pr\u00e9-saison, pr\u00e9vus d\u00e9but mars en Espagne, offriront \u00e0 l&#8217;\u00e9quipe l&#8217;opportunit\u00e9 de se pr\u00e9parer aux d\u00e9fis \u00e0 venir et de peaufiner sa pr\u00e9paration pour une campagne 2024 prometteuse.\u00a0<\/p>\t\t\t\t\t\t<\/div>\n\t\t\t\t<\/div>\n\t\t\t\t\t<\/div>\n\t\t<\/div>\n\t\t\t\t\t\t\t<\/div>\n\t\t<\/section>\n\t\t\t\t<section class=\"elementor-section elementor-top-section elementor-element elementor-element-b1baf7c elementor-section-boxed elementor-section-height-default elementor-section-height-default\" data-id=\"b1baf7c\" data-element_type=\"section\">\n\t\t\t\t\t\t<div class=\"elementor-container elementor-column-gap-default\">\n\t\t\t\t\t<div class=\"elementor-column elementor-col-50 elementor-top-column elementor-element elementor-element-b25309f\" data-id=\"b25309f\" data-element_type=\"column\">\n\t\t\t<div class=\"elementor-widget-wrap elementor-element-populated\">\n\t\t\t\t\t\t\t\t<div class=\"elementor-element elementor-element-ed53ca8 elementor-widget elementor-widget-image\" data-id=\"ed53ca8\" data-element_type=\"widget\" data-widget_type=\"image.default\">\n\t\t\t\t<div class=\"elementor-widget-container\">\n\t\t\t\t\t\t\t\t\t\t\t\t\t\t\t<img loading=\"lazy\" decoding=\"async\" width=\"722\" height=\"1078\" src=\"https:\/\/www.spamotos.com\/wp-content\/uploads\/2023\/12\/Capture-decran-2023-12-01-121231.png\" class=\"attachment-2048x2048 size-2048x2048\" alt=\"\" srcset=\"https:\/\/www.spamotos.com\/wp-content\/uploads\/2023\/12\/Capture-decran-2023-12-01-121231.png 722w, https:\/\/www.spamotos.com\/wp-content\/uploads\/2023\/12\/Capture-decran-2023-12-01-121231-201x300.png 201w, https:\/\/www.spamotos.com\/wp-content\/uploads\/2023\/12\/Capture-decran-2023-12-01-121231-686x1024.png 686w\" sizes=\"(max-width: 722px) 100vw, 722px\" \/>\t\t\t\t\t\t\t\t\t\t\t\t\t\t\t<\/div>\n\t\t\t\t<\/div>\n\t\t\t\t<div class=\"elementor-element elementor-element-c0fcff9 elementor-widget elementor-widget-heading\" data-id=\"c0fcff9\" data-element_type=\"widget\" data-widget_type=\"heading.default\">\n\t\t\t\t<div class=\"elementor-widget-container\">\n\t\t\t<h2 class=\"elementor-heading-title elementor-size-default\">GA\u00cbTAN SCHYNS<\/h2>\t\t<\/div>\n\t\t\t\t<\/div>\n\t\t\t\t\t<\/div>\n\t\t<\/div>\n\t\t\t\t<div class=\"elementor-column elementor-col-50 elementor-top-column elementor-element elementor-element-8ee6d59\" data-id=\"8ee6d59\" data-element_type=\"column\">\n\t\t\t<div class=\"elementor-widget-wrap elementor-element-populated\">\n\t\t\t\t\t\t\t\t<div class=\"elementor-element elementor-element-6fecf31 elementor-widget elementor-widget-image\" data-id=\"6fecf31\" data-element_type=\"widget\" data-widget_type=\"image.default\">\n\t\t\t\t<div class=\"elementor-widget-container\">\n\t\t\t\t\t\t\t\t\t\t\t\t\t\t\t<img loading=\"lazy\" decoding=\"async\" width=\"684\" height=\"1024\" src=\"https:\/\/www.spamotos.com\/wp-content\/uploads\/2023\/12\/Capture-decran-2023-12-01-121256-684x1024.png\" class=\"attachment-large size-large\" alt=\"\" srcset=\"https:\/\/www.spamotos.com\/wp-content\/uploads\/2023\/12\/Capture-decran-2023-12-01-121256-684x1024.png 684w, https:\/\/www.spamotos.com\/wp-content\/uploads\/2023\/12\/Capture-decran-2023-12-01-121256-200x300.png 200w, https:\/\/www.spamotos.com\/wp-content\/uploads\/2023\/12\/Capture-decran-2023-12-01-121256.png 721w\" sizes=\"(max-width: 684px) 100vw, 684px\" \/>\t\t\t\t\t\t\t\t\t\t\t\t\t\t\t<\/div>\n\t\t\t\t<\/div>\n\t\t\t\t<div class=\"elementor-element elementor-element-b621a40 elementor-widget elementor-widget-heading\" data-id=\"b621a40\" data-element_type=\"widget\" data-widget_type=\"heading.default\">\n\t\t\t\t<div class=\"elementor-widget-container\">\n\t\t\t<h2 class=\"elementor-heading-title elementor-size-default\">MARIO KUPPER<\/h2>\t\t<\/div>\n\t\t\t\t<\/div>\n\t\t\t\t\t<\/div>\n\t\t<\/div>\n\t\t\t\t\t\t\t<\/div>\n\t\t<\/section>\n\t\t\t\t<section class=\"elementor-section elementor-top-section elementor-element elementor-element-9c49604 elementor-section-boxed elementor-section-height-default elementor-section-height-default\" data-id=\"9c49604\" data-element_type=\"section\">\n\t\t\t\t\t\t<div class=\"elementor-container elementor-column-gap-default\">\n\t\t\t\t\t<div class=\"elementor-column elementor-col-100 elementor-top-column elementor-element elementor-element-f768387\" data-id=\"f768387\" data-element_type=\"column\">\n\t\t\t<div class=\"elementor-widget-wrap elementor-element-populated\">\n\t\t\t\t\t\t\t\t<div class=\"elementor-element elementor-element-f516e26 elementor-widget elementor-widget-spacer\" data-id=\"f516e26\" data-element_type=\"widget\" data-widget_type=\"spacer.default\">\n\t\t\t\t<div class=\"elementor-widget-container\">\n\t\t\t<style>\/*! elementor - v3.8.1 - 13-11-2022 *\/\n.elementor-column .elementor-spacer-inner{height:var(--spacer-size)}.e-con{--container-widget-width:100%}.e-con-inner>.elementor-widget-spacer,.e-con>.elementor-widget-spacer{width:var(--container-widget-width,var(--spacer-size));-ms-flex-item-align:stretch;align-self:stretch;-ms-flex-negative:0;flex-shrink:0}.e-con-inner>.elementor-widget-spacer>.elementor-widget-container,.e-con-inner>.elementor-widget-spacer>.elementor-widget-container>.elementor-spacer,.e-con>.elementor-widget-spacer>.elementor-widget-container,.e-con>.elementor-widget-spacer>.elementor-widget-container>.elementor-spacer{height:100%}.e-con-inner>.elementor-widget-spacer>.elementor-widget-container>.elementor-spacer>.elementor-spacer-inner,.e-con>.elementor-widget-spacer>.elementor-widget-container>.elementor-spacer>.elementor-spacer-inner{height:var(--container-widget-height,var(--spacer-size))}<\/style>\t\t<div class=\"elementor-spacer\">\n\t\t\t<div class=\"elementor-spacer-inner\"><\/div>\n\t\t<\/div>\n\t\t\t\t<\/div>\n\t\t\t\t<\/div>\n\t\t\t\t<div class=\"elementor-element elementor-element-0d12d18 elementor-align-center elementor-widget elementor-widget-button\" data-id=\"0d12d18\" data-element_type=\"widget\" data-widget_type=\"button.default\">\n\t\t\t\t<div class=\"elementor-widget-container\">\n\t\t\t\t\t<div class=\"elementor-button-wrapper\">\n\t\t\t<a href=\"https:\/\/www.km99.be\/fr\/km99-devoile-son-trio-de-pilotes-pour-le-championnat-du-monde-dendurance-2024_news_8c240d.html\" target=\"_blank\" class=\"elementor-button-link elementor-button elementor-size-sm\" role=\"button\">\n\t\t\t\t\t\t<span class=\"elementor-button-content-wrapper\">\n\t\t\t\t\t\t<span class=\"elementor-button-text\">Acc\u00e8der au communiqu\u00e9 \/  Access the press release<\/span>\n\t\t<\/span>\n\t\t\t\t\t<\/a>\n\t\t<\/div>\n\t\t\t\t<\/div>\n\t\t\t\t<\/div>\n\t\t\t\t\t<\/div>\n\t\t<\/div>\n\t\t\t\t\t\t\t<\/div>\n\t\t<\/section>\n\t\t\t\t\t\t\t<\/div>\n\t\t","protected":false},"excerpt":{"rendered":"<p>KM99 UNVEILS ITS LINE-UP OF RIDERS FOR THE 2024 FIM ENDURANCE WORLD CHAMPIONSHIP KM99 DEVOILE SON TRIO DE PILOTES POUR LE CHAMPIONNAT DU MONDE D&#8217;ENDURANCE 2024 Following the confirmation of the 2024 FIM Endurance World Championship calendar a few weeks age, KM99 can officially disclose the names of the riders who will represent the team [&hellip;]<\/p>\n","protected":false},"author":1,"featured_media":5087,"comment_status":"closed","ping_status":"open","sticky":false,"template":"","format":"standard","meta":{"footnotes":""},"categories":[62,64],"tags":[],"acf":[],"yoast_head":"<!-- This site is optimized with the Yoast SEO plugin v21.6 - https:\/\/yoast.com\/wordpress\/plugins\/seo\/ -->\n<title>KM99 UNVEILS ITS LINE-UP OF RIDERS FOR THE 2024 FIM ENDURANCE WORLD CHAMPIONSHIP - 8h SPA Motos<\/title>\n<meta name=\"robots\" content=\"index, follow, max-snippet:-1, max-image-preview:large, max-video-preview:-1\" \/>\n<link rel=\"canonical\" href=\"https:\/\/www.spamotos.com\/en\/km99-unveils-its-line-up-of-riders-for-the-2024-fim-endurance-world-championship\/\" \/>\n<meta property=\"og:locale\" content=\"en_US\" \/>\n<meta property=\"og:type\" content=\"article\" \/>\n<meta property=\"og:title\" content=\"KM99 UNVEILS ITS LINE-UP OF RIDERS FOR THE 2024 FIM ENDURANCE WORLD CHAMPIONSHIP - 8h SPA Motos\" \/>\n<meta property=\"og:description\" content=\"KM99 UNVEILS ITS LINE-UP OF RIDERS FOR THE 2024 FIM ENDURANCE WORLD CHAMPIONSHIP KM99 DEVOILE SON TRIO DE PILOTES POUR LE CHAMPIONNAT DU MONDE D&#8217;ENDURANCE 2024 Following the confirmation of the 2024 FIM Endurance World Championship calendar a few weeks age, KM99 can officially disclose the names of the riders who will represent the team [&hellip;]\" \/>\n<meta property=\"og:url\" content=\"https:\/\/www.spamotos.com\/en\/km99-unveils-its-line-up-of-riders-for-the-2024-fim-endurance-world-championship\/\" \/>\n<meta property=\"og:site_name\" content=\"8h SPA Motos\" \/>\n<meta property=\"article:publisher\" content=\"https:\/\/www.facebook.com\/24hspamotos\" \/>\n<meta property=\"article:published_time\" content=\"2023-12-01T10:53:01+00:00\" \/>\n<meta property=\"article:modified_time\" content=\"2026-03-05T16:02:07+00:00\" \/>\n<meta property=\"og:image\" content=\"https:\/\/www.spamotos.com\/wp-content\/uploads\/2023\/12\/Fichier-1.png\" \/>\n\t<meta property=\"og:image:width\" content=\"802\" \/>\n\t<meta property=\"og:image:height\" content=\"536\" \/>\n\t<meta property=\"og:image:type\" content=\"image\/png\" \/>\n<meta name=\"author\" content=\"Administrateur\" \/>\n<meta name=\"twitter:card\" content=\"summary_large_image\" \/>\n<meta name=\"twitter:creator\" content=\"@24hspamotos\" \/>\n<meta name=\"twitter:site\" content=\"@24hspamotos\" \/>\n<script type=\"application\/ld+json\" class=\"yoast-schema-graph\">{\"@context\":\"https:\/\/schema.org\",\"@graph\":[{\"@type\":\"Article\",\"@id\":\"https:\/\/www.spamotos.com\/en\/km99-unveils-its-line-up-of-riders-for-the-2024-fim-endurance-world-championship\/#article\",\"isPartOf\":{\"@id\":\"https:\/\/www.spamotos.com\/en\/km99-unveils-its-line-up-of-riders-for-the-2024-fim-endurance-world-championship\/\"},\"author\":{\"name\":\"Administrateur\",\"@id\":\"https:\/\/www.spamotos.com\/en\/#\/schema\/person\/6c5133ba53ed7caade8af07521ce45ce\"},\"headline\":\"KM99 UNVEILS ITS LINE-UP OF RIDERS FOR THE 2024 FIM ENDURANCE WORLD CHAMPIONSHIP\",\"datePublished\":\"2023-12-01T10:53:01+00:00\",\"dateModified\":\"2026-03-05T16:02:07+00:00\",\"mainEntityOfPage\":{\"@id\":\"https:\/\/www.spamotos.com\/en\/km99-unveils-its-line-up-of-riders-for-the-2024-fim-endurance-world-championship\/\"},\"wordCount\":1077,\"publisher\":{\"@id\":\"https:\/\/www.spamotos.com\/en\/#organization\"},\"articleSection\":[\"2024 Season\",\"Team News\"],\"inLanguage\":\"en-US\"},{\"@type\":\"WebPage\",\"@id\":\"https:\/\/www.spamotos.com\/en\/km99-unveils-its-line-up-of-riders-for-the-2024-fim-endurance-world-championship\/\",\"url\":\"https:\/\/www.spamotos.com\/en\/km99-unveils-its-line-up-of-riders-for-the-2024-fim-endurance-world-championship\/\",\"name\":\"KM99 UNVEILS ITS LINE-UP OF RIDERS FOR THE 2024 FIM ENDURANCE WORLD CHAMPIONSHIP - 8h SPA Motos\",\"isPartOf\":{\"@id\":\"https:\/\/www.spamotos.com\/en\/#website\"},\"datePublished\":\"2023-12-01T10:53:01+00:00\",\"dateModified\":\"2026-03-05T16:02:07+00:00\",\"breadcrumb\":{\"@id\":\"https:\/\/www.spamotos.com\/en\/km99-unveils-its-line-up-of-riders-for-the-2024-fim-endurance-world-championship\/#breadcrumb\"},\"inLanguage\":\"en-US\",\"potentialAction\":[{\"@type\":\"ReadAction\",\"target\":[\"https:\/\/www.spamotos.com\/en\/km99-unveils-its-line-up-of-riders-for-the-2024-fim-endurance-world-championship\/\"]}]},{\"@type\":\"BreadcrumbList\",\"@id\":\"https:\/\/www.spamotos.com\/en\/km99-unveils-its-line-up-of-riders-for-the-2024-fim-endurance-world-championship\/#breadcrumb\",\"itemListElement\":[{\"@type\":\"ListItem\",\"position\":1,\"name\":\"Accueil\",\"item\":\"https:\/\/www.spamotos.com\/en\/\"},{\"@type\":\"ListItem\",\"position\":2,\"name\":\"KM99 UNVEILS ITS LINE-UP OF RIDERS FOR THE 2024 FIM ENDURANCE WORLD CHAMPIONSHIP\"}]},{\"@type\":\"WebSite\",\"@id\":\"https:\/\/www.spamotos.com\/en\/#website\",\"url\":\"https:\/\/www.spamotos.com\/en\/\",\"name\":\"8h SPA Motos\",\"description\":\"Un site utilisant WordPress\",\"publisher\":{\"@id\":\"https:\/\/www.spamotos.com\/en\/#organization\"},\"potentialAction\":[{\"@type\":\"SearchAction\",\"target\":{\"@type\":\"EntryPoint\",\"urlTemplate\":\"https:\/\/www.spamotos.com\/en\/?s={search_term_string}\"},\"query-input\":\"required name=search_term_string\"}],\"inLanguage\":\"en-US\"},{\"@type\":\"Organization\",\"@id\":\"https:\/\/www.spamotos.com\/en\/#organization\",\"name\":\"8h SPA Motos\",\"url\":\"https:\/\/www.spamotos.com\/en\/\",\"logo\":{\"@type\":\"ImageObject\",\"inLanguage\":\"en-US\",\"@id\":\"https:\/\/www.spamotos.com\/en\/#\/schema\/logo\/image\/\",\"url\":\"https:\/\/www.spamotos.com\/wp-content\/uploads\/2023\/11\/cropped-8Hours-Positif-test-2.png\",\"contentUrl\":\"https:\/\/www.spamotos.com\/wp-content\/uploads\/2023\/11\/cropped-8Hours-Positif-test-2.png\",\"width\":443,\"height\":200,\"caption\":\"8h SPA Motos\"},\"image\":{\"@id\":\"https:\/\/www.spamotos.com\/en\/#\/schema\/logo\/image\/\"},\"sameAs\":[\"https:\/\/www.facebook.com\/24hspamotos\",\"https:\/\/twitter.com\/24hspamotos\",\"https:\/\/www.instagram.com\/24hspamotos\",\"https:\/\/www.tiktok.com\/@24hspamotos\"]},{\"@type\":\"Person\",\"@id\":\"https:\/\/www.spamotos.com\/en\/#\/schema\/person\/6c5133ba53ed7caade8af07521ce45ce\",\"name\":\"Administrateur\",\"sameAs\":[\"https:\/\/www.spamotos.com\/wp-cms\"]}]}<\/script>\n<!-- \/ Yoast SEO plugin. -->","yoast_head_json":{"title":"KM99 UNVEILS ITS LINE-UP OF RIDERS FOR THE 2024 FIM ENDURANCE WORLD CHAMPIONSHIP - 8h SPA Motos","robots":{"index":"index","follow":"follow","max-snippet":"max-snippet:-1","max-image-preview":"max-image-preview:large","max-video-preview":"max-video-preview:-1"},"canonical":"https:\/\/www.spamotos.com\/en\/km99-unveils-its-line-up-of-riders-for-the-2024-fim-endurance-world-championship\/","og_locale":"en_US","og_type":"article","og_title":"KM99 UNVEILS ITS LINE-UP OF RIDERS FOR THE 2024 FIM ENDURANCE WORLD CHAMPIONSHIP - 8h SPA Motos","og_description":"KM99 UNVEILS ITS LINE-UP OF RIDERS FOR THE 2024 FIM ENDURANCE WORLD CHAMPIONSHIP KM99 DEVOILE SON TRIO DE PILOTES POUR LE CHAMPIONNAT DU MONDE D&#8217;ENDURANCE 2024 Following the confirmation of the 2024 FIM Endurance World Championship calendar a few weeks age, KM99 can officially disclose the names of the riders who will represent the team [&hellip;]","og_url":"https:\/\/www.spamotos.com\/en\/km99-unveils-its-line-up-of-riders-for-the-2024-fim-endurance-world-championship\/","og_site_name":"8h SPA Motos","article_publisher":"https:\/\/www.facebook.com\/24hspamotos","article_published_time":"2023-12-01T10:53:01+00:00","article_modified_time":"2026-03-05T16:02:07+00:00","og_image":[{"width":802,"height":536,"url":"https:\/\/www.spamotos.com\/wp-content\/uploads\/2023\/12\/Fichier-1.png","type":"image\/png"}],"author":"Administrateur","twitter_card":"summary_large_image","twitter_creator":"@24hspamotos","twitter_site":"@24hspamotos","schema":{"@context":"https:\/\/schema.org","@graph":[{"@type":"Article","@id":"https:\/\/www.spamotos.com\/en\/km99-unveils-its-line-up-of-riders-for-the-2024-fim-endurance-world-championship\/#article","isPartOf":{"@id":"https:\/\/www.spamotos.com\/en\/km99-unveils-its-line-up-of-riders-for-the-2024-fim-endurance-world-championship\/"},"author":{"name":"Administrateur","@id":"https:\/\/www.spamotos.com\/en\/#\/schema\/person\/6c5133ba53ed7caade8af07521ce45ce"},"headline":"KM99 UNVEILS ITS LINE-UP OF RIDERS FOR THE 2024 FIM ENDURANCE WORLD CHAMPIONSHIP","datePublished":"2023-12-01T10:53:01+00:00","dateModified":"2026-03-05T16:02:07+00:00","mainEntityOfPage":{"@id":"https:\/\/www.spamotos.com\/en\/km99-unveils-its-line-up-of-riders-for-the-2024-fim-endurance-world-championship\/"},"wordCount":1077,"publisher":{"@id":"https:\/\/www.spamotos.com\/en\/#organization"},"articleSection":["2024 Season","Team News"],"inLanguage":"en-US"},{"@type":"WebPage","@id":"https:\/\/www.spamotos.com\/en\/km99-unveils-its-line-up-of-riders-for-the-2024-fim-endurance-world-championship\/","url":"https:\/\/www.spamotos.com\/en\/km99-unveils-its-line-up-of-riders-for-the-2024-fim-endurance-world-championship\/","name":"KM99 UNVEILS ITS LINE-UP OF RIDERS FOR THE 2024 FIM ENDURANCE WORLD CHAMPIONSHIP - 8h SPA Motos","isPartOf":{"@id":"https:\/\/www.spamotos.com\/en\/#website"},"datePublished":"2023-12-01T10:53:01+00:00","dateModified":"2026-03-05T16:02:07+00:00","breadcrumb":{"@id":"https:\/\/www.spamotos.com\/en\/km99-unveils-its-line-up-of-riders-for-the-2024-fim-endurance-world-championship\/#breadcrumb"},"inLanguage":"en-US","potentialAction":[{"@type":"ReadAction","target":["https:\/\/www.spamotos.com\/en\/km99-unveils-its-line-up-of-riders-for-the-2024-fim-endurance-world-championship\/"]}]},{"@type":"BreadcrumbList","@id":"https:\/\/www.spamotos.com\/en\/km99-unveils-its-line-up-of-riders-for-the-2024-fim-endurance-world-championship\/#breadcrumb","itemListElement":[{"@type":"ListItem","position":1,"name":"Accueil","item":"https:\/\/www.spamotos.com\/en\/"},{"@type":"ListItem","position":2,"name":"KM99 UNVEILS ITS LINE-UP OF RIDERS FOR THE 2024 FIM ENDURANCE WORLD CHAMPIONSHIP"}]},{"@type":"WebSite","@id":"https:\/\/www.spamotos.com\/en\/#website","url":"https:\/\/www.spamotos.com\/en\/","name":"8h SPA Motos","description":"Un site utilisant WordPress","publisher":{"@id":"https:\/\/www.spamotos.com\/en\/#organization"},"potentialAction":[{"@type":"SearchAction","target":{"@type":"EntryPoint","urlTemplate":"https:\/\/www.spamotos.com\/en\/?s={search_term_string}"},"query-input":"required name=search_term_string"}],"inLanguage":"en-US"},{"@type":"Organization","@id":"https:\/\/www.spamotos.com\/en\/#organization","name":"8h SPA Motos","url":"https:\/\/www.spamotos.com\/en\/","logo":{"@type":"ImageObject","inLanguage":"en-US","@id":"https:\/\/www.spamotos.com\/en\/#\/schema\/logo\/image\/","url":"https:\/\/www.spamotos.com\/wp-content\/uploads\/2023\/11\/cropped-8Hours-Positif-test-2.png","contentUrl":"https:\/\/www.spamotos.com\/wp-content\/uploads\/2023\/11\/cropped-8Hours-Positif-test-2.png","width":443,"height":200,"caption":"8h SPA Motos"},"image":{"@id":"https:\/\/www.spamotos.com\/en\/#\/schema\/logo\/image\/"},"sameAs":["https:\/\/www.facebook.com\/24hspamotos","https:\/\/twitter.com\/24hspamotos","https:\/\/www.instagram.com\/24hspamotos","https:\/\/www.tiktok.com\/@24hspamotos"]},{"@type":"Person","@id":"https:\/\/www.spamotos.com\/en\/#\/schema\/person\/6c5133ba53ed7caade8af07521ce45ce","name":"Administrateur","sameAs":["https:\/\/www.spamotos.com\/wp-cms"]}]}},"_links":{"self":[{"href":"https:\/\/www.spamotos.com\/en\/wp-json\/wp\/v2\/posts\/5170"}],"collection":[{"href":"https:\/\/www.spamotos.com\/en\/wp-json\/wp\/v2\/posts"}],"about":[{"href":"https:\/\/www.spamotos.com\/en\/wp-json\/wp\/v2\/types\/post"}],"author":[{"embeddable":true,"href":"https:\/\/www.spamotos.com\/en\/wp-json\/wp\/v2\/users\/1"}],"replies":[{"embeddable":true,"href":"https:\/\/www.spamotos.com\/en\/wp-json\/wp\/v2\/comments?post=5170"}],"version-history":[{"count":5,"href":"https:\/\/www.spamotos.com\/en\/wp-json\/wp\/v2\/posts\/5170\/revisions"}],"predecessor-version":[{"id":11500,"href":"https:\/\/www.spamotos.com\/en\/wp-json\/wp\/v2\/posts\/5170\/revisions\/11500"}],"wp:featuredmedia":[{"embeddable":true,"href":"https:\/\/www.spamotos.com\/en\/wp-json\/wp\/v2\/media\/5087"}],"wp:attachment":[{"href":"https:\/\/www.spamotos.com\/en\/wp-json\/wp\/v2\/media?parent=5170"}],"wp:term":[{"taxonomy":"category","embeddable":true,"href":"https:\/\/www.spamotos.com\/en\/wp-json\/wp\/v2\/categories?post=5170"},{"taxonomy":"post_tag","embeddable":true,"href":"https:\/\/www.spamotos.com\/en\/wp-json\/wp\/v2\/tags?post=5170"}],"curies":[{"name":"wp","href":"https:\/\/api.w.org\/{rel}","templated":true}]}}