{"id":5423,"date":"2023-12-18T17:28:35","date_gmt":"2023-12-18T16:28:35","guid":{"rendered":"https:\/\/www.spamotos.com\/?p=5423"},"modified":"2026-03-05T17:00:33","modified_gmt":"2026-03-05T16:00:33","slug":"three-poles-with-an-ewc-goal-as-wojcik-racing-team-reveals-new-77-line-up","status":"publish","type":"post","link":"https:\/\/www.spamotos.com\/en\/three-poles-with-an-ewc-goal-as-wojcik-racing-team-reveals-new-77-line-up\/","title":{"rendered":"THREE POLES WITH AN EWC GOAL AS W\u00d3JCIK RACING TEAM REVEALS NEW #77 LINE-UP"},"content":{"rendered":"\t\t<div data-elementor-type=\"wp-post\" data-elementor-id=\"5423\" class=\"elementor elementor-5423 elementor-5409\">\n\t\t\t\t\t\t\t\t\t<section class=\"elementor-section elementor-top-section elementor-element elementor-element-d03a70e elementor-section-boxed elementor-section-height-default elementor-section-height-default\" data-id=\"d03a70e\" data-element_type=\"section\">\n\t\t\t\t\t\t<div class=\"elementor-container elementor-column-gap-default\">\n\t\t\t\t\t<div class=\"elementor-column elementor-col-100 elementor-top-column elementor-element elementor-element-d1948aa\" data-id=\"d1948aa\" data-element_type=\"column\">\n\t\t\t<div class=\"elementor-widget-wrap elementor-element-populated\">\n\t\t\t\t\t\t\t\t<div class=\"elementor-element elementor-element-385450f elementor-widget elementor-widget-heading\" data-id=\"385450f\" data-element_type=\"widget\" data-widget_type=\"heading.default\">\n\t\t\t\t<div class=\"elementor-widget-container\">\n\t\t\t<style>\/*! elementor - v3.8.1 - 13-11-2022 *\/\n.elementor-heading-title{padding:0;margin:0;line-height:1}.elementor-widget-heading .elementor-heading-title[class*=elementor-size-]>a{color:inherit;font-size:inherit;line-height:inherit}.elementor-widget-heading .elementor-heading-title.elementor-size-small{font-size:15px}.elementor-widget-heading .elementor-heading-title.elementor-size-medium{font-size:19px}.elementor-widget-heading .elementor-heading-title.elementor-size-large{font-size:29px}.elementor-widget-heading .elementor-heading-title.elementor-size-xl{font-size:39px}.elementor-widget-heading .elementor-heading-title.elementor-size-xxl{font-size:59px}<\/style><h2 class=\"elementor-heading-title elementor-size-default\">THREE POLES WITH AN EWC GOAL AS W\u00d3JCIK RACING TEAM REVEALS NEW #77 LINE-UP\n<\/h2>\t\t<\/div>\n\t\t\t\t<\/div>\n\t\t\t\t<div class=\"elementor-element elementor-element-29b1f45 elementor-widget elementor-widget-heading\" data-id=\"29b1f45\" data-element_type=\"widget\" data-widget_type=\"heading.default\">\n\t\t\t\t<div class=\"elementor-widget-container\">\n\t\t\t<h2 class=\"elementor-heading-title elementor-size-default\">LE W\u00d3JCIK RACING TEAM D\u00c9VOILE UN \u00c9QUIPAGE N\u00b0 77 ENTI\u00c8REMENT POLONAIS POUR L\u2019EWC<\/h2>\t\t<\/div>\n\t\t\t\t<\/div>\n\t\t\t\t\t<\/div>\n\t\t<\/div>\n\t\t\t\t\t\t\t<\/div>\n\t\t<\/section>\n\t\t\t\t<section class=\"elementor-section elementor-top-section elementor-element elementor-element-8fc1023 elementor-section-boxed elementor-section-height-default elementor-section-height-default\" data-id=\"8fc1023\" data-element_type=\"section\">\n\t\t\t\t\t\t<div class=\"elementor-container elementor-column-gap-default\">\n\t\t\t\t\t<div class=\"elementor-column elementor-col-100 elementor-top-column elementor-element elementor-element-cafe817\" data-id=\"cafe817\" data-element_type=\"column\">\n\t\t\t<div class=\"elementor-widget-wrap elementor-element-populated\">\n\t\t\t\t\t\t\t\t<div class=\"elementor-element elementor-element-6bb8464 elementor-widget elementor-widget-image\" data-id=\"6bb8464\" data-element_type=\"widget\" data-widget_type=\"image.default\">\n\t\t\t\t<div class=\"elementor-widget-container\">\n\t\t\t<style>\/*! elementor - v3.8.1 - 13-11-2022 *\/\n.elementor-widget-image{text-align:center}.elementor-widget-image a{display:inline-block}.elementor-widget-image a img[src$=\".svg\"]{width:48px}.elementor-widget-image img{vertical-align:middle;display:inline-block}<\/style>\t\t\t\t\t\t\t\t\t\t\t\t<img loading=\"lazy\" decoding=\"async\" width=\"1024\" height=\"536\" src=\"https:\/\/www.spamotos.com\/wp-content\/uploads\/2023\/12\/715add16-ee62-aafb-88ab-97f74c592935-large.jpg\" class=\"attachment-large size-large\" alt=\"\" srcset=\"https:\/\/www.spamotos.com\/wp-content\/uploads\/2023\/12\/715add16-ee62-aafb-88ab-97f74c592935-large.jpg 1024w, https:\/\/www.spamotos.com\/wp-content\/uploads\/2023\/12\/715add16-ee62-aafb-88ab-97f74c592935-large-300x157.jpg 300w, https:\/\/www.spamotos.com\/wp-content\/uploads\/2023\/12\/715add16-ee62-aafb-88ab-97f74c592935-large-768x402.jpg 768w\" sizes=\"(max-width: 1024px) 100vw, 1024px\" \/>\t\t\t\t\t\t\t\t\t\t\t\t\t\t\t<\/div>\n\t\t\t\t<\/div>\n\t\t\t\t\t<\/div>\n\t\t<\/div>\n\t\t\t\t\t\t\t<\/div>\n\t\t<\/section>\n\t\t\t\t<section class=\"elementor-section elementor-top-section elementor-element elementor-element-8691f01 elementor-section-boxed elementor-section-height-default elementor-section-height-default\" data-id=\"8691f01\" data-element_type=\"section\">\n\t\t\t\t\t\t<div class=\"elementor-container elementor-column-gap-default\">\n\t\t\t\t\t<div class=\"elementor-column elementor-col-100 elementor-top-column elementor-element elementor-element-bd64464\" data-id=\"bd64464\" data-element_type=\"column\">\n\t\t\t<div class=\"elementor-widget-wrap elementor-element-populated\">\n\t\t\t\t\t\t\t\t<div class=\"elementor-element elementor-element-8319fb7 elementor-widget elementor-widget-text-editor\" data-id=\"8319fb7\" data-element_type=\"widget\" data-widget_type=\"text-editor.default\">\n\t\t\t\t<div class=\"elementor-widget-container\">\n\t\t\t<style>\/*! elementor - v3.8.1 - 13-11-2022 *\/\n.elementor-widget-text-editor.elementor-drop-cap-view-stacked .elementor-drop-cap{background-color:#818a91;color:#fff}.elementor-widget-text-editor.elementor-drop-cap-view-framed .elementor-drop-cap{color:#818a91;border:3px solid;background-color:transparent}.elementor-widget-text-editor:not(.elementor-drop-cap-view-default) .elementor-drop-cap{margin-top:8px}.elementor-widget-text-editor:not(.elementor-drop-cap-view-default) .elementor-drop-cap-letter{width:1em;height:1em}.elementor-widget-text-editor .elementor-drop-cap{float:left;text-align:center;line-height:1;font-size:50px}.elementor-widget-text-editor .elementor-drop-cap-letter{display:inline-block}<\/style>\t\t\t\t<p><strong>W\u00f3jcik Racing Team has announced an all-Polish rider line-up for its #77 FIM Endurance World Championship entry.<\/strong><\/p>\t\t\t\t\t\t<\/div>\n\t\t\t\t<\/div>\n\t\t\t\t\t<\/div>\n\t\t<\/div>\n\t\t\t\t\t\t\t<\/div>\n\t\t<\/section>\n\t\t\t\t<section class=\"elementor-section elementor-top-section elementor-element elementor-element-063f59e elementor-section-boxed elementor-section-height-default elementor-section-height-default\" data-id=\"063f59e\" data-element_type=\"section\">\n\t\t\t\t\t\t<div class=\"elementor-container elementor-column-gap-default\">\n\t\t\t\t\t<div class=\"elementor-column elementor-col-100 elementor-top-column elementor-element elementor-element-57e846e\" data-id=\"57e846e\" data-element_type=\"column\">\n\t\t\t<div class=\"elementor-widget-wrap elementor-element-populated\">\n\t\t\t\t\t\t\t\t<div class=\"elementor-element elementor-element-9d8c6d9 elementor-widget elementor-widget-text-editor\" data-id=\"9d8c6d9\" data-element_type=\"widget\" data-widget_type=\"text-editor.default\">\n\t\t\t\t<div class=\"elementor-widget-container\">\n\t\t\t\t\t\t\t<p><strong>Le W\u00f3jcik Racing Team a d\u00e9voil\u00e9 un \u00e9quipage 100 % polonais pour sa machine n\u00b0 77 dans le Championnat du Monde d\u2019Endurance de la FIM 2024.\u00a0<\/strong><\/p>\t\t\t\t\t\t<\/div>\n\t\t\t\t<\/div>\n\t\t\t\t\t<\/div>\n\t\t<\/div>\n\t\t\t\t\t\t\t<\/div>\n\t\t<\/section>\n\t\t\t\t<section class=\"elementor-section elementor-top-section elementor-element elementor-element-9a2fefe elementor-section-boxed elementor-section-height-default elementor-section-height-default\" data-id=\"9a2fefe\" data-element_type=\"section\">\n\t\t\t\t\t\t<div class=\"elementor-container elementor-column-gap-default\">\n\t\t\t\t\t<div class=\"elementor-column elementor-col-100 elementor-top-column elementor-element elementor-element-af2f3fd\" data-id=\"af2f3fd\" data-element_type=\"column\">\n\t\t\t<div class=\"elementor-widget-wrap elementor-element-populated\">\n\t\t\t\t\t\t\t\t<div class=\"elementor-element elementor-element-2e6a403 elementor-widget elementor-widget-text-editor\" data-id=\"2e6a403\" data-element_type=\"widget\" data-widget_type=\"text-editor.default\">\n\t\t\t\t<div class=\"elementor-widget-container\">\n\t\t\t\t\t\t\t<div class=\"flex flex-col items-center gap-4 w-full md:w-3\/4\"><div class=\"html-content mt-4\"><p>Ahead of its first EWC campaign with Honda power, the outfit owned by Grzegorz W\u00f3jcik and S\u0142awomir Kubzdyl, has signed Kamil Krzemie\u0144, Jurand Ku\u015bmierczyk and Artur Wielebski.<\/p><p>\u00a0<\/p><p>While Krzemie\u0144 and Wielebski have ridden for W\u00f3jcik Racing Team for several years \u2013 the former even standing on the Superstock podium with the team at the 8 Hours of Oschersleben in Germany \u2013 19-year-old Ku\u015bmierczyk joined WRT as a reserve rider for its #777 Superstock squad during last September\u2019s Bol d\u2019Or.<\/p><p>\u00a0<\/p><p>But the Polish Superstock 600 champion for 2023 made such a big impression at Circuit Paul Ricard that he has been promoted to a full-time Formula EWC ride in 2024.<\/p><\/div><\/div>\t\t\t\t\t\t<\/div>\n\t\t\t\t<\/div>\n\t\t\t\t\t<\/div>\n\t\t<\/div>\n\t\t\t\t\t\t\t<\/div>\n\t\t<\/section>\n\t\t\t\t<section class=\"elementor-section elementor-top-section elementor-element elementor-element-92f5f70 elementor-section-boxed elementor-section-height-default elementor-section-height-default\" data-id=\"92f5f70\" data-element_type=\"section\">\n\t\t\t\t\t\t<div class=\"elementor-container elementor-column-gap-default\">\n\t\t\t\t\t<div class=\"elementor-column elementor-col-100 elementor-top-column elementor-element elementor-element-86a8293\" data-id=\"86a8293\" data-element_type=\"column\">\n\t\t\t<div class=\"elementor-widget-wrap elementor-element-populated\">\n\t\t\t\t\t\t\t\t<div class=\"elementor-element elementor-element-34df1c4 elementor-widget elementor-widget-text-editor\" data-id=\"34df1c4\" data-element_type=\"widget\" data-widget_type=\"text-editor.default\">\n\t\t\t\t<div class=\"elementor-widget-container\">\n\t\t\t\t\t\t\t<p>Avant cette premi\u00e8re campagne avec une Honda, la structure dirig\u00e9e par Grzegorz W\u00f3jcik et S\u0142awomir Kubzdyl a engag\u00e9 Kamil Krzemie\u0144, Jurand Ku\u015bmierczyk et Artur Wielebski.<\/p><p>\u00a0<\/p><p>Si Krzemie\u0144 et Wielebski courent pour le W\u00f3jcik Racing Team depuis plusieurs ann\u00e9es \u2013 le dernier cit\u00e9 est m\u00eame mont\u00e9 sur le podium Superstock des 8 Heures d&#8217;Oschersleben en Allemagne \u2013, le tout jeune (19 ans seulement) Ku\u015bmierczyk a rejoint le WRT en temps que r\u00e9serviste, sur la n\u00b0 777 engag\u00e9e en Superstock, lors du Bol d\u2019Or en septembre dernier.<\/p><p>\u00a0<\/p><p>Le champion Superbike de Pologne 2023 a fait si forte impression sur le Circuit Paul Ricard qu\u2019il a \u00e9t\u00e9 promu comme titulaire \u00e0 plein temps en Formule EWC pour 2024.<\/p>\t\t\t\t\t\t<\/div>\n\t\t\t\t<\/div>\n\t\t\t\t\t<\/div>\n\t\t<\/div>\n\t\t\t\t\t\t\t<\/div>\n\t\t<\/section>\n\t\t\t\t<section class=\"elementor-section elementor-top-section elementor-element elementor-element-f48d12e elementor-section-boxed elementor-section-height-default elementor-section-height-default\" data-id=\"f48d12e\" data-element_type=\"section\">\n\t\t\t\t\t\t<div class=\"elementor-container elementor-column-gap-default\">\n\t\t\t\t\t<div class=\"elementor-column elementor-col-100 elementor-top-column elementor-element elementor-element-75ee705\" data-id=\"75ee705\" data-element_type=\"column\">\n\t\t\t<div class=\"elementor-widget-wrap elementor-element-populated\">\n\t\t\t\t\t\t\t\t<div class=\"elementor-element elementor-element-71c737e elementor-widget elementor-widget-text-editor\" data-id=\"71c737e\" data-element_type=\"widget\" data-widget_type=\"text-editor.default\">\n\t\t\t\t<div class=\"elementor-widget-container\">\n\t\t\t\t\t\t\t<p><strong>Grzegorz W\u00f3jcik said:<\/strong><\/p>\t\t\t\t\t\t<\/div>\n\t\t\t\t<\/div>\n\t\t\t\t\t<\/div>\n\t\t<\/div>\n\t\t\t\t\t\t\t<\/div>\n\t\t<\/section>\n\t\t\t\t<section class=\"elementor-section elementor-top-section elementor-element elementor-element-05f0060 elementor-section-boxed elementor-section-height-default elementor-section-height-default\" data-id=\"05f0060\" data-element_type=\"section\">\n\t\t\t\t\t\t<div class=\"elementor-container elementor-column-gap-default\">\n\t\t\t\t\t<div class=\"elementor-column elementor-col-100 elementor-top-column elementor-element elementor-element-c9cad36\" data-id=\"c9cad36\" data-element_type=\"column\">\n\t\t\t<div class=\"elementor-widget-wrap elementor-element-populated\">\n\t\t\t\t\t\t\t\t<div class=\"elementor-element elementor-element-73df3d7 elementor-widget elementor-widget-text-editor\" data-id=\"73df3d7\" data-element_type=\"widget\" data-widget_type=\"text-editor.default\">\n\t\t\t\t<div class=\"elementor-widget-container\">\n\t\t\t\t\t\t\t<div class=\"flex flex-col items-center gap-4 w-full md:w-3\/4\"><div class=\"html-content mt-4\"><p>\u201cThe 2024 season will be a completely new challenge for us. We are not only changing our motorcycle supplier but also the line-up of both crews. We decided to return to the idea of an all-Polish line-up for one of the bikes. We already successfully did it in the past, giving a huge opportunity to many young Polish talents. In the upcoming season we will do it again, but we are raising the bar even higher, as team 77 will race in the most demanding Formula EWC category. Kamil, Artur, and Jurand are the perfect combination of youth, talent, and experience, which can really shake up the field.\u201d<\/p><\/div><\/div>\t\t\t\t\t\t<\/div>\n\t\t\t\t<\/div>\n\t\t\t\t\t<\/div>\n\t\t<\/div>\n\t\t\t\t\t\t\t<\/div>\n\t\t<\/section>\n\t\t\t\t<section class=\"elementor-section elementor-top-section elementor-element elementor-element-8449306 elementor-section-boxed elementor-section-height-default elementor-section-height-default\" data-id=\"8449306\" data-element_type=\"section\">\n\t\t\t\t\t\t<div class=\"elementor-container elementor-column-gap-default\">\n\t\t\t\t\t<div class=\"elementor-column elementor-col-100 elementor-top-column elementor-element elementor-element-aa6051e\" data-id=\"aa6051e\" data-element_type=\"column\">\n\t\t\t<div class=\"elementor-widget-wrap elementor-element-populated\">\n\t\t\t\t\t\t\t\t<div class=\"elementor-element elementor-element-741ba4b elementor-widget elementor-widget-text-editor\" data-id=\"741ba4b\" data-element_type=\"widget\" data-widget_type=\"text-editor.default\">\n\t\t\t\t<div class=\"elementor-widget-container\">\n\t\t\t\t\t\t\t<p><strong>Grzegorz W\u00f3jcik a d\u00e9clar\u00e9 :<\/strong><\/p>\t\t\t\t\t\t<\/div>\n\t\t\t\t<\/div>\n\t\t\t\t\t<\/div>\n\t\t<\/div>\n\t\t\t\t\t\t\t<\/div>\n\t\t<\/section>\n\t\t\t\t<section class=\"elementor-section elementor-top-section elementor-element elementor-element-5d3a8e7 elementor-section-boxed elementor-section-height-default elementor-section-height-default\" data-id=\"5d3a8e7\" data-element_type=\"section\">\n\t\t\t\t\t\t<div class=\"elementor-container elementor-column-gap-default\">\n\t\t\t\t\t<div class=\"elementor-column elementor-col-100 elementor-top-column elementor-element elementor-element-5d4b631\" data-id=\"5d4b631\" data-element_type=\"column\">\n\t\t\t<div class=\"elementor-widget-wrap elementor-element-populated\">\n\t\t\t\t\t\t\t\t<div class=\"elementor-element elementor-element-cf4ae99 elementor-widget elementor-widget-text-editor\" data-id=\"cf4ae99\" data-element_type=\"widget\" data-widget_type=\"text-editor.default\">\n\t\t\t\t<div class=\"elementor-widget-container\">\n\t\t\t\t\t\t\t<p><em>\u201cLa saison 2024 sera un d\u00e9fi compl\u00e8tement nouveau pour nous. Nous changeons non seulement de fournisseur de motos, mais aussi nos deux \u00e9quipages. Nous avons d\u00e9cid\u00e9 de revenir \u00e0 l\u2019id\u00e9e d\u2019un trio 100 % polonais pour l\u2019une des machines. Nous l\u2019avons d\u00e9j\u00e0 fait avec succ\u00e8s dans le pass\u00e9, donnant une immense opportunit\u00e9 \u00e0 de nombreux jeunes talents nationaux. Nous le ferons \u00e0 nouveau pour la saison \u00e0 venir, mais en fixant la barre encore plus haut, puisque l\u2019\u00e9quipage n\u00b0 77 roulera en Formule EWC, la cat\u00e9gorie la plus relev\u00e9e. Kamil, Artur et Jurand sont la parfaite combinaison entre jeunesse, talent et exp\u00e9rience, qui peut vraiment secouer le plateau.\u201d<\/em><\/p>\t\t\t\t\t\t<\/div>\n\t\t\t\t<\/div>\n\t\t\t\t\t<\/div>\n\t\t<\/div>\n\t\t\t\t\t\t\t<\/div>\n\t\t<\/section>\n\t\t\t\t<section class=\"elementor-section elementor-top-section elementor-element elementor-element-700b397 elementor-section-boxed elementor-section-height-default elementor-section-height-default\" data-id=\"700b397\" data-element_type=\"section\">\n\t\t\t\t\t\t<div class=\"elementor-container elementor-column-gap-default\">\n\t\t\t\t\t<div class=\"elementor-column elementor-col-100 elementor-top-column elementor-element elementor-element-8d97037\" data-id=\"8d97037\" data-element_type=\"column\">\n\t\t\t<div class=\"elementor-widget-wrap elementor-element-populated\">\n\t\t\t\t\t\t\t\t<div class=\"elementor-element elementor-element-6fc5272 elementor-widget elementor-widget-text-editor\" data-id=\"6fc5272\" data-element_type=\"widget\" data-widget_type=\"text-editor.default\">\n\t\t\t\t<div class=\"elementor-widget-container\">\n\t\t\t\t\t\t\t<p><strong>S\u0142awomir Kubzdyl said:<\/strong><\/p>\t\t\t\t\t\t<\/div>\n\t\t\t\t<\/div>\n\t\t\t\t\t<\/div>\n\t\t<\/div>\n\t\t\t\t\t\t\t<\/div>\n\t\t<\/section>\n\t\t\t\t<section class=\"elementor-section elementor-top-section elementor-element elementor-element-906293c elementor-section-boxed elementor-section-height-default elementor-section-height-default\" data-id=\"906293c\" data-element_type=\"section\">\n\t\t\t\t\t\t<div class=\"elementor-container elementor-column-gap-default\">\n\t\t\t\t\t<div class=\"elementor-column elementor-col-100 elementor-top-column elementor-element elementor-element-5272945\" data-id=\"5272945\" data-element_type=\"column\">\n\t\t\t<div class=\"elementor-widget-wrap elementor-element-populated\">\n\t\t\t\t\t\t\t\t<div class=\"elementor-element elementor-element-8ec6ae9 elementor-widget elementor-widget-text-editor\" data-id=\"8ec6ae9\" data-element_type=\"widget\" data-widget_type=\"text-editor.default\">\n\t\t\t\t<div class=\"elementor-widget-container\">\n\t\t\t\t\t\t\t<div class=\"flex flex-col items-center gap-4 w-full md:w-3\/4\"><div class=\"html-content mt-4\"><p>\u201cWe are very excited about the changes awaiting team 77 and we are convinced that the entirely Polish line-up will bring a lot of joy to the Polish fans. Kamil, Artur, and Jurand are young but already very experienced riders, who not only have many Polish championship titles to their names but also numerous international successes. Kamil has already stood on the FIM EWC podium with us. A few years ago, Artur did the impossible, finishing the 24-hour race in Le Mans in a team consisting of only two riders. Jurand not only showed incredible pace in the Polish Superstock 600 and Superbike championships this season but also spectacularly debuting in FIM EWC during the Bol d\u2019Or. The entire trio will compete in the most demanding Formula EWC class, against mostly the factory teams, and on a completely new bike. It&#8217;s a huge challenge, but we can&#8217;t wait to get started. However, the changes to team 77 do not mean that we are giving up the fight in the Superstock class. In the coming days we will present an incredibly strong, international line-up for team 777.\u201d<\/p><\/div><\/div>\t\t\t\t\t\t<\/div>\n\t\t\t\t<\/div>\n\t\t\t\t\t<\/div>\n\t\t<\/div>\n\t\t\t\t\t\t\t<\/div>\n\t\t<\/section>\n\t\t\t\t<section class=\"elementor-section elementor-top-section elementor-element elementor-element-3346c0b elementor-section-boxed elementor-section-height-default elementor-section-height-default\" data-id=\"3346c0b\" data-element_type=\"section\">\n\t\t\t\t\t\t<div class=\"elementor-container elementor-column-gap-default\">\n\t\t\t\t\t<div class=\"elementor-column elementor-col-100 elementor-top-column elementor-element elementor-element-320bc57\" data-id=\"320bc57\" data-element_type=\"column\">\n\t\t\t<div class=\"elementor-widget-wrap elementor-element-populated\">\n\t\t\t\t\t\t\t\t<div class=\"elementor-element elementor-element-8f464f1 elementor-widget elementor-widget-text-editor\" data-id=\"8f464f1\" data-element_type=\"widget\" data-widget_type=\"text-editor.default\">\n\t\t\t\t<div class=\"elementor-widget-container\">\n\t\t\t\t\t\t\t<p><strong>S\u0142awomir Kubzdyl a d\u00e9clar\u00e9 :\u00a0<\/strong><\/p>\t\t\t\t\t\t<\/div>\n\t\t\t\t<\/div>\n\t\t\t\t\t<\/div>\n\t\t<\/div>\n\t\t\t\t\t\t\t<\/div>\n\t\t<\/section>\n\t\t\t\t<section class=\"elementor-section elementor-top-section elementor-element elementor-element-bfb30e9 elementor-section-boxed elementor-section-height-default elementor-section-height-default\" data-id=\"bfb30e9\" data-element_type=\"section\">\n\t\t\t\t\t\t<div class=\"elementor-container elementor-column-gap-default\">\n\t\t\t\t\t<div class=\"elementor-column elementor-col-100 elementor-top-column elementor-element elementor-element-ed7443c\" data-id=\"ed7443c\" data-element_type=\"column\">\n\t\t\t<div class=\"elementor-widget-wrap elementor-element-populated\">\n\t\t\t\t\t\t\t\t<div class=\"elementor-element elementor-element-51511a0 elementor-widget elementor-widget-text-editor\" data-id=\"51511a0\" data-element_type=\"widget\" data-widget_type=\"text-editor.default\">\n\t\t\t\t<div class=\"elementor-widget-container\">\n\t\t\t\t\t\t\t<p><em>\u201cNous sommes tr\u00e8s excit\u00e9s par les changements qui attendent l\u2019\u00e9quipage n\u00b0 77, et convaincus que le trio 100 % polonais apportera beaucoup de joie aux fans de notre pays. Kamil, Artur et Jurand sont des pilotes jeunes, mais d\u00e9j\u00e0 tr\u00e8s exp\u00e9riment\u00e9s, qui ont d\u00e9j\u00e0 non seulement beaucoup de titres nationaux, mais aussi de succ\u00e8s internationaux \u00e0 leur palmar\u00e8s. Kamil est d\u00e9j\u00e0 mont\u00e9 sur un podium de FIM EWC avec nous. Il y a quelques ann\u00e9es, Kamil a r\u00e9ussi l\u2019impossible, terminant la course de 24 heures du Mans au sein d\u2019un \u00e9quipage ne comprenant que deux coureurs. Jurand a non seulement montr\u00e9 un rythme incroyable dans les championnats Superstock 600 et Superbike polonais cette saison, mais aussi fait des d\u00e9buts spectaculaires dans le FIM EWC lors du Bol d\u2019Or. Le trio complet courra dans la cat\u00e9gorie Formule EWC, la plus relev\u00e9e, contre des \u00e9quipes d\u2019usine essentiellement, et sur une moto compl\u00e8tement nouvelle. C\u2019est un immense d\u00e9fi, mais nous sommes impatients que \u00e7a commence. Cependant, les changements apport\u00e9s \u00e0 la team 77 ne signifient en rien que nous renon\u00e7ons \u00e0 lutter dans la cat\u00e9gorie Superstock. Nous pr\u00e9senterons dans les prochains jours un line-up international et incroyablement fort pour la team 777.\u201d<\/em><\/p>\t\t\t\t\t\t<\/div>\n\t\t\t\t<\/div>\n\t\t\t\t\t<\/div>\n\t\t<\/div>\n\t\t\t\t\t\t\t<\/div>\n\t\t<\/section>\n\t\t\t\t<section class=\"elementor-section elementor-top-section elementor-element elementor-element-37a7873 elementor-section-boxed elementor-section-height-default elementor-section-height-default\" data-id=\"37a7873\" data-element_type=\"section\">\n\t\t\t\t\t\t<div class=\"elementor-container elementor-column-gap-default\">\n\t\t\t\t\t<div class=\"elementor-column elementor-col-100 elementor-top-column elementor-element elementor-element-101d06d\" data-id=\"101d06d\" data-element_type=\"column\">\n\t\t\t<div class=\"elementor-widget-wrap elementor-element-populated\">\n\t\t\t\t\t\t\t\t<div class=\"elementor-element elementor-element-f30619a elementor-widget elementor-widget-text-editor\" data-id=\"f30619a\" data-element_type=\"widget\" data-widget_type=\"text-editor.default\">\n\t\t\t\t<div class=\"elementor-widget-container\">\n\t\t\t\t\t\t\t<div class=\"flex flex-col items-center gap-4 w-full md:w-3\/4\"><div class=\"html-content mt-4\"><div class=\"flex flex-col items-center gap-4 w-full md:w-3\/4\"><div class=\"html-content mt-4\"><p>W\u00f3jcik Racing Team will confirm its #777 FIM Endurance World Cup line-up shortly with the 2024 season due to begin with the 24 Heures Motos at Le Mans from 18-21 April.<\/p><\/div><\/div><div class=\"py-10 w-full\"><div class=\"relative flex items-end border-b border-primary\">\u00a0<\/div><\/div><\/div><\/div>\t\t\t\t\t\t<\/div>\n\t\t\t\t<\/div>\n\t\t\t\t\t<\/div>\n\t\t<\/div>\n\t\t\t\t\t\t\t<\/div>\n\t\t<\/section>\n\t\t\t\t<section class=\"elementor-section elementor-top-section elementor-element elementor-element-03b4bac elementor-section-boxed elementor-section-height-default elementor-section-height-default\" data-id=\"03b4bac\" data-element_type=\"section\">\n\t\t\t\t\t\t<div class=\"elementor-container elementor-column-gap-default\">\n\t\t\t\t\t<div class=\"elementor-column elementor-col-100 elementor-top-column elementor-element elementor-element-31da0ee\" data-id=\"31da0ee\" data-element_type=\"column\">\n\t\t\t<div class=\"elementor-widget-wrap elementor-element-populated\">\n\t\t\t\t\t\t\t\t<div class=\"elementor-element elementor-element-7698188 elementor-widget elementor-widget-text-editor\" data-id=\"7698188\" data-element_type=\"widget\" data-widget_type=\"text-editor.default\">\n\t\t\t\t<div class=\"elementor-widget-container\">\n\t\t\t\t\t\t\t<p>Le W\u00f3jcik Racing Team confirmera donc sous peu l\u2019\u00e9quipage n\u00b0 777 en Coupe du Monde d\u2019Endurance de la FIM. La saison 2024 d\u00e9butera par les 24 Heures Motos, au Mans, du 18 au 21 avril.\u00a0<\/p>\t\t\t\t\t\t<\/div>\n\t\t\t\t<\/div>\n\t\t\t\t\t<\/div>\n\t\t<\/div>\n\t\t\t\t\t\t\t<\/div>\n\t\t<\/section>\n\t\t\t\t<section class=\"elementor-section elementor-top-section elementor-element elementor-element-715e845 elementor-section-boxed elementor-section-height-default elementor-section-height-default\" data-id=\"715e845\" data-element_type=\"section\">\n\t\t\t\t\t\t<div class=\"elementor-container elementor-column-gap-default\">\n\t\t\t\t\t<div class=\"elementor-column elementor-col-100 elementor-top-column elementor-element elementor-element-708e542\" data-id=\"708e542\" data-element_type=\"column\">\n\t\t\t<div class=\"elementor-widget-wrap elementor-element-populated\">\n\t\t\t\t\t\t\t\t<div class=\"elementor-element elementor-element-08e03b9 elementor-widget elementor-widget-image\" data-id=\"08e03b9\" data-element_type=\"widget\" data-widget_type=\"image.default\">\n\t\t\t\t<div class=\"elementor-widget-container\">\n\t\t\t\t\t\t\t\t\t\t\t\t\t\t\t<img loading=\"lazy\" decoding=\"async\" width=\"1024\" height=\"1024\" src=\"https:\/\/www.spamotos.com\/wp-content\/uploads\/2024\/02\/425370349_897354302395824_7806544517297735900_n-large-2-1.jpg\" class=\"attachment-large size-large\" alt=\"\" srcset=\"https:\/\/www.spamotos.com\/wp-content\/uploads\/2024\/02\/425370349_897354302395824_7806544517297735900_n-large-2-1.jpg 1024w, https:\/\/www.spamotos.com\/wp-content\/uploads\/2024\/02\/425370349_897354302395824_7806544517297735900_n-large-2-1-300x300.jpg 300w, https:\/\/www.spamotos.com\/wp-content\/uploads\/2024\/02\/425370349_897354302395824_7806544517297735900_n-large-2-1-150x150.jpg 150w, https:\/\/www.spamotos.com\/wp-content\/uploads\/2024\/02\/425370349_897354302395824_7806544517297735900_n-large-2-1-768x768.jpg 768w\" sizes=\"(max-width: 1024px) 100vw, 1024px\" \/>\t\t\t\t\t\t\t\t\t\t\t\t\t\t\t<\/div>\n\t\t\t\t<\/div>\n\t\t\t\t\t<\/div>\n\t\t<\/div>\n\t\t\t\t\t\t\t<\/div>\n\t\t<\/section>\n\t\t\t\t<section class=\"elementor-section elementor-top-section elementor-element elementor-element-d9b96a1 elementor-section-boxed elementor-section-height-default elementor-section-height-default\" data-id=\"d9b96a1\" data-element_type=\"section\">\n\t\t\t\t\t\t<div class=\"elementor-container elementor-column-gap-default\">\n\t\t\t\t\t<div class=\"elementor-column elementor-col-100 elementor-top-column elementor-element elementor-element-af8d3c8\" data-id=\"af8d3c8\" data-element_type=\"column\">\n\t\t\t<div class=\"elementor-widget-wrap elementor-element-populated\">\n\t\t\t\t\t\t\t\t<div class=\"elementor-element elementor-element-e722b51 elementor-widget elementor-widget-text-editor\" data-id=\"e722b51\" data-element_type=\"widget\" data-widget_type=\"text-editor.default\">\n\t\t\t\t<div class=\"elementor-widget-container\">\n\t\t\t\t\t\t\t<div class=\"html-content mt-4\"><div class=\"html-content mt-4\"><div class=\"html-content mt-4\"><div class=\"html-content mt-4\"><div class=\"html-content mt-4\"><div class=\"html-content mt-4\"><p><em>&#8220;We are very excited not only about the new chapter we are opening with Honda in the FIM Endurance World Championships, but also in the Polish championships, where we exhibit a very strong representation,&#8221;<\/em> <strong>said S\u0142awomir Kubzdyl, manager and co-owner of W\u00f3jcik Racing Team<\/strong>.<em> \u201cMateusz and Jurand are young generation players with championship titles on their account, which we want to provide them with the best platform for further development. Artur and Kamil&#8217;s experience will certainly help us develop new Honda motorcycles and will translate to our pace not only in Poland, but also in the World championship.\u201d<\/em><\/p><p><em>\u00a0<\/em><\/p><p><strong>Team founder and co-owner Grzegorz W\u00f3jcik said:<\/strong> <em>\u201cOn the one hand, competing in the Polish championship has always been very important to us, and numerous championship titles are a reason for great pride for the whole team. On the other hand, it\u2019s also an ideal training for our competitors and extra kilometres between the EWC rounds. This year the Polish championship will be an additional challenge and test due to the development of new motorcycles, built in cooperation with Honda Polska. What&#8217;s more, our EWC competitors will leave one of the Polish rounds due to overlapping calendars, so the title fight won&#8217;t be easy for us, but we&#8217;ll do our best.\u201d<\/em><\/p><p><em>\u00a0<\/em><\/p><p>The four-event Polish championship season begins at Tor Pozna\u0144 from 24-26 May.\u00a0<\/p><\/div><\/div><\/div><\/div><\/div><\/div>\t\t\t\t\t\t<\/div>\n\t\t\t\t<\/div>\n\t\t\t\t\t<\/div>\n\t\t<\/div>\n\t\t\t\t\t\t\t<\/div>\n\t\t<\/section>\n\t\t\t\t<section class=\"elementor-section elementor-top-section elementor-element elementor-element-81b11aa elementor-section-boxed elementor-section-height-default elementor-section-height-default\" data-id=\"81b11aa\" data-element_type=\"section\">\n\t\t\t\t\t\t<div class=\"elementor-container elementor-column-gap-default\">\n\t\t\t\t\t<div class=\"elementor-column elementor-col-100 elementor-top-column elementor-element elementor-element-af2654c\" data-id=\"af2654c\" data-element_type=\"column\">\n\t\t\t<div class=\"elementor-widget-wrap elementor-element-populated\">\n\t\t\t\t\t\t\t\t<div class=\"elementor-element elementor-element-7c93467 elementor-widget elementor-widget-text-editor\" data-id=\"7c93467\" data-element_type=\"widget\" data-widget_type=\"text-editor.default\">\n\t\t\t\t<div class=\"elementor-widget-container\">\n\t\t\t\t\t\t\t<div class=\"html-content mt-4\">\n<div class=\"html-content mt-4\">\n<div class=\"html-content mt-4\">\n<div class=\"html-content mt-4\">\n<p><em>\u201cNous sommes tr\u00e8s excit\u00e9s non seulement par le nouveau chapitre que nous ouvrons avec Honda dans le Championnat du Monde d\u2019endurance de la FIM, mais aussi dans le championnat polonais, o\u00f9 nous serons tr\u00e8s fortement repr\u00e9sent\u00e9s\u201d, <\/em><strong><em>a dit <\/em><\/strong><strong>S\u0142awomir Kubzdyl, directeur et copropri\u00e9taire du W\u00f3jcik Racing Team. <\/strong><em>\u201cMateusz et Jurand sont des joueurs de la jeune g\u00e9n\u00e9ration avec des championnats \u00e0 leur actif, auxquels nous voulons fournir la meilleure plateforme pour se d\u00e9velopper davantage. L\u2019exp\u00e9rience d\u2019Artur et de Kamil nous aidera certainement \u00e0 d\u00e9velopper les nouvelles machines Honda et nous transf\u00e9rerons notre vitesse non seulement en Pologne, mais aussi dans le championnat du monde.\u201d<\/em><\/p><p><em><br><\/em><\/p>\n<p><strong>Le fondateur et copropri\u00e9taire du W\u00f3jcik Racing Team, Grzegorz W\u00f3jcik, a d\u00e9clar\u00e9 : <\/strong><em>\u201cD\u2019une part, courir dans le championnat de Pologne a toujours \u00e9t\u00e9 tr\u00e8s important pour nous, et de nombreux titres sont une source de grande fiert\u00e9 pour toute l\u2019\u00e9quipe.D\u2019autre part, c\u2019est aussi un entra\u00eenement id\u00e9al pour nos coureurs et des kilom\u00e8tres suppl\u00e9mentaires entre les manches de l\u2019EWC. Cette ann\u00e9e, le championnat de Pologne repr\u00e9sente un d\u00e9fi et un test additionnel dans le d\u00e9veloppement des nouvelles motos construites en collaboration avec Honda Polska. De plus, comme nos coureurs EWC manqueront une manche du championnat polonais en raison d\u2019une concurrence de date, la course au titre ne sera pas ais\u00e9e pour nous, mais nous ferons de notre mieux.\u201d<\/em><\/p><p><em><br><\/em><\/p>\n<p>Le premier des quatre rendez-vous du championnat de Pologne aura lieu \u00e0 Tor Pozna\u0144, du 24 au 26 mai.&nbsp;<\/p>\n<\/div>\n<\/div>\n<\/div>\n<\/div>\t\t\t\t\t\t<\/div>\n\t\t\t\t<\/div>\n\t\t\t\t\t<\/div>\n\t\t<\/div>\n\t\t\t\t\t\t\t<\/div>\n\t\t<\/section>\n\t\t\t\t\t\t\t<\/div>\n\t\t","protected":false},"excerpt":{"rendered":"<p>THREE POLES WITH AN EWC GOAL AS W\u00d3JCIK RACING TEAM REVEALS NEW #77 LINE-UP LE W\u00d3JCIK RACING TEAM D\u00c9VOILE UN \u00c9QUIPAGE N\u00b0 77 ENTI\u00c8REMENT POLONAIS POUR L\u2019EWC W\u00f3jcik Racing Team has announced an all-Polish rider line-up for its #77 FIM Endurance World Championship entry. Le W\u00f3jcik Racing Team a d\u00e9voil\u00e9 un \u00e9quipage 100 % polonais [&hellip;]<\/p>\n","protected":false},"author":1,"featured_media":5412,"comment_status":"closed","ping_status":"open","sticky":false,"template":"","format":"standard","meta":{"footnotes":""},"categories":[62,64],"tags":[],"acf":[],"yoast_head":"<!-- This site is optimized with the Yoast SEO plugin v21.6 - https:\/\/yoast.com\/wordpress\/plugins\/seo\/ -->\n<title>THREE POLES WITH AN EWC GOAL AS W\u00d3JCIK RACING TEAM REVEALS NEW #77 LINE-UP - 8h SPA Motos<\/title>\n<meta name=\"robots\" content=\"index, follow, max-snippet:-1, max-image-preview:large, max-video-preview:-1\" \/>\n<link rel=\"canonical\" href=\"https:\/\/www.spamotos.com\/en\/three-poles-with-an-ewc-goal-as-wojcik-racing-team-reveals-new-77-line-up\/\" \/>\n<meta property=\"og:locale\" content=\"en_US\" \/>\n<meta property=\"og:type\" content=\"article\" \/>\n<meta property=\"og:title\" content=\"THREE POLES WITH AN EWC GOAL AS W\u00d3JCIK RACING TEAM REVEALS NEW #77 LINE-UP - 8h SPA Motos\" \/>\n<meta property=\"og:description\" content=\"THREE POLES WITH AN EWC GOAL AS W\u00d3JCIK RACING TEAM REVEALS NEW #77 LINE-UP LE W\u00d3JCIK RACING TEAM D\u00c9VOILE UN \u00c9QUIPAGE N\u00b0 77 ENTI\u00c8REMENT POLONAIS POUR L\u2019EWC W\u00f3jcik Racing Team has announced an all-Polish rider line-up for its #77 FIM Endurance World Championship entry. Le W\u00f3jcik Racing Team a d\u00e9voil\u00e9 un \u00e9quipage 100 % polonais [&hellip;]\" \/>\n<meta property=\"og:url\" content=\"https:\/\/www.spamotos.com\/en\/three-poles-with-an-ewc-goal-as-wojcik-racing-team-reveals-new-77-line-up\/\" \/>\n<meta property=\"og:site_name\" content=\"8h SPA Motos\" \/>\n<meta property=\"article:publisher\" content=\"https:\/\/www.facebook.com\/24hspamotos\" \/>\n<meta property=\"article:published_time\" content=\"2023-12-18T16:28:35+00:00\" \/>\n<meta property=\"article:modified_time\" content=\"2026-03-05T16:00:33+00:00\" \/>\n<meta property=\"og:image\" content=\"https:\/\/www.spamotos.com\/wp-content\/uploads\/2023\/12\/715add16-ee62-aafb-88ab-97f74c592935-large.jpg\" \/>\n\t<meta property=\"og:image:width\" content=\"1024\" \/>\n\t<meta property=\"og:image:height\" content=\"536\" \/>\n\t<meta property=\"og:image:type\" content=\"image\/jpeg\" \/>\n<meta name=\"author\" content=\"Administrateur\" \/>\n<meta name=\"twitter:card\" content=\"summary_large_image\" \/>\n<meta name=\"twitter:creator\" content=\"@24hspamotos\" \/>\n<meta name=\"twitter:site\" content=\"@24hspamotos\" \/>\n<script type=\"application\/ld+json\" class=\"yoast-schema-graph\">{\"@context\":\"https:\/\/schema.org\",\"@graph\":[{\"@type\":\"Article\",\"@id\":\"https:\/\/www.spamotos.com\/en\/three-poles-with-an-ewc-goal-as-wojcik-racing-team-reveals-new-77-line-up\/#article\",\"isPartOf\":{\"@id\":\"https:\/\/www.spamotos.com\/en\/three-poles-with-an-ewc-goal-as-wojcik-racing-team-reveals-new-77-line-up\/\"},\"author\":{\"name\":\"Administrateur\",\"@id\":\"https:\/\/www.spamotos.com\/en\/#\/schema\/person\/6c5133ba53ed7caade8af07521ce45ce\"},\"headline\":\"THREE POLES WITH AN EWC GOAL AS W\u00d3JCIK RACING TEAM REVEALS NEW #77 LINE-UP\",\"datePublished\":\"2023-12-18T16:28:35+00:00\",\"dateModified\":\"2026-03-05T16:00:33+00:00\",\"mainEntityOfPage\":{\"@id\":\"https:\/\/www.spamotos.com\/en\/three-poles-with-an-ewc-goal-as-wojcik-racing-team-reveals-new-77-line-up\/\"},\"wordCount\":1515,\"publisher\":{\"@id\":\"https:\/\/www.spamotos.com\/en\/#organization\"},\"articleSection\":[\"2024 Season\",\"Team News\"],\"inLanguage\":\"en-US\"},{\"@type\":\"WebPage\",\"@id\":\"https:\/\/www.spamotos.com\/en\/three-poles-with-an-ewc-goal-as-wojcik-racing-team-reveals-new-77-line-up\/\",\"url\":\"https:\/\/www.spamotos.com\/en\/three-poles-with-an-ewc-goal-as-wojcik-racing-team-reveals-new-77-line-up\/\",\"name\":\"THREE POLES WITH AN EWC GOAL AS W\u00d3JCIK RACING TEAM REVEALS NEW #77 LINE-UP - 8h SPA Motos\",\"isPartOf\":{\"@id\":\"https:\/\/www.spamotos.com\/en\/#website\"},\"datePublished\":\"2023-12-18T16:28:35+00:00\",\"dateModified\":\"2026-03-05T16:00:33+00:00\",\"breadcrumb\":{\"@id\":\"https:\/\/www.spamotos.com\/en\/three-poles-with-an-ewc-goal-as-wojcik-racing-team-reveals-new-77-line-up\/#breadcrumb\"},\"inLanguage\":\"en-US\",\"potentialAction\":[{\"@type\":\"ReadAction\",\"target\":[\"https:\/\/www.spamotos.com\/en\/three-poles-with-an-ewc-goal-as-wojcik-racing-team-reveals-new-77-line-up\/\"]}]},{\"@type\":\"BreadcrumbList\",\"@id\":\"https:\/\/www.spamotos.com\/en\/three-poles-with-an-ewc-goal-as-wojcik-racing-team-reveals-new-77-line-up\/#breadcrumb\",\"itemListElement\":[{\"@type\":\"ListItem\",\"position\":1,\"name\":\"Accueil\",\"item\":\"https:\/\/www.spamotos.com\/en\/\"},{\"@type\":\"ListItem\",\"position\":2,\"name\":\"THREE POLES WITH AN EWC GOAL AS W\u00d3JCIK RACING TEAM REVEALS NEW #77 LINE-UP\"}]},{\"@type\":\"WebSite\",\"@id\":\"https:\/\/www.spamotos.com\/en\/#website\",\"url\":\"https:\/\/www.spamotos.com\/en\/\",\"name\":\"8h SPA Motos\",\"description\":\"Un site utilisant WordPress\",\"publisher\":{\"@id\":\"https:\/\/www.spamotos.com\/en\/#organization\"},\"potentialAction\":[{\"@type\":\"SearchAction\",\"target\":{\"@type\":\"EntryPoint\",\"urlTemplate\":\"https:\/\/www.spamotos.com\/en\/?s={search_term_string}\"},\"query-input\":\"required name=search_term_string\"}],\"inLanguage\":\"en-US\"},{\"@type\":\"Organization\",\"@id\":\"https:\/\/www.spamotos.com\/en\/#organization\",\"name\":\"8h SPA Motos\",\"url\":\"https:\/\/www.spamotos.com\/en\/\",\"logo\":{\"@type\":\"ImageObject\",\"inLanguage\":\"en-US\",\"@id\":\"https:\/\/www.spamotos.com\/en\/#\/schema\/logo\/image\/\",\"url\":\"https:\/\/www.spamotos.com\/wp-content\/uploads\/2023\/11\/cropped-8Hours-Positif-test-2.png\",\"contentUrl\":\"https:\/\/www.spamotos.com\/wp-content\/uploads\/2023\/11\/cropped-8Hours-Positif-test-2.png\",\"width\":443,\"height\":200,\"caption\":\"8h SPA Motos\"},\"image\":{\"@id\":\"https:\/\/www.spamotos.com\/en\/#\/schema\/logo\/image\/\"},\"sameAs\":[\"https:\/\/www.facebook.com\/24hspamotos\",\"https:\/\/twitter.com\/24hspamotos\",\"https:\/\/www.instagram.com\/24hspamotos\",\"https:\/\/www.tiktok.com\/@24hspamotos\"]},{\"@type\":\"Person\",\"@id\":\"https:\/\/www.spamotos.com\/en\/#\/schema\/person\/6c5133ba53ed7caade8af07521ce45ce\",\"name\":\"Administrateur\",\"sameAs\":[\"https:\/\/www.spamotos.com\/wp-cms\"]}]}<\/script>\n<!-- \/ Yoast SEO plugin. -->","yoast_head_json":{"title":"THREE POLES WITH AN EWC GOAL AS W\u00d3JCIK RACING TEAM REVEALS NEW #77 LINE-UP - 8h SPA Motos","robots":{"index":"index","follow":"follow","max-snippet":"max-snippet:-1","max-image-preview":"max-image-preview:large","max-video-preview":"max-video-preview:-1"},"canonical":"https:\/\/www.spamotos.com\/en\/three-poles-with-an-ewc-goal-as-wojcik-racing-team-reveals-new-77-line-up\/","og_locale":"en_US","og_type":"article","og_title":"THREE POLES WITH AN EWC GOAL AS W\u00d3JCIK RACING TEAM REVEALS NEW #77 LINE-UP - 8h SPA Motos","og_description":"THREE POLES WITH AN EWC GOAL AS W\u00d3JCIK RACING TEAM REVEALS NEW #77 LINE-UP LE W\u00d3JCIK RACING TEAM D\u00c9VOILE UN \u00c9QUIPAGE N\u00b0 77 ENTI\u00c8REMENT POLONAIS POUR L\u2019EWC W\u00f3jcik Racing Team has announced an all-Polish rider line-up for its #77 FIM Endurance World Championship entry. Le W\u00f3jcik Racing Team a d\u00e9voil\u00e9 un \u00e9quipage 100 % polonais [&hellip;]","og_url":"https:\/\/www.spamotos.com\/en\/three-poles-with-an-ewc-goal-as-wojcik-racing-team-reveals-new-77-line-up\/","og_site_name":"8h SPA Motos","article_publisher":"https:\/\/www.facebook.com\/24hspamotos","article_published_time":"2023-12-18T16:28:35+00:00","article_modified_time":"2026-03-05T16:00:33+00:00","og_image":[{"width":1024,"height":536,"url":"https:\/\/www.spamotos.com\/wp-content\/uploads\/2023\/12\/715add16-ee62-aafb-88ab-97f74c592935-large.jpg","type":"image\/jpeg"}],"author":"Administrateur","twitter_card":"summary_large_image","twitter_creator":"@24hspamotos","twitter_site":"@24hspamotos","schema":{"@context":"https:\/\/schema.org","@graph":[{"@type":"Article","@id":"https:\/\/www.spamotos.com\/en\/three-poles-with-an-ewc-goal-as-wojcik-racing-team-reveals-new-77-line-up\/#article","isPartOf":{"@id":"https:\/\/www.spamotos.com\/en\/three-poles-with-an-ewc-goal-as-wojcik-racing-team-reveals-new-77-line-up\/"},"author":{"name":"Administrateur","@id":"https:\/\/www.spamotos.com\/en\/#\/schema\/person\/6c5133ba53ed7caade8af07521ce45ce"},"headline":"THREE POLES WITH AN EWC GOAL AS W\u00d3JCIK RACING TEAM REVEALS NEW #77 LINE-UP","datePublished":"2023-12-18T16:28:35+00:00","dateModified":"2026-03-05T16:00:33+00:00","mainEntityOfPage":{"@id":"https:\/\/www.spamotos.com\/en\/three-poles-with-an-ewc-goal-as-wojcik-racing-team-reveals-new-77-line-up\/"},"wordCount":1515,"publisher":{"@id":"https:\/\/www.spamotos.com\/en\/#organization"},"articleSection":["2024 Season","Team News"],"inLanguage":"en-US"},{"@type":"WebPage","@id":"https:\/\/www.spamotos.com\/en\/three-poles-with-an-ewc-goal-as-wojcik-racing-team-reveals-new-77-line-up\/","url":"https:\/\/www.spamotos.com\/en\/three-poles-with-an-ewc-goal-as-wojcik-racing-team-reveals-new-77-line-up\/","name":"THREE POLES WITH AN EWC GOAL AS W\u00d3JCIK RACING TEAM REVEALS NEW #77 LINE-UP - 8h SPA Motos","isPartOf":{"@id":"https:\/\/www.spamotos.com\/en\/#website"},"datePublished":"2023-12-18T16:28:35+00:00","dateModified":"2026-03-05T16:00:33+00:00","breadcrumb":{"@id":"https:\/\/www.spamotos.com\/en\/three-poles-with-an-ewc-goal-as-wojcik-racing-team-reveals-new-77-line-up\/#breadcrumb"},"inLanguage":"en-US","potentialAction":[{"@type":"ReadAction","target":["https:\/\/www.spamotos.com\/en\/three-poles-with-an-ewc-goal-as-wojcik-racing-team-reveals-new-77-line-up\/"]}]},{"@type":"BreadcrumbList","@id":"https:\/\/www.spamotos.com\/en\/three-poles-with-an-ewc-goal-as-wojcik-racing-team-reveals-new-77-line-up\/#breadcrumb","itemListElement":[{"@type":"ListItem","position":1,"name":"Accueil","item":"https:\/\/www.spamotos.com\/en\/"},{"@type":"ListItem","position":2,"name":"THREE POLES WITH AN EWC GOAL AS W\u00d3JCIK RACING TEAM REVEALS NEW #77 LINE-UP"}]},{"@type":"WebSite","@id":"https:\/\/www.spamotos.com\/en\/#website","url":"https:\/\/www.spamotos.com\/en\/","name":"8h SPA Motos","description":"Un site utilisant WordPress","publisher":{"@id":"https:\/\/www.spamotos.com\/en\/#organization"},"potentialAction":[{"@type":"SearchAction","target":{"@type":"EntryPoint","urlTemplate":"https:\/\/www.spamotos.com\/en\/?s={search_term_string}"},"query-input":"required name=search_term_string"}],"inLanguage":"en-US"},{"@type":"Organization","@id":"https:\/\/www.spamotos.com\/en\/#organization","name":"8h SPA Motos","url":"https:\/\/www.spamotos.com\/en\/","logo":{"@type":"ImageObject","inLanguage":"en-US","@id":"https:\/\/www.spamotos.com\/en\/#\/schema\/logo\/image\/","url":"https:\/\/www.spamotos.com\/wp-content\/uploads\/2023\/11\/cropped-8Hours-Positif-test-2.png","contentUrl":"https:\/\/www.spamotos.com\/wp-content\/uploads\/2023\/11\/cropped-8Hours-Positif-test-2.png","width":443,"height":200,"caption":"8h SPA Motos"},"image":{"@id":"https:\/\/www.spamotos.com\/en\/#\/schema\/logo\/image\/"},"sameAs":["https:\/\/www.facebook.com\/24hspamotos","https:\/\/twitter.com\/24hspamotos","https:\/\/www.instagram.com\/24hspamotos","https:\/\/www.tiktok.com\/@24hspamotos"]},{"@type":"Person","@id":"https:\/\/www.spamotos.com\/en\/#\/schema\/person\/6c5133ba53ed7caade8af07521ce45ce","name":"Administrateur","sameAs":["https:\/\/www.spamotos.com\/wp-cms"]}]}},"_links":{"self":[{"href":"https:\/\/www.spamotos.com\/en\/wp-json\/wp\/v2\/posts\/5423"}],"collection":[{"href":"https:\/\/www.spamotos.com\/en\/wp-json\/wp\/v2\/posts"}],"about":[{"href":"https:\/\/www.spamotos.com\/en\/wp-json\/wp\/v2\/types\/post"}],"author":[{"embeddable":true,"href":"https:\/\/www.spamotos.com\/en\/wp-json\/wp\/v2\/users\/1"}],"replies":[{"embeddable":true,"href":"https:\/\/www.spamotos.com\/en\/wp-json\/wp\/v2\/comments?post=5423"}],"version-history":[{"count":11,"href":"https:\/\/www.spamotos.com\/en\/wp-json\/wp\/v2\/posts\/5423\/revisions"}],"predecessor-version":[{"id":11496,"href":"https:\/\/www.spamotos.com\/en\/wp-json\/wp\/v2\/posts\/5423\/revisions\/11496"}],"wp:featuredmedia":[{"embeddable":true,"href":"https:\/\/www.spamotos.com\/en\/wp-json\/wp\/v2\/media\/5412"}],"wp:attachment":[{"href":"https:\/\/www.spamotos.com\/en\/wp-json\/wp\/v2\/media?parent=5423"}],"wp:term":[{"taxonomy":"category","embeddable":true,"href":"https:\/\/www.spamotos.com\/en\/wp-json\/wp\/v2\/categories?post=5423"},{"taxonomy":"post_tag","embeddable":true,"href":"https:\/\/www.spamotos.com\/en\/wp-json\/wp\/v2\/tags?post=5423"}],"curies":[{"name":"wp","href":"https:\/\/api.w.org\/{rel}","templated":true}]}}