{"id":6201,"date":"2024-02-26T17:55:33","date_gmt":"2024-02-26T16:55:33","guid":{"rendered":"https:\/\/www.spamotos.com\/?p=6201"},"modified":"2026-03-05T16:56:29","modified_gmt":"2026-03-05T15:56:29","slug":"junior-team-le-mans-sud-suzuki-names-its-four-for-ewcs-european-three","status":"publish","type":"post","link":"https:\/\/www.spamotos.com\/en\/junior-team-le-mans-sud-suzuki-names-its-four-for-ewcs-european-three\/","title":{"rendered":"JUNIOR TEAM LE MANS SUD SUZUKI NAMES ITS FOUR FOR EWC\u2019S EUROPEAN THREE"},"content":{"rendered":"\t\t<div data-elementor-type=\"wp-post\" data-elementor-id=\"6201\" class=\"elementor elementor-6201 elementor-6187\">\n\t\t\t\t\t\t\t\t\t<section class=\"elementor-section elementor-top-section elementor-element elementor-element-0ff5b1e elementor-section-boxed elementor-section-height-default elementor-section-height-default\" data-id=\"0ff5b1e\" data-element_type=\"section\">\n\t\t\t\t\t\t<div class=\"elementor-container elementor-column-gap-default\">\n\t\t\t\t\t<div class=\"elementor-column elementor-col-100 elementor-top-column elementor-element elementor-element-4d4bc21\" data-id=\"4d4bc21\" data-element_type=\"column\">\n\t\t\t<div class=\"elementor-widget-wrap elementor-element-populated\">\n\t\t\t\t\t\t\t\t<div class=\"elementor-element elementor-element-591749e elementor-widget elementor-widget-heading\" data-id=\"591749e\" data-element_type=\"widget\" data-widget_type=\"heading.default\">\n\t\t\t\t<div class=\"elementor-widget-container\">\n\t\t\t<style>\/*! elementor - v3.8.1 - 13-11-2022 *\/\n.elementor-heading-title{padding:0;margin:0;line-height:1}.elementor-widget-heading .elementor-heading-title[class*=elementor-size-]>a{color:inherit;font-size:inherit;line-height:inherit}.elementor-widget-heading .elementor-heading-title.elementor-size-small{font-size:15px}.elementor-widget-heading .elementor-heading-title.elementor-size-medium{font-size:19px}.elementor-widget-heading .elementor-heading-title.elementor-size-large{font-size:29px}.elementor-widget-heading .elementor-heading-title.elementor-size-xl{font-size:39px}.elementor-widget-heading .elementor-heading-title.elementor-size-xxl{font-size:59px}<\/style><h2 class=\"elementor-heading-title elementor-size-default\">JUNIOR TEAM LE MANS SUD SUZUKI NAMES ITS FOUR FOR EWC\u2019S EUROPEAN THREE<\/h2>\t\t<\/div>\n\t\t\t\t<\/div>\n\t\t\t\t<div class=\"elementor-element elementor-element-e7c8cb4 elementor-widget elementor-widget-heading\" data-id=\"e7c8cb4\" data-element_type=\"widget\" data-widget_type=\"heading.default\">\n\t\t\t\t<div class=\"elementor-widget-container\">\n\t\t\t<h2 class=\"elementor-heading-title elementor-size-default\">LE JUNIOR TEAM LE MANS SUD SUZUKI NOMME SON QUATUOR POUR LES TROIS COURSES EUROP\u00c9ENNES DE L\u2019EWC<\/h2>\t\t<\/div>\n\t\t\t\t<\/div>\n\t\t\t\t\t<\/div>\n\t\t<\/div>\n\t\t\t\t\t\t\t<\/div>\n\t\t<\/section>\n\t\t\t\t<section class=\"elementor-section elementor-top-section elementor-element elementor-element-68dc4cd elementor-section-boxed elementor-section-height-default elementor-section-height-default\" data-id=\"68dc4cd\" data-element_type=\"section\">\n\t\t\t\t\t\t<div class=\"elementor-container elementor-column-gap-default\">\n\t\t\t\t\t<div class=\"elementor-column elementor-col-100 elementor-top-column elementor-element elementor-element-f82b239\" data-id=\"f82b239\" data-element_type=\"column\">\n\t\t\t<div class=\"elementor-widget-wrap elementor-element-populated\">\n\t\t\t\t\t\t\t\t<div class=\"elementor-element elementor-element-9c1ff01 elementor-widget elementor-widget-image\" data-id=\"9c1ff01\" data-element_type=\"widget\" data-widget_type=\"image.default\">\n\t\t\t\t<div class=\"elementor-widget-container\">\n\t\t\t<style>\/*! elementor - v3.8.1 - 13-11-2022 *\/\n.elementor-widget-image{text-align:center}.elementor-widget-image a{display:inline-block}.elementor-widget-image a img[src$=\".svg\"]{width:48px}.elementor-widget-image img{vertical-align:middle;display:inline-block}<\/style>\t\t\t\t\t\t\t\t\t\t\t\t<img loading=\"lazy\" decoding=\"async\" width=\"1024\" height=\"630\" src=\"https:\/\/www.spamotos.com\/wp-content\/uploads\/2024\/03\/D-0000781-Fim-Ewc-24H-Motos-2023-large.webp\" class=\"attachment-large size-large\" alt=\"\" srcset=\"https:\/\/www.spamotos.com\/wp-content\/uploads\/2024\/03\/D-0000781-Fim-Ewc-24H-Motos-2023-large.webp 1024w, https:\/\/www.spamotos.com\/wp-content\/uploads\/2024\/03\/D-0000781-Fim-Ewc-24H-Motos-2023-large-300x185.webp 300w, https:\/\/www.spamotos.com\/wp-content\/uploads\/2024\/03\/D-0000781-Fim-Ewc-24H-Motos-2023-large-768x473.webp 768w\" sizes=\"(max-width: 1024px) 100vw, 1024px\" \/>\t\t\t\t\t\t\t\t\t\t\t\t\t\t\t<\/div>\n\t\t\t\t<\/div>\n\t\t\t\t\t<\/div>\n\t\t<\/div>\n\t\t\t\t\t\t\t<\/div>\n\t\t<\/section>\n\t\t\t\t<section class=\"elementor-section elementor-top-section elementor-element elementor-element-696e3db elementor-section-boxed elementor-section-height-default elementor-section-height-default\" data-id=\"696e3db\" data-element_type=\"section\">\n\t\t\t\t\t\t<div class=\"elementor-container elementor-column-gap-default\">\n\t\t\t\t\t<div class=\"elementor-column elementor-col-100 elementor-top-column elementor-element elementor-element-0be2f71\" data-id=\"0be2f71\" data-element_type=\"column\">\n\t\t\t<div class=\"elementor-widget-wrap elementor-element-populated\">\n\t\t\t\t\t\t\t\t<div class=\"elementor-element elementor-element-69c0ae1 elementor-widget elementor-widget-text-editor\" data-id=\"69c0ae1\" data-element_type=\"widget\" data-widget_type=\"text-editor.default\">\n\t\t\t\t<div class=\"elementor-widget-container\">\n\t\t\t<style>\/*! elementor - v3.8.1 - 13-11-2022 *\/\n.elementor-widget-text-editor.elementor-drop-cap-view-stacked .elementor-drop-cap{background-color:#818a91;color:#fff}.elementor-widget-text-editor.elementor-drop-cap-view-framed .elementor-drop-cap{color:#818a91;border:3px solid;background-color:transparent}.elementor-widget-text-editor:not(.elementor-drop-cap-view-default) .elementor-drop-cap{margin-top:8px}.elementor-widget-text-editor:not(.elementor-drop-cap-view-default) .elementor-drop-cap-letter{width:1em;height:1em}.elementor-widget-text-editor .elementor-drop-cap{float:left;text-align:center;line-height:1;font-size:50px}.elementor-widget-text-editor .elementor-drop-cap-letter{display:inline-block}<\/style>\t\t\t\t<div class=\"flex flex-col items-center gap-4 w-full md:w-3\/4\"><div class=\"html-content mt-4\"><p><strong>Junior Team Le Mans Sud Suzuki has named the four riders it will count on for FIM Endurance World Cup success in 2024 along with the support of 10 student mechanics.<\/strong><\/p><p><strong>\u00a0<\/strong><\/p><p>Gr\u00e9gory Carbonnel, Dorian Da-R\u00e9, Vincent Ferr\u00e9 and Dylan Mille will ride its Dunlop-equipped, Superstock-specification Suzuki during the upcoming season.<\/p><p>\u00a0<\/p><p>The French quartet will contest the three European rounds of the FIM Endurance World Championship, the 24 Heures Motos at Le Mans in France, the 8 Hours of Spa Motos and Circuit de Spa-Francorchamps in Belgium and the Bol d\u2019Or at Circuit Paul Ricard in France.<\/p><p>\u00a0<\/p><p>Junior Team Le Mans Sud Suzuki is overseen by Damien Saulnier, Team Manager of the FIM EWC world-title winning Yoshimura SERT Motul operation and provides vocational training opportunities for students from the Le Mans Sud school.<\/p><p>\u00a0<\/p><p>The 24 Heures Motos opens the 2024 EWC season from 18-21 April.\u00a0<\/p><\/div><\/div>\t\t\t\t\t\t<\/div>\n\t\t\t\t<\/div>\n\t\t\t\t\t<\/div>\n\t\t<\/div>\n\t\t\t\t\t\t\t<\/div>\n\t\t<\/section>\n\t\t\t\t<section class=\"elementor-section elementor-top-section elementor-element elementor-element-da24edb elementor-section-boxed elementor-section-height-default elementor-section-height-default\" data-id=\"da24edb\" data-element_type=\"section\">\n\t\t\t\t\t\t<div class=\"elementor-container elementor-column-gap-default\">\n\t\t\t\t\t<div class=\"elementor-column elementor-col-100 elementor-top-column elementor-element elementor-element-a07343f\" data-id=\"a07343f\" data-element_type=\"column\">\n\t\t\t<div class=\"elementor-widget-wrap elementor-element-populated\">\n\t\t\t\t\t\t\t\t<div class=\"elementor-element elementor-element-5e449c4 elementor-widget elementor-widget-text-editor\" data-id=\"5e449c4\" data-element_type=\"widget\" data-widget_type=\"text-editor.default\">\n\t\t\t\t<div class=\"elementor-widget-container\">\n\t\t\t\t\t\t\t<p><strong>Le Junior Team Le Mans Sud Suzuki a nomm\u00e9 les quatre pilotes sur lesquels il comptera dans le cadre de la Coupe du Monde d\u2019Endurance FIM 2024, avec le soutien de dix \u00e9tudiants en m\u00e9canique.<\/strong><\/p><p><strong>\u00a0<\/strong><\/p><p>Gr\u00e9gory Carbonnel, Dorian Da-R\u00e9, Vincent Ferr\u00e9 et Dylan Mille piloteront la Suzuki \u00e9quip\u00e9e de Dunlop et en configuration Superstock durant la saison \u00e0 venir.<\/p><p>\u00a0<\/p><p>Cet \u00e9quipage 100 % fran\u00e7ais disputera les trois manches europ\u00e9ennes du Championnat du Monde d\u2019Endurance FIM que seront les 24 Heures Motos, au Mans, les 8 Heures de Spa Motos sur le Circuit de Spa-Francorchamps, en Belgique, et le Bol d\u2019Or, deuxi\u00e8me manche nationale pour les quatre motards sur le Circuit Paul Ricard.<\/p><p>\u00a0<\/p><p>Le Junior Team Le Mans Sud Suzuki est supervis\u00e9 par Damien Saulnier, Team Manager du Yoshimura SERT Motul titr\u00e9 en EWC, et fournit des opportunit\u00e9s de formation professionnelle aux \u00e9tudiants de l\u2019\u00e9cole Le Mans Sud.\u00a0<\/p><p>\u00a0<\/p><p>Les 24 Heures Motos lanceront la saison EWC 2024 du 18 au 21 avril.\u00a0<\/p>\t\t\t\t\t\t<\/div>\n\t\t\t\t<\/div>\n\t\t\t\t\t<\/div>\n\t\t<\/div>\n\t\t\t\t\t\t\t<\/div>\n\t\t<\/section>\n\t\t\t\t\t\t\t<\/div>\n\t\t","protected":false},"excerpt":{"rendered":"<p>JUNIOR TEAM LE MANS SUD SUZUKI NAMES ITS FOUR FOR EWC\u2019S EUROPEAN THREE LE JUNIOR TEAM LE MANS SUD SUZUKI NOMME SON QUATUOR POUR LES TROIS COURSES EUROP\u00c9ENNES DE L\u2019EWC Junior Team Le Mans Sud Suzuki has named the four riders it will count on for FIM Endurance World Cup success in 2024 along with [&hellip;]<\/p>\n","protected":false},"author":1,"featured_media":6189,"comment_status":"closed","ping_status":"open","sticky":false,"template":"","format":"standard","meta":{"footnotes":""},"categories":[62,64],"tags":[],"acf":[],"yoast_head":"<!-- This site is optimized with the Yoast SEO plugin v21.6 - https:\/\/yoast.com\/wordpress\/plugins\/seo\/ -->\n<title>JUNIOR TEAM LE MANS SUD SUZUKI NAMES ITS FOUR FOR EWC\u2019S EUROPEAN THREE - 8h SPA Motos<\/title>\n<meta name=\"robots\" content=\"index, follow, max-snippet:-1, max-image-preview:large, max-video-preview:-1\" \/>\n<link rel=\"canonical\" href=\"https:\/\/www.spamotos.com\/en\/junior-team-le-mans-sud-suzuki-names-its-four-for-ewcs-european-three\/\" \/>\n<meta property=\"og:locale\" content=\"en_US\" \/>\n<meta property=\"og:type\" content=\"article\" \/>\n<meta property=\"og:title\" content=\"JUNIOR TEAM LE MANS SUD SUZUKI NAMES ITS FOUR FOR EWC\u2019S EUROPEAN THREE - 8h SPA Motos\" \/>\n<meta property=\"og:description\" content=\"JUNIOR TEAM LE MANS SUD SUZUKI NAMES ITS FOUR FOR EWC\u2019S EUROPEAN THREE LE JUNIOR TEAM LE MANS SUD SUZUKI NOMME SON QUATUOR POUR LES TROIS COURSES EUROP\u00c9ENNES DE L\u2019EWC Junior Team Le Mans Sud Suzuki has named the four riders it will count on for FIM Endurance World Cup success in 2024 along with [&hellip;]\" \/>\n<meta property=\"og:url\" content=\"https:\/\/www.spamotos.com\/en\/junior-team-le-mans-sud-suzuki-names-its-four-for-ewcs-european-three\/\" \/>\n<meta property=\"og:site_name\" content=\"8h SPA Motos\" \/>\n<meta property=\"article:publisher\" content=\"https:\/\/www.facebook.com\/24hspamotos\" \/>\n<meta property=\"article:published_time\" content=\"2024-02-26T16:55:33+00:00\" \/>\n<meta property=\"article:modified_time\" content=\"2026-03-05T15:56:29+00:00\" \/>\n<meta property=\"og:image\" content=\"https:\/\/www.spamotos.com\/wp-content\/uploads\/2024\/03\/D-0000781-Fim-Ewc-24H-Motos-2023-large.webp\" \/>\n\t<meta property=\"og:image:width\" content=\"1024\" \/>\n\t<meta property=\"og:image:height\" content=\"630\" \/>\n\t<meta property=\"og:image:type\" content=\"image\/webp\" \/>\n<meta name=\"author\" content=\"Administrateur\" \/>\n<meta name=\"twitter:card\" content=\"summary_large_image\" \/>\n<meta name=\"twitter:creator\" content=\"@24hspamotos\" \/>\n<meta name=\"twitter:site\" content=\"@24hspamotos\" \/>\n<script type=\"application\/ld+json\" class=\"yoast-schema-graph\">{\"@context\":\"https:\/\/schema.org\",\"@graph\":[{\"@type\":\"Article\",\"@id\":\"https:\/\/www.spamotos.com\/en\/junior-team-le-mans-sud-suzuki-names-its-four-for-ewcs-european-three\/#article\",\"isPartOf\":{\"@id\":\"https:\/\/www.spamotos.com\/en\/junior-team-le-mans-sud-suzuki-names-its-four-for-ewcs-european-three\/\"},\"author\":{\"name\":\"Administrateur\",\"@id\":\"https:\/\/www.spamotos.com\/en\/#\/schema\/person\/6c5133ba53ed7caade8af07521ce45ce\"},\"headline\":\"JUNIOR TEAM LE MANS SUD SUZUKI NAMES ITS FOUR FOR EWC\u2019S EUROPEAN THREE\",\"datePublished\":\"2024-02-26T16:55:33+00:00\",\"dateModified\":\"2026-03-05T15:56:29+00:00\",\"mainEntityOfPage\":{\"@id\":\"https:\/\/www.spamotos.com\/en\/junior-team-le-mans-sud-suzuki-names-its-four-for-ewcs-european-three\/\"},\"wordCount\":349,\"publisher\":{\"@id\":\"https:\/\/www.spamotos.com\/en\/#organization\"},\"articleSection\":[\"2024 Season\",\"Team News\"],\"inLanguage\":\"en-US\"},{\"@type\":\"WebPage\",\"@id\":\"https:\/\/www.spamotos.com\/en\/junior-team-le-mans-sud-suzuki-names-its-four-for-ewcs-european-three\/\",\"url\":\"https:\/\/www.spamotos.com\/en\/junior-team-le-mans-sud-suzuki-names-its-four-for-ewcs-european-three\/\",\"name\":\"JUNIOR TEAM LE MANS SUD SUZUKI NAMES ITS FOUR FOR EWC\u2019S EUROPEAN THREE - 8h SPA Motos\",\"isPartOf\":{\"@id\":\"https:\/\/www.spamotos.com\/en\/#website\"},\"datePublished\":\"2024-02-26T16:55:33+00:00\",\"dateModified\":\"2026-03-05T15:56:29+00:00\",\"breadcrumb\":{\"@id\":\"https:\/\/www.spamotos.com\/en\/junior-team-le-mans-sud-suzuki-names-its-four-for-ewcs-european-three\/#breadcrumb\"},\"inLanguage\":\"en-US\",\"potentialAction\":[{\"@type\":\"ReadAction\",\"target\":[\"https:\/\/www.spamotos.com\/en\/junior-team-le-mans-sud-suzuki-names-its-four-for-ewcs-european-three\/\"]}]},{\"@type\":\"BreadcrumbList\",\"@id\":\"https:\/\/www.spamotos.com\/en\/junior-team-le-mans-sud-suzuki-names-its-four-for-ewcs-european-three\/#breadcrumb\",\"itemListElement\":[{\"@type\":\"ListItem\",\"position\":1,\"name\":\"Accueil\",\"item\":\"https:\/\/www.spamotos.com\/en\/\"},{\"@type\":\"ListItem\",\"position\":2,\"name\":\"JUNIOR TEAM LE MANS SUD SUZUKI NAMES ITS FOUR FOR EWC\u2019S EUROPEAN THREE\"}]},{\"@type\":\"WebSite\",\"@id\":\"https:\/\/www.spamotos.com\/en\/#website\",\"url\":\"https:\/\/www.spamotos.com\/en\/\",\"name\":\"8h SPA Motos\",\"description\":\"Un site utilisant WordPress\",\"publisher\":{\"@id\":\"https:\/\/www.spamotos.com\/en\/#organization\"},\"potentialAction\":[{\"@type\":\"SearchAction\",\"target\":{\"@type\":\"EntryPoint\",\"urlTemplate\":\"https:\/\/www.spamotos.com\/en\/?s={search_term_string}\"},\"query-input\":\"required name=search_term_string\"}],\"inLanguage\":\"en-US\"},{\"@type\":\"Organization\",\"@id\":\"https:\/\/www.spamotos.com\/en\/#organization\",\"name\":\"8h SPA Motos\",\"url\":\"https:\/\/www.spamotos.com\/en\/\",\"logo\":{\"@type\":\"ImageObject\",\"inLanguage\":\"en-US\",\"@id\":\"https:\/\/www.spamotos.com\/en\/#\/schema\/logo\/image\/\",\"url\":\"https:\/\/www.spamotos.com\/wp-content\/uploads\/2023\/11\/cropped-8Hours-Positif-test-2.png\",\"contentUrl\":\"https:\/\/www.spamotos.com\/wp-content\/uploads\/2023\/11\/cropped-8Hours-Positif-test-2.png\",\"width\":443,\"height\":200,\"caption\":\"8h SPA Motos\"},\"image\":{\"@id\":\"https:\/\/www.spamotos.com\/en\/#\/schema\/logo\/image\/\"},\"sameAs\":[\"https:\/\/www.facebook.com\/24hspamotos\",\"https:\/\/twitter.com\/24hspamotos\",\"https:\/\/www.instagram.com\/24hspamotos\",\"https:\/\/www.tiktok.com\/@24hspamotos\"]},{\"@type\":\"Person\",\"@id\":\"https:\/\/www.spamotos.com\/en\/#\/schema\/person\/6c5133ba53ed7caade8af07521ce45ce\",\"name\":\"Administrateur\",\"sameAs\":[\"https:\/\/www.spamotos.com\/wp-cms\"]}]}<\/script>\n<!-- \/ Yoast SEO plugin. -->","yoast_head_json":{"title":"JUNIOR TEAM LE MANS SUD SUZUKI NAMES ITS FOUR FOR EWC\u2019S EUROPEAN THREE - 8h SPA Motos","robots":{"index":"index","follow":"follow","max-snippet":"max-snippet:-1","max-image-preview":"max-image-preview:large","max-video-preview":"max-video-preview:-1"},"canonical":"https:\/\/www.spamotos.com\/en\/junior-team-le-mans-sud-suzuki-names-its-four-for-ewcs-european-three\/","og_locale":"en_US","og_type":"article","og_title":"JUNIOR TEAM LE MANS SUD SUZUKI NAMES ITS FOUR FOR EWC\u2019S EUROPEAN THREE - 8h SPA Motos","og_description":"JUNIOR TEAM LE MANS SUD SUZUKI NAMES ITS FOUR FOR EWC\u2019S EUROPEAN THREE LE JUNIOR TEAM LE MANS SUD SUZUKI NOMME SON QUATUOR POUR LES TROIS COURSES EUROP\u00c9ENNES DE L\u2019EWC Junior Team Le Mans Sud Suzuki has named the four riders it will count on for FIM Endurance World Cup success in 2024 along with [&hellip;]","og_url":"https:\/\/www.spamotos.com\/en\/junior-team-le-mans-sud-suzuki-names-its-four-for-ewcs-european-three\/","og_site_name":"8h SPA Motos","article_publisher":"https:\/\/www.facebook.com\/24hspamotos","article_published_time":"2024-02-26T16:55:33+00:00","article_modified_time":"2026-03-05T15:56:29+00:00","og_image":[{"width":1024,"height":630,"url":"https:\/\/www.spamotos.com\/wp-content\/uploads\/2024\/03\/D-0000781-Fim-Ewc-24H-Motos-2023-large.webp","type":"image\/webp"}],"author":"Administrateur","twitter_card":"summary_large_image","twitter_creator":"@24hspamotos","twitter_site":"@24hspamotos","schema":{"@context":"https:\/\/schema.org","@graph":[{"@type":"Article","@id":"https:\/\/www.spamotos.com\/en\/junior-team-le-mans-sud-suzuki-names-its-four-for-ewcs-european-three\/#article","isPartOf":{"@id":"https:\/\/www.spamotos.com\/en\/junior-team-le-mans-sud-suzuki-names-its-four-for-ewcs-european-three\/"},"author":{"name":"Administrateur","@id":"https:\/\/www.spamotos.com\/en\/#\/schema\/person\/6c5133ba53ed7caade8af07521ce45ce"},"headline":"JUNIOR TEAM LE MANS SUD SUZUKI NAMES ITS FOUR FOR EWC\u2019S EUROPEAN THREE","datePublished":"2024-02-26T16:55:33+00:00","dateModified":"2026-03-05T15:56:29+00:00","mainEntityOfPage":{"@id":"https:\/\/www.spamotos.com\/en\/junior-team-le-mans-sud-suzuki-names-its-four-for-ewcs-european-three\/"},"wordCount":349,"publisher":{"@id":"https:\/\/www.spamotos.com\/en\/#organization"},"articleSection":["2024 Season","Team News"],"inLanguage":"en-US"},{"@type":"WebPage","@id":"https:\/\/www.spamotos.com\/en\/junior-team-le-mans-sud-suzuki-names-its-four-for-ewcs-european-three\/","url":"https:\/\/www.spamotos.com\/en\/junior-team-le-mans-sud-suzuki-names-its-four-for-ewcs-european-three\/","name":"JUNIOR TEAM LE MANS SUD SUZUKI NAMES ITS FOUR FOR EWC\u2019S EUROPEAN THREE - 8h SPA Motos","isPartOf":{"@id":"https:\/\/www.spamotos.com\/en\/#website"},"datePublished":"2024-02-26T16:55:33+00:00","dateModified":"2026-03-05T15:56:29+00:00","breadcrumb":{"@id":"https:\/\/www.spamotos.com\/en\/junior-team-le-mans-sud-suzuki-names-its-four-for-ewcs-european-three\/#breadcrumb"},"inLanguage":"en-US","potentialAction":[{"@type":"ReadAction","target":["https:\/\/www.spamotos.com\/en\/junior-team-le-mans-sud-suzuki-names-its-four-for-ewcs-european-three\/"]}]},{"@type":"BreadcrumbList","@id":"https:\/\/www.spamotos.com\/en\/junior-team-le-mans-sud-suzuki-names-its-four-for-ewcs-european-three\/#breadcrumb","itemListElement":[{"@type":"ListItem","position":1,"name":"Accueil","item":"https:\/\/www.spamotos.com\/en\/"},{"@type":"ListItem","position":2,"name":"JUNIOR TEAM LE MANS SUD SUZUKI NAMES ITS FOUR FOR EWC\u2019S EUROPEAN THREE"}]},{"@type":"WebSite","@id":"https:\/\/www.spamotos.com\/en\/#website","url":"https:\/\/www.spamotos.com\/en\/","name":"8h SPA Motos","description":"Un site utilisant WordPress","publisher":{"@id":"https:\/\/www.spamotos.com\/en\/#organization"},"potentialAction":[{"@type":"SearchAction","target":{"@type":"EntryPoint","urlTemplate":"https:\/\/www.spamotos.com\/en\/?s={search_term_string}"},"query-input":"required name=search_term_string"}],"inLanguage":"en-US"},{"@type":"Organization","@id":"https:\/\/www.spamotos.com\/en\/#organization","name":"8h SPA Motos","url":"https:\/\/www.spamotos.com\/en\/","logo":{"@type":"ImageObject","inLanguage":"en-US","@id":"https:\/\/www.spamotos.com\/en\/#\/schema\/logo\/image\/","url":"https:\/\/www.spamotos.com\/wp-content\/uploads\/2023\/11\/cropped-8Hours-Positif-test-2.png","contentUrl":"https:\/\/www.spamotos.com\/wp-content\/uploads\/2023\/11\/cropped-8Hours-Positif-test-2.png","width":443,"height":200,"caption":"8h SPA Motos"},"image":{"@id":"https:\/\/www.spamotos.com\/en\/#\/schema\/logo\/image\/"},"sameAs":["https:\/\/www.facebook.com\/24hspamotos","https:\/\/twitter.com\/24hspamotos","https:\/\/www.instagram.com\/24hspamotos","https:\/\/www.tiktok.com\/@24hspamotos"]},{"@type":"Person","@id":"https:\/\/www.spamotos.com\/en\/#\/schema\/person\/6c5133ba53ed7caade8af07521ce45ce","name":"Administrateur","sameAs":["https:\/\/www.spamotos.com\/wp-cms"]}]}},"_links":{"self":[{"href":"https:\/\/www.spamotos.com\/en\/wp-json\/wp\/v2\/posts\/6201"}],"collection":[{"href":"https:\/\/www.spamotos.com\/en\/wp-json\/wp\/v2\/posts"}],"about":[{"href":"https:\/\/www.spamotos.com\/en\/wp-json\/wp\/v2\/types\/post"}],"author":[{"embeddable":true,"href":"https:\/\/www.spamotos.com\/en\/wp-json\/wp\/v2\/users\/1"}],"replies":[{"embeddable":true,"href":"https:\/\/www.spamotos.com\/en\/wp-json\/wp\/v2\/comments?post=6201"}],"version-history":[{"count":5,"href":"https:\/\/www.spamotos.com\/en\/wp-json\/wp\/v2\/posts\/6201\/revisions"}],"predecessor-version":[{"id":11465,"href":"https:\/\/www.spamotos.com\/en\/wp-json\/wp\/v2\/posts\/6201\/revisions\/11465"}],"wp:featuredmedia":[{"embeddable":true,"href":"https:\/\/www.spamotos.com\/en\/wp-json\/wp\/v2\/media\/6189"}],"wp:attachment":[{"href":"https:\/\/www.spamotos.com\/en\/wp-json\/wp\/v2\/media?parent=6201"}],"wp:term":[{"taxonomy":"category","embeddable":true,"href":"https:\/\/www.spamotos.com\/en\/wp-json\/wp\/v2\/categories?post=6201"},{"taxonomy":"post_tag","embeddable":true,"href":"https:\/\/www.spamotos.com\/en\/wp-json\/wp\/v2\/tags?post=6201"}],"curies":[{"name":"wp","href":"https:\/\/api.w.org\/{rel}","templated":true}]}}