{"id":9564,"date":"2025-02-12T17:30:25","date_gmt":"2025-02-12T16:30:25","guid":{"rendered":"https:\/\/www.spamotos.com\/?p=9564"},"modified":"2025-09-20T13:25:57","modified_gmt":"2025-09-20T11:25:57","slug":"team-33-louit-april-moto-launches-ewc-hat-trick-bid","status":"publish","type":"post","link":"https:\/\/www.spamotos.com\/en\/team-33-louit-april-moto-launches-ewc-hat-trick-bid\/","title":{"rendered":"Team 33 Louit April Moto launches EWC hat-trick bid"},"content":{"rendered":"\t\t<div data-elementor-type=\"wp-post\" data-elementor-id=\"9564\" class=\"elementor elementor-9564 elementor-9537\">\n\t\t\t\t\t\t\t\t\t<section class=\"elementor-section elementor-top-section elementor-element elementor-element-16442d9 elementor-section-content-middle elementor-section-boxed elementor-section-height-default elementor-section-height-default\" data-id=\"16442d9\" data-element_type=\"section\">\n\t\t\t\t\t\t<div class=\"elementor-container elementor-column-gap-default\">\n\t\t\t\t\t<div class=\"elementor-column elementor-col-100 elementor-top-column elementor-element elementor-element-ead0c0b\" data-id=\"ead0c0b\" data-element_type=\"column\">\n\t\t\t<div class=\"elementor-widget-wrap elementor-element-populated\">\n\t\t\t\t\t\t\t\t<div class=\"elementor-element elementor-element-4b26c1c elementor-widget elementor-widget-image\" data-id=\"4b26c1c\" data-element_type=\"widget\" data-widget_type=\"image.default\">\n\t\t\t\t<div class=\"elementor-widget-container\">\n\t\t\t<style>\/*! elementor - v3.8.1 - 13-11-2022 *\/\n.elementor-widget-image{text-align:center}.elementor-widget-image a{display:inline-block}.elementor-widget-image a img[src$=\".svg\"]{width:48px}.elementor-widget-image img{vertical-align:middle;display:inline-block}<\/style>\t\t\t\t\t\t\t\t\t\t\t\t<img loading=\"lazy\" decoding=\"async\" width=\"1024\" height=\"683\" src=\"https:\/\/www.spamotos.com\/wp-content\/uploads\/2025\/02\/01-David-Sanchis-Team-33-Louit-April-Moto-large.webp\" class=\"attachment-large size-large\" alt=\"\" srcset=\"https:\/\/www.spamotos.com\/wp-content\/uploads\/2025\/02\/01-David-Sanchis-Team-33-Louit-April-Moto-large.webp 1024w, https:\/\/www.spamotos.com\/wp-content\/uploads\/2025\/02\/01-David-Sanchis-Team-33-Louit-April-Moto-large-300x200.webp 300w, https:\/\/www.spamotos.com\/wp-content\/uploads\/2025\/02\/01-David-Sanchis-Team-33-Louit-April-Moto-large-768x512.webp 768w\" sizes=\"(max-width: 1024px) 100vw, 1024px\" \/>\t\t\t\t\t\t\t\t\t\t\t\t\t\t\t<\/div>\n\t\t\t\t<\/div>\n\t\t\t\t<div class=\"elementor-element elementor-element-d9ff84f elementor-widget elementor-widget-text-editor\" data-id=\"d9ff84f\" data-element_type=\"widget\" data-widget_type=\"text-editor.default\">\n\t\t\t\t<div class=\"elementor-widget-container\">\n\t\t\t<style>\/*! elementor - v3.8.1 - 13-11-2022 *\/\n.elementor-widget-text-editor.elementor-drop-cap-view-stacked .elementor-drop-cap{background-color:#818a91;color:#fff}.elementor-widget-text-editor.elementor-drop-cap-view-framed .elementor-drop-cap{color:#818a91;border:3px solid;background-color:transparent}.elementor-widget-text-editor:not(.elementor-drop-cap-view-default) .elementor-drop-cap{margin-top:8px}.elementor-widget-text-editor:not(.elementor-drop-cap-view-default) .elementor-drop-cap-letter{width:1em;height:1em}.elementor-widget-text-editor .elementor-drop-cap{float:left;text-align:center;line-height:1;font-size:50px}.elementor-widget-text-editor .elementor-drop-cap-letter{display:inline-block}<\/style>\t\t\t\t<p data-start=\"0\" data-end=\"174\">Team 33 Louit April Moto has its sights set on a third FIM Endurance World Cup title as the team prepares for the season opener at the 24 Heures Motos, from April 17 to 20.<\/p><p data-start=\"176\" data-end=\"416\" data-is-last-node=\"\">Winners of the Superstock title in 2015 and again in 2023, Team 33 Louit April Moto is aiming for another success in the EWC with its current riders: Frenchman Guillaume Antiga, Spaniards David Sanch\u00eds and Daniel S\u00e1ez, and Briton Tom Neave.<\/p>\t\t\t\t\t\t<\/div>\n\t\t\t\t<\/div>\n\t\t\t\t<div class=\"elementor-element elementor-element-99eda97 elementor-widget elementor-widget-text-editor\" data-id=\"99eda97\" data-element_type=\"widget\" data-widget_type=\"text-editor.default\">\n\t\t\t\t<div class=\"elementor-widget-container\">\n\t\t\t\t\t\t\t<p data-start=\"0\" data-end=\"203\">Team 33 Louit April Moto a en ligne de mire un troisi\u00e8me titre en Coupe du Monde d&#8217;Endurance FIM alors que l&#8217;\u00e9quipe se pr\u00e9pare pour l&#8217;ouverture de la saison avec les 24 Heures Motos, du 17 au 20 avril.<\/p><p data-start=\"205\" data-end=\"478\">Vainqueur du titre Superstock en 2015 et de nouveau en 2023, Team 33 Louit April Moto vise un nouveau succ\u00e8s en EWC avec ses pilotes actuels, le Fran\u00e7ais Guillaume Antiga et l\u2019Espagnol David Sanch\u00eds, ainsi que Daniel S\u00e1ez, \u00e9galement espagnol, et le Britannique Tom Neave.<\/p>\t\t\t\t\t\t<\/div>\n\t\t\t\t<\/div>\n\t\t\t\t\t<\/div>\n\t\t<\/div>\n\t\t\t\t\t\t\t<\/div>\n\t\t<\/section>\n\t\t\t\t<section class=\"elementor-section elementor-top-section elementor-element elementor-element-f2caf6a elementor-section-boxed elementor-section-height-default elementor-section-height-default\" data-id=\"f2caf6a\" data-element_type=\"section\">\n\t\t\t\t\t\t<div class=\"elementor-container elementor-column-gap-default\">\n\t\t\t\t\t<div class=\"elementor-column elementor-col-100 elementor-top-column elementor-element elementor-element-a0dd15b\" data-id=\"a0dd15b\" data-element_type=\"column\">\n\t\t\t<div class=\"elementor-widget-wrap elementor-element-populated\">\n\t\t\t\t\t\t\t\t<section class=\"elementor-section elementor-inner-section elementor-element elementor-element-e6b41d7 elementor-section-content-middle elementor-section-boxed elementor-section-height-default elementor-section-height-default\" data-id=\"e6b41d7\" data-element_type=\"section\">\n\t\t\t\t\t\t<div class=\"elementor-container elementor-column-gap-default\">\n\t\t\t\t\t<div class=\"elementor-column elementor-col-33 elementor-inner-column elementor-element elementor-element-0609120\" data-id=\"0609120\" data-element_type=\"column\">\n\t\t\t<div class=\"elementor-widget-wrap elementor-element-populated\">\n\t\t\t\t\t\t\t\t<div class=\"elementor-element elementor-element-0ce4b9d elementor-widget elementor-widget-text-editor\" data-id=\"0ce4b9d\" data-element_type=\"widget\" data-widget_type=\"text-editor.default\">\n\t\t\t\t<div class=\"elementor-widget-container\">\n\t\t\t\t\t\t\t<p><b>Fr\u00e9d\u00e9ric Louit, Team Manager<\/b> :\u00a0<\/p><p>\u00a0<\/p><p>\u00ab <em>Dani et Tom ont une grande exp\u00e9rience des courses sprint, et nous comptons sur eux pour \u00eatre performants au sein de l\u2019\u00e9quipe. Nous allons \u00e9galement b\u00e9n\u00e9ficier de l\u2019exp\u00e9rience de Guillaume et David avec notre Kawasaki. Nous voulons d\u00e9crocher ce troisi\u00e8me titre tant attendu<\/em>. \u00bb.<\/p>\t\t\t\t\t\t<\/div>\n\t\t\t\t<\/div>\n\t\t\t\t\t<\/div>\n\t\t<\/div>\n\t\t\t\t<div class=\"elementor-column elementor-col-33 elementor-inner-column elementor-element elementor-element-e7660bd\" data-id=\"e7660bd\" data-element_type=\"column\">\n\t\t\t<div class=\"elementor-widget-wrap elementor-element-populated\">\n\t\t\t\t\t\t\t\t<div class=\"elementor-element elementor-element-bc0a992 elementor-widget elementor-widget-image\" data-id=\"bc0a992\" data-element_type=\"widget\" data-widget_type=\"image.default\">\n\t\t\t\t<div class=\"elementor-widget-container\">\n\t\t\t\t\t\t\t\t\t\t\t\t\t\t\t<img loading=\"lazy\" decoding=\"async\" width=\"436\" height=\"533\" src=\"https:\/\/www.spamotos.com\/wp-content\/uploads\/2025\/02\/frederic-louit-le-patron-de-factory-moto-suzuki-a-merignac.jpg\" class=\"attachment-large size-large\" alt=\"\" srcset=\"https:\/\/www.spamotos.com\/wp-content\/uploads\/2025\/02\/frederic-louit-le-patron-de-factory-moto-suzuki-a-merignac.jpg 436w, https:\/\/www.spamotos.com\/wp-content\/uploads\/2025\/02\/frederic-louit-le-patron-de-factory-moto-suzuki-a-merignac-245x300.jpg 245w\" sizes=\"(max-width: 436px) 100vw, 436px\" \/>\t\t\t\t\t\t\t\t\t\t\t\t\t\t\t<\/div>\n\t\t\t\t<\/div>\n\t\t\t\t\t<\/div>\n\t\t<\/div>\n\t\t\t\t<div class=\"elementor-column elementor-col-33 elementor-inner-column elementor-element elementor-element-ddde52e\" data-id=\"ddde52e\" data-element_type=\"column\">\n\t\t\t<div class=\"elementor-widget-wrap elementor-element-populated\">\n\t\t\t\t\t\t\t\t<div class=\"elementor-element elementor-element-6a8cf62 elementor-widget elementor-widget-text-editor\" data-id=\"6a8cf62\" data-element_type=\"widget\" data-widget_type=\"text-editor.default\">\n\t\t\t\t<div class=\"elementor-widget-container\">\n\t\t\t\t\t\t\t<p><b>Fr\u00e9d\u00e9ric Louit, Team Manager<\/b>\u00a0 :\u00a0<\/p><p>\u00a0<\/p><p>\u00abDani and Tom have a lot of experience in sprint racing, and we are counting on them to perform well within the team. We will also benefit from Guillaume and David&#8217;s experience with our Kawasaki. We want to secure this long-awaited third title.<span style=\"color: var( --e-global-color-primary ); font-size: 0.875rem;\">\u00bb.<\/span><\/p>\t\t\t\t\t\t<\/div>\n\t\t\t\t<\/div>\n\t\t\t\t\t<\/div>\n\t\t<\/div>\n\t\t\t\t\t\t\t<\/div>\n\t\t<\/section>\n\t\t\t\t\t<\/div>\n\t\t<\/div>\n\t\t\t\t\t\t\t<\/div>\n\t\t<\/section>\n\t\t\t\t<section class=\"elementor-section elementor-top-section elementor-element elementor-element-dc32416 elementor-section-boxed elementor-section-height-default elementor-section-height-default\" data-id=\"dc32416\" data-element_type=\"section\">\n\t\t\t\t\t\t<div class=\"elementor-container elementor-column-gap-default\">\n\t\t\t\t\t<div class=\"elementor-column elementor-col-100 elementor-top-column elementor-element elementor-element-a7b34ea\" data-id=\"a7b34ea\" data-element_type=\"column\">\n\t\t\t<div class=\"elementor-widget-wrap elementor-element-populated\">\n\t\t\t\t\t\t\t\t<section class=\"elementor-section elementor-inner-section elementor-element elementor-element-266dc8b elementor-section-content-middle elementor-section-boxed elementor-section-height-default elementor-section-height-default\" data-id=\"266dc8b\" data-element_type=\"section\">\n\t\t\t\t\t\t<div class=\"elementor-container elementor-column-gap-default\">\n\t\t\t\t\t<div class=\"elementor-column elementor-col-50 elementor-inner-column elementor-element elementor-element-9946443\" data-id=\"9946443\" data-element_type=\"column\">\n\t\t\t<div class=\"elementor-widget-wrap elementor-element-populated\">\n\t\t\t\t\t\t\t\t<div class=\"elementor-element elementor-element-6508edb elementor-widget elementor-widget-heading\" data-id=\"6508edb\" data-element_type=\"widget\" data-widget_type=\"heading.default\">\n\t\t\t\t<div class=\"elementor-widget-container\">\n\t\t\t<style>\/*! elementor - v3.8.1 - 13-11-2022 *\/\n.elementor-heading-title{padding:0;margin:0;line-height:1}.elementor-widget-heading .elementor-heading-title[class*=elementor-size-]>a{color:inherit;font-size:inherit;line-height:inherit}.elementor-widget-heading .elementor-heading-title.elementor-size-small{font-size:15px}.elementor-widget-heading .elementor-heading-title.elementor-size-medium{font-size:19px}.elementor-widget-heading .elementor-heading-title.elementor-size-large{font-size:29px}.elementor-widget-heading .elementor-heading-title.elementor-size-xl{font-size:39px}.elementor-widget-heading .elementor-heading-title.elementor-size-xxl{font-size:59px}<\/style><h2 class=\"elementor-heading-title elementor-size-default\">Guillaume Antiga<\/h2>\t\t<\/div>\n\t\t\t\t<\/div>\n\t\t\t\t<div class=\"elementor-element elementor-element-3fdf1dd elementor-widget elementor-widget-text-editor\" data-id=\"3fdf1dd\" data-element_type=\"widget\" data-widget_type=\"text-editor.default\">\n\t\t\t\t<div class=\"elementor-widget-container\">\n\t\t\t\t\t\t\t<p data-start=\"0\" data-end=\"306\">Guillaume Antiga is a French rider specializing in motorcycle endurance racing. He made a name for himself in the Superstock category with Team 33 Louit April Moto, notably winning the FIM Endurance World Cup in 2023.\u00a0<\/p><p data-start=\"308\" data-end=\"583\" data-is-last-node=\"\"><em>\u00a0<\/em><\/p><p data-start=\"308\" data-end=\"583\" data-is-last-node=\"\"><em>&#8220;I was very pleased last year to rejoin the team after a two-year break. I was positively surprised by the job done by the team on the bike and by the way they ran the races. Obviously, we have faced some issues during the 24 Heures Motos, but we got a third-place finish in Spa and fought again for the podium in the Bol d\u2019Or.\u00a0<\/em><\/p><p data-start=\"308\" data-end=\"583\" data-is-last-node=\"\"><em>\u00a0<\/em><\/p><p data-start=\"308\" data-end=\"583\" data-is-last-node=\"\"><em>Taking into account those results, I\u2019m quite confident for the upcoming season and I\u2019m very pleased to be part of this project.The target will be to be as competitive as possible. I hope we can grab some victories.\u201d<\/em><\/p>\t\t\t\t\t\t<\/div>\n\t\t\t\t<\/div>\n\t\t\t\t<div class=\"elementor-element elementor-element-b08e189 elementor-widget elementor-widget-text-editor\" data-id=\"b08e189\" data-element_type=\"widget\" data-widget_type=\"text-editor.default\">\n\t\t\t\t<div class=\"elementor-widget-container\">\n\t\t\t\t\t\t\t<p data-start=\"0\" data-end=\"317\">Guillaume Antiga est un pilote fran\u00e7ais sp\u00e9cialis\u00e9 en endurance moto. Il s\u2019est illustr\u00e9 en cat\u00e9gorie Superstock avec Team 33 Louit April Moto, remportant notamment la Coupe du Monde d\u2019Endurance FIM en 2023.<\/p><p data-start=\"0\" data-end=\"317\">\u00a0<\/p><p data-start=\"0\" data-end=\"317\">\u00a0<\/p><p data-start=\"0\" data-end=\"402\">&#8220;<i>J\u2019\u00e9tais tr\u00e8s heureux l\u2019ann\u00e9e derni\u00e8re de rejoindre l\u2019\u00e9quipe apr\u00e8s une pause de deux ans. J\u2019ai \u00e9t\u00e9 agr\u00e9ablement surpris par le travail accompli sur la moto et par la mani\u00e8re dont l\u2019\u00e9quipe a g\u00e9r\u00e9 les courses. \u00c9videmment, nous avons rencontr\u00e9 quelques probl\u00e8mes lors des 24 Heures Motos, mais nous avons d\u00e9croch\u00e9 une troisi\u00e8me place \u00e0 Spa et nous nous sommes battus \u00e0 nouveau pour le podium au Bol d\u2019Or.<\/i><\/p><p data-start=\"0\" data-end=\"402\"><i>\u00a0<\/i><\/p><p data-start=\"404\" data-end=\"639\" data-is-last-node=\"\"><i>En tenant compte de ces r\u00e9sultats, je suis assez confiant pour la saison \u00e0 venir et tr\u00e8s heureux de faire partie de ce projet. L\u2019objectif sera d\u2019\u00eatre le plus comp\u00e9titif possible. J\u2019esp\u00e8re que nous pourrons d\u00e9crocher quelques victoires.&#8221;<\/i><\/p>\t\t\t\t\t\t<\/div>\n\t\t\t\t<\/div>\n\t\t\t\t\t<\/div>\n\t\t<\/div>\n\t\t\t\t<div class=\"elementor-column elementor-col-50 elementor-inner-column elementor-element elementor-element-f1ce96f\" data-id=\"f1ce96f\" data-element_type=\"column\">\n\t\t\t<div class=\"elementor-widget-wrap elementor-element-populated\">\n\t\t\t\t\t\t\t\t<div class=\"elementor-element elementor-element-1917c21 elementor-widget elementor-widget-image\" data-id=\"1917c21\" data-element_type=\"widget\" data-widget_type=\"image.default\">\n\t\t\t\t<div class=\"elementor-widget-container\">\n\t\t\t\t\t\t\t\t\t\t\t\t\t\t\t<img loading=\"lazy\" decoding=\"async\" width=\"963\" height=\"917\" src=\"https:\/\/www.spamotos.com\/wp-content\/uploads\/2025\/02\/Capture-decran-2025-02-12-144744.png\" class=\"attachment-large size-large\" alt=\"\" srcset=\"https:\/\/www.spamotos.com\/wp-content\/uploads\/2025\/02\/Capture-decran-2025-02-12-144744.png 963w, https:\/\/www.spamotos.com\/wp-content\/uploads\/2025\/02\/Capture-decran-2025-02-12-144744-300x286.png 300w, https:\/\/www.spamotos.com\/wp-content\/uploads\/2025\/02\/Capture-decran-2025-02-12-144744-768x731.png 768w\" sizes=\"(max-width: 963px) 100vw, 963px\" \/>\t\t\t\t\t\t\t\t\t\t\t\t\t\t\t<\/div>\n\t\t\t\t<\/div>\n\t\t\t\t\t<\/div>\n\t\t<\/div>\n\t\t\t\t\t\t\t<\/div>\n\t\t<\/section>\n\t\t\t\t\t<\/div>\n\t\t<\/div>\n\t\t\t\t\t\t\t<\/div>\n\t\t<\/section>\n\t\t\t\t<section class=\"elementor-section elementor-top-section elementor-element elementor-element-8ad54b8 elementor-reverse-tablet elementor-reverse-mobile elementor-section-boxed elementor-section-height-default elementor-section-height-default\" data-id=\"8ad54b8\" data-element_type=\"section\">\n\t\t\t\t\t\t<div class=\"elementor-container elementor-column-gap-default\">\n\t\t\t\t\t<div class=\"elementor-column elementor-col-100 elementor-top-column elementor-element elementor-element-5641473\" data-id=\"5641473\" data-element_type=\"column\">\n\t\t\t<div class=\"elementor-widget-wrap elementor-element-populated\">\n\t\t\t\t\t\t\t\t<section class=\"elementor-section elementor-inner-section elementor-element elementor-element-54564b1 elementor-section-content-middle elementor-reverse-tablet elementor-reverse-mobile elementor-section-boxed elementor-section-height-default elementor-section-height-default\" data-id=\"54564b1\" data-element_type=\"section\">\n\t\t\t\t\t\t<div class=\"elementor-container elementor-column-gap-default\">\n\t\t\t\t\t<div class=\"elementor-column elementor-col-50 elementor-inner-column elementor-element elementor-element-557bd4a\" data-id=\"557bd4a\" data-element_type=\"column\">\n\t\t\t<div class=\"elementor-widget-wrap elementor-element-populated\">\n\t\t\t\t\t\t\t\t<div class=\"elementor-element elementor-element-a87dd1e elementor-widget elementor-widget-image\" data-id=\"a87dd1e\" data-element_type=\"widget\" data-widget_type=\"image.default\">\n\t\t\t\t<div class=\"elementor-widget-container\">\n\t\t\t\t\t\t\t\t\t\t\t\t\t\t\t<img loading=\"lazy\" decoding=\"async\" width=\"683\" height=\"1024\" src=\"https:\/\/www.spamotos.com\/wp-content\/uploads\/2025\/02\/33_David-Sanchis-Martinez-large.webp\" class=\"attachment-large size-large\" alt=\"\" srcset=\"https:\/\/www.spamotos.com\/wp-content\/uploads\/2025\/02\/33_David-Sanchis-Martinez-large.webp 683w, https:\/\/www.spamotos.com\/wp-content\/uploads\/2025\/02\/33_David-Sanchis-Martinez-large-200x300.webp 200w\" sizes=\"(max-width: 683px) 100vw, 683px\" \/>\t\t\t\t\t\t\t\t\t\t\t\t\t\t\t<\/div>\n\t\t\t\t<\/div>\n\t\t\t\t\t<\/div>\n\t\t<\/div>\n\t\t\t\t<div class=\"elementor-column elementor-col-50 elementor-inner-column elementor-element elementor-element-a2f4451\" data-id=\"a2f4451\" data-element_type=\"column\">\n\t\t\t<div class=\"elementor-widget-wrap elementor-element-populated\">\n\t\t\t\t\t\t\t\t<div class=\"elementor-element elementor-element-9fb6b08 elementor-widget elementor-widget-heading\" data-id=\"9fb6b08\" data-element_type=\"widget\" data-widget_type=\"heading.default\">\n\t\t\t\t<div class=\"elementor-widget-container\">\n\t\t\t<h2 class=\"elementor-heading-title elementor-size-default\">David Sanch\u00eds<\/h2>\t\t<\/div>\n\t\t\t\t<\/div>\n\t\t\t\t<div class=\"elementor-element elementor-element-9cdf626 elementor-widget elementor-widget-text-editor\" data-id=\"9cdf626\" data-element_type=\"widget\" data-widget_type=\"text-editor.default\">\n\t\t\t\t<div class=\"elementor-widget-container\">\n\t\t\t\t\t\t\t<article class=\"w-full text-token-text-primary focus-visible:outline-2 focus-visible:outline-offset-[-4px]\" dir=\"auto\" data-testid=\"conversation-turn-20\" data-scroll-anchor=\"false\"><div class=\"m-auto text-base py-[18px] px-6\"><div class=\"mx-auto flex flex-1 gap-4 text-base md:gap-5 lg:gap-6 md:max-w-3xl lg:max-w-[40rem] xl:max-w-[48rem]\"><div class=\"group\/conversation-turn relative flex w-full min-w-0 flex-col @xs\/thread:px-0 @sm\/thread:px-1.5 @md\/thread:px-4\"><div class=\"flex-col gap-1 md:gap-3\"><div class=\"flex max-w-full flex-col flex-grow\"><div class=\"min-h-8 text-message flex w-full flex-col items-end gap-2 whitespace-normal break-words text-start [.text-message+&amp;]:mt-5\" dir=\"auto\" data-message-author-role=\"user\" data-message-id=\"7a54b09f-7d0c-4111-9735-8f46165d6f7f\"><div class=\"flex w-full flex-col gap-1 empty:hidden items-end rtl:items-start\"><div class=\"relative max-w-[var(--user-chat-width,70%)] rounded-3xl bg-token-message-surface px-5 py-2.5\"><span style=\"color: var( --e-global-color-primary ); font-size: 0.875rem;\">Spanish rider who previously competed in road racing before transitioning to endurance. He has made a name for himself in the Superstock category, notably with Team 33 Louit April Moto, with whom he has secured several strong results in the FIM Endurance World Championship.<\/span><\/div><div class=\"relative max-w-[var(--user-chat-width,70%)] rounded-3xl bg-token-message-surface px-5 py-2.5\"><span style=\"color: var( --e-global-color-primary ); font-size: 0.875rem;\">\u00a0<\/span><\/div><\/div><\/div><\/div><\/div><\/div><\/div><\/div><\/article><article class=\"w-full text-token-text-primary focus-visible:outline-2 focus-visible:outline-offset-[-4px]\" dir=\"auto\" data-testid=\"conversation-turn-21\" data-scroll-anchor=\"true\"><div class=\"m-auto text-base py-[18px] px-6\"><div class=\"mx-auto flex flex-1 gap-4 text-base md:gap-5 lg:gap-6 md:max-w-3xl lg:max-w-[40rem] xl:max-w-[48rem]\"><div class=\"group\/conversation-turn relative flex w-full min-w-0 flex-col agent-turn @xs\/thread:px-0 @sm\/thread:px-1.5 @md\/thread:px-4\"><div class=\"flex-col gap-1 md:gap-3\"><div class=\"flex max-w-full flex-col flex-grow\"><div class=\"min-h-8 text-message flex w-full flex-col items-end gap-2 whitespace-normal break-words text-start [.text-message+&amp;]:mt-5\" dir=\"auto\" data-message-author-role=\"assistant\" data-message-id=\"d8f6439a-fe91-40b0-b90c-93bbe9729190\" data-message-model-slug=\"gpt-4o-mini\"><div class=\"flex w-full flex-col gap-1 empty:hidden first:pt-[3px]\"><div class=\"markdown prose w-full break-words dark:prose-invert light\"><p data-start=\"304\" data-end=\"615\">Thanks to his experience in road racing, Sanch\u00eds brings an aggressive and efficient approach to endurance stints. He has contributed to his team&#8217;s performance in major events such as the 24 Heures Motos and the Bol d&#8217;Or, helping Team 33 Louit April Moto fight for podiums and aim for further success in the EWC.<em style=\"color: var( --e-global-color-primary ); font-size: 0.875rem;\">&#8220;The level is high in this championship, so we need to be closer to the other guys,\u201d <\/em><strong style=\"color: var( --e-global-color-primary ); font-size: 0.875rem;\">Sanch\u00eds said<\/strong><em style=\"color: var( --e-global-color-primary ); font-size: 0.875rem;\">. \u201cWe are going to fight for the championship with everything we have.\u201d<\/em><\/p><\/div><\/div><\/div><\/div><\/div><\/div><\/div><\/div><\/article>\t\t\t\t\t\t<\/div>\n\t\t\t\t<\/div>\n\t\t\t\t<div class=\"elementor-element elementor-element-3148a61 elementor-widget elementor-widget-text-editor\" data-id=\"3148a61\" data-element_type=\"widget\" data-widget_type=\"text-editor.default\">\n\t\t\t\t<div class=\"elementor-widget-container\">\n\t\t\t\t\t\t\t<p data-start=\"0\" data-end=\"392\">Pilote espagnol ayant \u00e9volu\u00e9 en championnat de vitesse avant de se tourner vers l\u2019endurance. Il s\u2019est illustr\u00e9 en cat\u00e9gorie Superstock, notamment avec Team 33 Louit April Moto, avec qui il a d\u00e9croch\u00e9 plusieurs r\u00e9sultats solides en Championnat du Monde d\u2019Endurance FIM.\u00a0<\/p><p data-start=\"0\" data-end=\"392\">\u00a0<\/p><p data-start=\"394\" data-end=\"716\" data-is-last-node=\"\">Gr\u00e2ce \u00e0 son exp\u00e9rience en vitesse, Sanch\u00eds apporte une approche agressive et efficace aux relais en endurance. Il a contribu\u00e9 aux performances de son \u00e9quipe lors d\u2019\u00e9preuves majeures comme les 24 Heures Motos et le Bol d\u2019Or, aidant Team 33 Louit April Moto \u00e0 se battre pour les podiums et \u00e0 viser de nouveaux succ\u00e8s en EWC.<span style=\"font-size: 0.875rem;\">&#8220;<\/span><i style=\"font-size: 0.875rem;\">Le niveau est \u00e9lev\u00e9 dans ce championnat, donc nous devons \u00eatre plus proches des autres \u00e9quipes<\/i><span style=\"font-size: 0.875rem;\">,&#8221; a d\u00e9clar\u00e9 Sanch\u00eds. &#8220;<\/span><i style=\"font-size: 0.875rem;\">Nous allons nous battre pour le championnat avec tout ce que nous avons<\/i><span style=\"font-size: 0.875rem;\">.&#8221;<\/span><\/p>\t\t\t\t\t\t<\/div>\n\t\t\t\t<\/div>\n\t\t\t\t\t<\/div>\n\t\t<\/div>\n\t\t\t\t\t\t\t<\/div>\n\t\t<\/section>\n\t\t\t\t<section class=\"elementor-section elementor-inner-section elementor-element elementor-element-963ff47 elementor-section-content-middle elementor-section-boxed elementor-section-height-default elementor-section-height-default\" data-id=\"963ff47\" data-element_type=\"section\">\n\t\t\t\t\t\t<div class=\"elementor-container elementor-column-gap-default\">\n\t\t\t\t\t<div class=\"elementor-column elementor-col-50 elementor-inner-column elementor-element elementor-element-82a3b91\" data-id=\"82a3b91\" data-element_type=\"column\">\n\t\t\t<div class=\"elementor-widget-wrap elementor-element-populated\">\n\t\t\t\t\t\t\t\t<div class=\"elementor-element elementor-element-7251bec elementor-widget elementor-widget-heading\" data-id=\"7251bec\" data-element_type=\"widget\" data-widget_type=\"heading.default\">\n\t\t\t\t<div class=\"elementor-widget-container\">\n\t\t\t<h2 class=\"elementor-heading-title elementor-size-default\">Daniel S\u00e1ez<\/h2>\t\t<\/div>\n\t\t\t\t<\/div>\n\t\t\t\t<div class=\"elementor-element elementor-element-14dc38f elementor-widget elementor-widget-text-editor\" data-id=\"14dc38f\" data-element_type=\"widget\" data-widget_type=\"text-editor.default\">\n\t\t\t\t<div class=\"elementor-widget-container\">\n\t\t\t\t\t\t\t<div class=\"flex max-w-full flex-col flex-grow\"><div class=\"min-h-8 text-message flex w-full flex-col items-end gap-2 whitespace-normal break-words text-start [.text-message+&amp;]:mt-5\" dir=\"auto\" data-message-author-role=\"assistant\" data-message-id=\"3411a6b5-8999-41e1-99d8-5277eaf325bf\" data-message-model-slug=\"gpt-4o-mini\"><div class=\"flex w-full flex-col gap-1 empty:hidden first:pt-[3px]\"><div class=\"markdown prose w-full break-words dark:prose-invert light\"><p data-start=\"0\" data-end=\"214\" data-is-last-node=\"\">Daniel S\u00e1ez joins the Team 33 Louit April Moto this season.\u00a0He brings experience from European and world-level Moto3 to the EWC.\u00a0<strong>The 28-year-old said:<\/strong>\u00a0<em>\u201cI am very pleased to announce my participation in Superstock with Team 33 Louit April Moto. They\u2019re a two-time winning team so let\u2019s go for a third title.\u201d<\/em><\/p><\/div><\/div><\/div><\/div>\t\t\t\t\t\t<\/div>\n\t\t\t\t<\/div>\n\t\t\t\t<div class=\"elementor-element elementor-element-1ff835d elementor-widget elementor-widget-text-editor\" data-id=\"1ff835d\" data-element_type=\"widget\" data-widget_type=\"text-editor.default\">\n\t\t\t\t<div class=\"elementor-widget-container\">\n\t\t\t\t\t\t\t<article dir=\"auto\" data-testid=\"conversation-turn-28\" data-scroll-anchor=\"false\"><div dir=\"auto\" data-message-author-role=\"user\" data-message-id=\"21b0c6fa-5954-4719-ba46-9ef9939d991f\">Daniel S\u00e1ez rejoint cette saison l&#8217;\u00e9quipe Team 33 Louit April Moto. Il<span style=\"font-size: 0.875rem;\">\u00a0apporte son exp\u00e9rience du Moto3 \u00e0 l\u2019\u00e9chelle europ\u00e9enne et mondiale au Championnat du Monde d&#8217;Endurance FIM. Le pilote de 28 ans a d\u00e9clar\u00e9 : \u00ab <i>Je suis tr\u00e8s heureux d\u2019annoncer ma participation en Superstock avec Team 33 Louit April Moto. C\u2019est une \u00e9quipe doublement victorieuse, alors visons un troisi\u00e8me titre. \u00bb<\/i><\/span><\/div><\/article>\t\t\t\t\t\t<\/div>\n\t\t\t\t<\/div>\n\t\t\t\t\t<\/div>\n\t\t<\/div>\n\t\t\t\t<div class=\"elementor-column elementor-col-50 elementor-inner-column elementor-element elementor-element-0a066e0\" data-id=\"0a066e0\" data-element_type=\"column\">\n\t\t\t<div class=\"elementor-widget-wrap elementor-element-populated\">\n\t\t\t\t\t\t\t\t<div class=\"elementor-element elementor-element-980a354 elementor-widget elementor-widget-image\" data-id=\"980a354\" data-element_type=\"widget\" data-widget_type=\"image.default\">\n\t\t\t\t<div class=\"elementor-widget-container\">\n\t\t\t\t\t\t\t\t\t\t\t\t\t\t\t<img loading=\"lazy\" decoding=\"async\" width=\"1024\" height=\"997\" src=\"https:\/\/www.spamotos.com\/wp-content\/uploads\/2025\/02\/Capture-decran-2025-02-12-153128-1024x997.png\" class=\"attachment-large size-large\" alt=\"\" srcset=\"https:\/\/www.spamotos.com\/wp-content\/uploads\/2025\/02\/Capture-decran-2025-02-12-153128-1024x997.png 1024w, https:\/\/www.spamotos.com\/wp-content\/uploads\/2025\/02\/Capture-decran-2025-02-12-153128-300x292.png 300w, https:\/\/www.spamotos.com\/wp-content\/uploads\/2025\/02\/Capture-decran-2025-02-12-153128-768x748.png 768w, https:\/\/www.spamotos.com\/wp-content\/uploads\/2025\/02\/Capture-decran-2025-02-12-153128.png 1184w\" sizes=\"(max-width: 1024px) 100vw, 1024px\" \/>\t\t\t\t\t\t\t\t\t\t\t\t\t\t\t<\/div>\n\t\t\t\t<\/div>\n\t\t\t\t\t<\/div>\n\t\t<\/div>\n\t\t\t\t\t\t\t<\/div>\n\t\t<\/section>\n\t\t\t\t<section class=\"elementor-section elementor-inner-section elementor-element elementor-element-8bb29a3 elementor-section-content-middle elementor-reverse-tablet elementor-reverse-mobile elementor-section-boxed elementor-section-height-default elementor-section-height-default\" data-id=\"8bb29a3\" data-element_type=\"section\">\n\t\t\t\t\t\t<div class=\"elementor-container elementor-column-gap-default\">\n\t\t\t\t\t<div class=\"elementor-column elementor-col-50 elementor-inner-column elementor-element elementor-element-0442e41\" data-id=\"0442e41\" data-element_type=\"column\">\n\t\t\t<div class=\"elementor-widget-wrap elementor-element-populated\">\n\t\t\t\t\t\t\t\t<div class=\"elementor-element elementor-element-29cd5e8 elementor-widget elementor-widget-image\" data-id=\"29cd5e8\" data-element_type=\"widget\" data-widget_type=\"image.default\">\n\t\t\t\t<div class=\"elementor-widget-container\">\n\t\t\t\t\t\t\t\t\t\t\t\t\t\t\t<img loading=\"lazy\" decoding=\"async\" width=\"902\" height=\"1024\" src=\"https:\/\/www.spamotos.com\/wp-content\/uploads\/2025\/02\/Capture-decran-2025-02-12-153640-902x1024.png\" class=\"attachment-large size-large\" alt=\"\" srcset=\"https:\/\/www.spamotos.com\/wp-content\/uploads\/2025\/02\/Capture-decran-2025-02-12-153640-902x1024.png 902w, https:\/\/www.spamotos.com\/wp-content\/uploads\/2025\/02\/Capture-decran-2025-02-12-153640-264x300.png 264w, https:\/\/www.spamotos.com\/wp-content\/uploads\/2025\/02\/Capture-decran-2025-02-12-153640-768x872.png 768w, https:\/\/www.spamotos.com\/wp-content\/uploads\/2025\/02\/Capture-decran-2025-02-12-153640.png 961w\" sizes=\"(max-width: 902px) 100vw, 902px\" \/>\t\t\t\t\t\t\t\t\t\t\t\t\t\t\t<\/div>\n\t\t\t\t<\/div>\n\t\t\t\t\t<\/div>\n\t\t<\/div>\n\t\t\t\t<div class=\"elementor-column elementor-col-50 elementor-inner-column elementor-element elementor-element-fc6aa7d\" data-id=\"fc6aa7d\" data-element_type=\"column\">\n\t\t\t<div class=\"elementor-widget-wrap elementor-element-populated\">\n\t\t\t\t\t\t\t\t<div class=\"elementor-element elementor-element-523f977 elementor-widget elementor-widget-heading\" data-id=\"523f977\" data-element_type=\"widget\" data-widget_type=\"heading.default\">\n\t\t\t\t<div class=\"elementor-widget-container\">\n\t\t\t<h2 class=\"elementor-heading-title elementor-size-default\">Tom Neave<\/h2>\t\t<\/div>\n\t\t\t\t<\/div>\n\t\t\t\t<div class=\"elementor-element elementor-element-38708b0 elementor-widget elementor-widget-text-editor\" data-id=\"38708b0\" data-element_type=\"widget\" data-widget_type=\"text-editor.default\">\n\t\t\t\t<div class=\"elementor-widget-container\">\n\t\t\t\t\t\t\t<article class=\"w-full text-token-text-primary focus-visible:outline-2 focus-visible:outline-offset-[-4px]\" dir=\"auto\" data-testid=\"conversation-turn-20\" data-scroll-anchor=\"false\"><div class=\"m-auto text-base py-[18px] px-6\"><div class=\"mx-auto flex flex-1 gap-4 text-base md:gap-5 lg:gap-6 md:max-w-3xl lg:max-w-[40rem] xl:max-w-[48rem]\"><div class=\"group\/conversation-turn relative flex w-full min-w-0 flex-col @xs\/thread:px-0 @sm\/thread:px-1.5 @md\/thread:px-4\"><div class=\"flex-col gap-1 md:gap-3\"><div class=\"flex max-w-full flex-col flex-grow\"><div class=\"min-h-8 text-message flex w-full flex-col items-end gap-2 whitespace-normal break-words text-start [.text-message+&amp;]:mt-5\" dir=\"auto\" data-message-author-role=\"user\" data-message-id=\"7a54b09f-7d0c-4111-9735-8f46165d6f7f\"><div class=\"flex w-full flex-col gap-1 empty:hidden items-end rtl:items-start\"><div class=\"relative max-w-[var(--user-chat-width,70%)] rounded-3xl bg-token-message-surface px-5 py-2.5\"><p>Neave steps up from the Bennetts British Superbike Championship to make his EWC debut with Team 33 Louit April Moto. The 29-year-old from Great Britain explained his decision to compete at international level in 2025.<\/p><p>\u201c<i>When deciding what to do this coming season, the fun factor had to be at the heart of my decision and endurance racing really took my fancy<\/i>,\u201d Neave said. \u201c<i>I\u2019m delighted to join the team who have winning pedigree and hopefully we can bring home their third Superstock title.\u201d<\/i><\/p><\/div><\/div><\/div><\/div><\/div><\/div><\/div><\/div><\/article>\t\t\t\t\t\t<\/div>\n\t\t\t\t<\/div>\n\t\t\t\t<div class=\"elementor-element elementor-element-efec7e8 elementor-widget elementor-widget-text-editor\" data-id=\"efec7e8\" data-element_type=\"widget\" data-widget_type=\"text-editor.default\">\n\t\t\t\t<div class=\"elementor-widget-container\">\n\t\t\t\t\t\t\t<p data-start=\"0\" data-end=\"250\">Neave monte en cat\u00e9gorie en passant du Bennetts British Superbike Championship \u00e0 ses d\u00e9buts en EWC avec Team 33 Louit April Moto. Le pilote de 29 ans, originaire de Grande-Bretagne, a expliqu\u00e9 sa d\u00e9cision de concourir au niveau international en 2025.<\/p><p data-start=\"252\" data-end=\"571\" data-is-last-node=\"\">&#8220;<i>Lorsque j&#8217;ai d\u00e9cid\u00e9 de ce que je voulais faire cette saison, le facteur plaisir devait \u00eatre au c\u0153ur de ma d\u00e9cision, et la course d&#8217;endurance m&#8217;a vraiment attir\u00e9<\/i>&#8220;, a d\u00e9clar\u00e9 Neave. &#8220;<i>Je suis ravi de rejoindre l&#8217;\u00e9quipe qui a un pedigree gagnant et j&#8217;esp\u00e8re que nous pourrons d\u00e9crocher leur troisi\u00e8me titre en Superstock.<\/i>&#8220;<\/p>\t\t\t\t\t\t<\/div>\n\t\t\t\t<\/div>\n\t\t\t\t\t<\/div>\n\t\t<\/div>\n\t\t\t\t\t\t\t<\/div>\n\t\t<\/section>\n\t\t\t\t\t<\/div>\n\t\t<\/div>\n\t\t\t\t\t\t\t<\/div>\n\t\t<\/section>\n\t\t\t\t<section class=\"elementor-section elementor-top-section elementor-element elementor-element-841521a elementor-section-boxed elementor-section-height-default elementor-section-height-default\" data-id=\"841521a\" data-element_type=\"section\">\n\t\t\t\t\t\t<div class=\"elementor-container elementor-column-gap-default\">\n\t\t\t\t\t<div class=\"elementor-column elementor-col-100 elementor-top-column elementor-element elementor-element-ce77754\" data-id=\"ce77754\" data-element_type=\"column\">\n\t\t\t<div class=\"elementor-widget-wrap elementor-element-populated\">\n\t\t\t\t\t\t\t\t<div class=\"elementor-element elementor-element-e98e81e elementor-align-center elementor-widget elementor-widget-button\" data-id=\"e98e81e\" data-element_type=\"widget\" data-widget_type=\"button.default\">\n\t\t\t\t<div class=\"elementor-widget-container\">\n\t\t\t\t\t<div class=\"elementor-button-wrapper\">\n\t\t\t<a href=\"https:\/\/www.instagram.com\/reel\/DFsqbC8oZ-N\/?utm_source=ig_web_copy_link\" class=\"elementor-button-link elementor-button elementor-size-sm\" role=\"button\">\n\t\t\t\t\t\t<span class=\"elementor-button-content-wrapper\">\n\t\t\t\t\t\t<span class=\"elementor-button-text\">presentation of the team<\/span>\n\t\t<\/span>\n\t\t\t\t\t<\/a>\n\t\t<\/div>\n\t\t\t\t<\/div>\n\t\t\t\t<\/div>\n\t\t\t\t\t<\/div>\n\t\t<\/div>\n\t\t\t\t\t\t\t<\/div>\n\t\t<\/section>\n\t\t\t\t\t\t\t<\/div>\n\t\t","protected":false},"excerpt":{"rendered":"<p>Team 33 Louit April Moto has its sights set on a third FIM Endurance World Cup title as the team prepares for the season opener at the 24 Heures Motos, from April 17 to 20. Winners of the Superstock title in 2015 and again in 2023, Team 33 Louit April Moto is aiming for another [&hellip;]<\/p>\n","protected":false},"author":1,"featured_media":9539,"comment_status":"closed","ping_status":"open","sticky":false,"template":"","format":"standard","meta":{"footnotes":""},"categories":[53,54,1],"tags":[],"acf":[],"yoast_head":"<!-- This site is optimized with the Yoast SEO plugin v21.6 - https:\/\/yoast.com\/wordpress\/plugins\/seo\/ -->\n<title>Team 33 Louit April Moto launches EWC hat-trick bid - 8h SPA Motos<\/title>\n<meta name=\"robots\" content=\"index, follow, max-snippet:-1, max-image-preview:large, max-video-preview:-1\" \/>\n<link rel=\"canonical\" href=\"https:\/\/www.spamotos.com\/en\/team-33-louit-april-moto-launches-ewc-hat-trick-bid\/\" \/>\n<meta property=\"og:locale\" content=\"en_US\" \/>\n<meta property=\"og:type\" content=\"article\" \/>\n<meta property=\"og:title\" content=\"Team 33 Louit April Moto launches EWC hat-trick bid - 8h SPA Motos\" \/>\n<meta property=\"og:description\" content=\"Team 33 Louit April Moto has its sights set on a third FIM Endurance World Cup title as the team prepares for the season opener at the 24 Heures Motos, from April 17 to 20. Winners of the Superstock title in 2015 and again in 2023, Team 33 Louit April Moto is aiming for another [&hellip;]\" \/>\n<meta property=\"og:url\" content=\"https:\/\/www.spamotos.com\/en\/team-33-louit-april-moto-launches-ewc-hat-trick-bid\/\" \/>\n<meta property=\"og:site_name\" content=\"8h SPA Motos\" \/>\n<meta property=\"article:publisher\" content=\"https:\/\/www.facebook.com\/24hspamotos\" \/>\n<meta property=\"article:published_time\" content=\"2025-02-12T16:30:25+00:00\" \/>\n<meta property=\"article:modified_time\" content=\"2025-09-20T11:25:57+00:00\" \/>\n<meta property=\"og:image\" content=\"https:\/\/www.spamotos.com\/wp-content\/uploads\/2025\/02\/01-David-Sanchis-Team-33-Louit-April-Moto-large.webp\" \/>\n\t<meta property=\"og:image:width\" content=\"1024\" \/>\n\t<meta property=\"og:image:height\" content=\"683\" \/>\n\t<meta property=\"og:image:type\" content=\"image\/webp\" \/>\n<meta name=\"author\" content=\"Administrateur\" \/>\n<meta name=\"twitter:card\" content=\"summary_large_image\" \/>\n<meta name=\"twitter:creator\" content=\"@24hspamotos\" \/>\n<meta name=\"twitter:site\" content=\"@24hspamotos\" \/>\n<script type=\"application\/ld+json\" class=\"yoast-schema-graph\">{\"@context\":\"https:\/\/schema.org\",\"@graph\":[{\"@type\":\"Article\",\"@id\":\"https:\/\/www.spamotos.com\/en\/team-33-louit-april-moto-launches-ewc-hat-trick-bid\/#article\",\"isPartOf\":{\"@id\":\"https:\/\/www.spamotos.com\/en\/team-33-louit-april-moto-launches-ewc-hat-trick-bid\/\"},\"author\":{\"name\":\"Administrateur\",\"@id\":\"https:\/\/www.spamotos.com\/en\/#\/schema\/person\/6c5133ba53ed7caade8af07521ce45ce\"},\"headline\":\"Team 33 Louit April Moto launches EWC hat-trick bid\",\"datePublished\":\"2025-02-12T16:30:25+00:00\",\"dateModified\":\"2025-09-20T11:25:57+00:00\",\"mainEntityOfPage\":{\"@id\":\"https:\/\/www.spamotos.com\/en\/team-33-louit-april-moto-launches-ewc-hat-trick-bid\/\"},\"wordCount\":1155,\"publisher\":{\"@id\":\"https:\/\/www.spamotos.com\/en\/#organization\"},\"articleSection\":[\"2025 Season\",\"EWC News\",\"Non classifi\u00e9(e)\"],\"inLanguage\":\"en-US\"},{\"@type\":\"WebPage\",\"@id\":\"https:\/\/www.spamotos.com\/en\/team-33-louit-april-moto-launches-ewc-hat-trick-bid\/\",\"url\":\"https:\/\/www.spamotos.com\/en\/team-33-louit-april-moto-launches-ewc-hat-trick-bid\/\",\"name\":\"Team 33 Louit April Moto launches EWC hat-trick bid - 8h SPA Motos\",\"isPartOf\":{\"@id\":\"https:\/\/www.spamotos.com\/en\/#website\"},\"datePublished\":\"2025-02-12T16:30:25+00:00\",\"dateModified\":\"2025-09-20T11:25:57+00:00\",\"breadcrumb\":{\"@id\":\"https:\/\/www.spamotos.com\/en\/team-33-louit-april-moto-launches-ewc-hat-trick-bid\/#breadcrumb\"},\"inLanguage\":\"en-US\",\"potentialAction\":[{\"@type\":\"ReadAction\",\"target\":[\"https:\/\/www.spamotos.com\/en\/team-33-louit-april-moto-launches-ewc-hat-trick-bid\/\"]}]},{\"@type\":\"BreadcrumbList\",\"@id\":\"https:\/\/www.spamotos.com\/en\/team-33-louit-april-moto-launches-ewc-hat-trick-bid\/#breadcrumb\",\"itemListElement\":[{\"@type\":\"ListItem\",\"position\":1,\"name\":\"Accueil\",\"item\":\"https:\/\/www.spamotos.com\/en\/\"},{\"@type\":\"ListItem\",\"position\":2,\"name\":\"Team 33 Louit April Moto launches EWC hat-trick bid\"}]},{\"@type\":\"WebSite\",\"@id\":\"https:\/\/www.spamotos.com\/en\/#website\",\"url\":\"https:\/\/www.spamotos.com\/en\/\",\"name\":\"8h SPA Motos\",\"description\":\"Un site utilisant WordPress\",\"publisher\":{\"@id\":\"https:\/\/www.spamotos.com\/en\/#organization\"},\"potentialAction\":[{\"@type\":\"SearchAction\",\"target\":{\"@type\":\"EntryPoint\",\"urlTemplate\":\"https:\/\/www.spamotos.com\/en\/?s={search_term_string}\"},\"query-input\":\"required name=search_term_string\"}],\"inLanguage\":\"en-US\"},{\"@type\":\"Organization\",\"@id\":\"https:\/\/www.spamotos.com\/en\/#organization\",\"name\":\"8h SPA Motos\",\"url\":\"https:\/\/www.spamotos.com\/en\/\",\"logo\":{\"@type\":\"ImageObject\",\"inLanguage\":\"en-US\",\"@id\":\"https:\/\/www.spamotos.com\/en\/#\/schema\/logo\/image\/\",\"url\":\"https:\/\/www.spamotos.com\/wp-content\/uploads\/2023\/11\/cropped-8Hours-Positif-test-2.png\",\"contentUrl\":\"https:\/\/www.spamotos.com\/wp-content\/uploads\/2023\/11\/cropped-8Hours-Positif-test-2.png\",\"width\":443,\"height\":200,\"caption\":\"8h SPA Motos\"},\"image\":{\"@id\":\"https:\/\/www.spamotos.com\/en\/#\/schema\/logo\/image\/\"},\"sameAs\":[\"https:\/\/www.facebook.com\/24hspamotos\",\"https:\/\/twitter.com\/24hspamotos\",\"https:\/\/www.instagram.com\/24hspamotos\",\"https:\/\/www.tiktok.com\/@24hspamotos\"]},{\"@type\":\"Person\",\"@id\":\"https:\/\/www.spamotos.com\/en\/#\/schema\/person\/6c5133ba53ed7caade8af07521ce45ce\",\"name\":\"Administrateur\",\"sameAs\":[\"https:\/\/www.spamotos.com\/wp-cms\"]}]}<\/script>\n<!-- \/ Yoast SEO plugin. -->","yoast_head_json":{"title":"Team 33 Louit April Moto launches EWC hat-trick bid - 8h SPA Motos","robots":{"index":"index","follow":"follow","max-snippet":"max-snippet:-1","max-image-preview":"max-image-preview:large","max-video-preview":"max-video-preview:-1"},"canonical":"https:\/\/www.spamotos.com\/en\/team-33-louit-april-moto-launches-ewc-hat-trick-bid\/","og_locale":"en_US","og_type":"article","og_title":"Team 33 Louit April Moto launches EWC hat-trick bid - 8h SPA Motos","og_description":"Team 33 Louit April Moto has its sights set on a third FIM Endurance World Cup title as the team prepares for the season opener at the 24 Heures Motos, from April 17 to 20. Winners of the Superstock title in 2015 and again in 2023, Team 33 Louit April Moto is aiming for another [&hellip;]","og_url":"https:\/\/www.spamotos.com\/en\/team-33-louit-april-moto-launches-ewc-hat-trick-bid\/","og_site_name":"8h SPA Motos","article_publisher":"https:\/\/www.facebook.com\/24hspamotos","article_published_time":"2025-02-12T16:30:25+00:00","article_modified_time":"2025-09-20T11:25:57+00:00","og_image":[{"width":1024,"height":683,"url":"https:\/\/www.spamotos.com\/wp-content\/uploads\/2025\/02\/01-David-Sanchis-Team-33-Louit-April-Moto-large.webp","type":"image\/webp"}],"author":"Administrateur","twitter_card":"summary_large_image","twitter_creator":"@24hspamotos","twitter_site":"@24hspamotos","schema":{"@context":"https:\/\/schema.org","@graph":[{"@type":"Article","@id":"https:\/\/www.spamotos.com\/en\/team-33-louit-april-moto-launches-ewc-hat-trick-bid\/#article","isPartOf":{"@id":"https:\/\/www.spamotos.com\/en\/team-33-louit-april-moto-launches-ewc-hat-trick-bid\/"},"author":{"name":"Administrateur","@id":"https:\/\/www.spamotos.com\/en\/#\/schema\/person\/6c5133ba53ed7caade8af07521ce45ce"},"headline":"Team 33 Louit April Moto launches EWC hat-trick bid","datePublished":"2025-02-12T16:30:25+00:00","dateModified":"2025-09-20T11:25:57+00:00","mainEntityOfPage":{"@id":"https:\/\/www.spamotos.com\/en\/team-33-louit-april-moto-launches-ewc-hat-trick-bid\/"},"wordCount":1155,"publisher":{"@id":"https:\/\/www.spamotos.com\/en\/#organization"},"articleSection":["2025 Season","EWC News","Non classifi\u00e9(e)"],"inLanguage":"en-US"},{"@type":"WebPage","@id":"https:\/\/www.spamotos.com\/en\/team-33-louit-april-moto-launches-ewc-hat-trick-bid\/","url":"https:\/\/www.spamotos.com\/en\/team-33-louit-april-moto-launches-ewc-hat-trick-bid\/","name":"Team 33 Louit April Moto launches EWC hat-trick bid - 8h SPA Motos","isPartOf":{"@id":"https:\/\/www.spamotos.com\/en\/#website"},"datePublished":"2025-02-12T16:30:25+00:00","dateModified":"2025-09-20T11:25:57+00:00","breadcrumb":{"@id":"https:\/\/www.spamotos.com\/en\/team-33-louit-april-moto-launches-ewc-hat-trick-bid\/#breadcrumb"},"inLanguage":"en-US","potentialAction":[{"@type":"ReadAction","target":["https:\/\/www.spamotos.com\/en\/team-33-louit-april-moto-launches-ewc-hat-trick-bid\/"]}]},{"@type":"BreadcrumbList","@id":"https:\/\/www.spamotos.com\/en\/team-33-louit-april-moto-launches-ewc-hat-trick-bid\/#breadcrumb","itemListElement":[{"@type":"ListItem","position":1,"name":"Accueil","item":"https:\/\/www.spamotos.com\/en\/"},{"@type":"ListItem","position":2,"name":"Team 33 Louit April Moto launches EWC hat-trick bid"}]},{"@type":"WebSite","@id":"https:\/\/www.spamotos.com\/en\/#website","url":"https:\/\/www.spamotos.com\/en\/","name":"8h SPA Motos","description":"Un site utilisant WordPress","publisher":{"@id":"https:\/\/www.spamotos.com\/en\/#organization"},"potentialAction":[{"@type":"SearchAction","target":{"@type":"EntryPoint","urlTemplate":"https:\/\/www.spamotos.com\/en\/?s={search_term_string}"},"query-input":"required name=search_term_string"}],"inLanguage":"en-US"},{"@type":"Organization","@id":"https:\/\/www.spamotos.com\/en\/#organization","name":"8h SPA Motos","url":"https:\/\/www.spamotos.com\/en\/","logo":{"@type":"ImageObject","inLanguage":"en-US","@id":"https:\/\/www.spamotos.com\/en\/#\/schema\/logo\/image\/","url":"https:\/\/www.spamotos.com\/wp-content\/uploads\/2023\/11\/cropped-8Hours-Positif-test-2.png","contentUrl":"https:\/\/www.spamotos.com\/wp-content\/uploads\/2023\/11\/cropped-8Hours-Positif-test-2.png","width":443,"height":200,"caption":"8h SPA Motos"},"image":{"@id":"https:\/\/www.spamotos.com\/en\/#\/schema\/logo\/image\/"},"sameAs":["https:\/\/www.facebook.com\/24hspamotos","https:\/\/twitter.com\/24hspamotos","https:\/\/www.instagram.com\/24hspamotos","https:\/\/www.tiktok.com\/@24hspamotos"]},{"@type":"Person","@id":"https:\/\/www.spamotos.com\/en\/#\/schema\/person\/6c5133ba53ed7caade8af07521ce45ce","name":"Administrateur","sameAs":["https:\/\/www.spamotos.com\/wp-cms"]}]}},"_links":{"self":[{"href":"https:\/\/www.spamotos.com\/en\/wp-json\/wp\/v2\/posts\/9564"}],"collection":[{"href":"https:\/\/www.spamotos.com\/en\/wp-json\/wp\/v2\/posts"}],"about":[{"href":"https:\/\/www.spamotos.com\/en\/wp-json\/wp\/v2\/types\/post"}],"author":[{"embeddable":true,"href":"https:\/\/www.spamotos.com\/en\/wp-json\/wp\/v2\/users\/1"}],"replies":[{"embeddable":true,"href":"https:\/\/www.spamotos.com\/en\/wp-json\/wp\/v2\/comments?post=9564"}],"version-history":[{"count":4,"href":"https:\/\/www.spamotos.com\/en\/wp-json\/wp\/v2\/posts\/9564\/revisions"}],"predecessor-version":[{"id":9568,"href":"https:\/\/www.spamotos.com\/en\/wp-json\/wp\/v2\/posts\/9564\/revisions\/9568"}],"wp:featuredmedia":[{"embeddable":true,"href":"https:\/\/www.spamotos.com\/en\/wp-json\/wp\/v2\/media\/9539"}],"wp:attachment":[{"href":"https:\/\/www.spamotos.com\/en\/wp-json\/wp\/v2\/media?parent=9564"}],"wp:term":[{"taxonomy":"category","embeddable":true,"href":"https:\/\/www.spamotos.com\/en\/wp-json\/wp\/v2\/categories?post=9564"},{"taxonomy":"post_tag","embeddable":true,"href":"https:\/\/www.spamotos.com\/en\/wp-json\/wp\/v2\/tags?post=9564"}],"curies":[{"name":"wp","href":"https:\/\/api.w.org\/{rel}","templated":true}]}}