{"id":1048,"date":"2022-11-06T14:22:55","date_gmt":"2022-11-06T13:22:55","guid":{"rendered":"https:\/\/www.spamotos.com\/?p=1048"},"modified":"2026-03-05T16:34:33","modified_gmt":"2026-03-05T15:34:33","slug":"15_xavier-simeon-donne-ses-impressions-sur-les-24h-spa-ewc-motos","status":"publish","type":"post","link":"https:\/\/www.spamotos.com\/fr\/15_xavier-simeon-donne-ses-impressions-sur-les-24h-spa-ewc-motos\/","title":{"rendered":"XAVIER SIM\u00c9ON DONNE SES IMPRESSIONS SUR LES 24H SPA EWC MOTOS"},"content":{"rendered":"\t\t<div data-elementor-type=\"wp-post\" data-elementor-id=\"1048\" class=\"elementor elementor-1048\">\n\t\t\t\t\t\t\t\t\t<section class=\"elementor-section elementor-top-section elementor-element elementor-element-5fdfa38 elementor-section-boxed elementor-section-height-default elementor-section-height-default\" data-id=\"5fdfa38\" data-element_type=\"section\">\n\t\t\t\t\t\t<div class=\"elementor-container elementor-column-gap-default\">\n\t\t\t\t\t<div class=\"elementor-column elementor-col-100 elementor-top-column elementor-element elementor-element-642ac89\" data-id=\"642ac89\" data-element_type=\"column\">\n\t\t\t<div class=\"elementor-widget-wrap elementor-element-populated\">\n\t\t\t\t\t\t\t\t<div class=\"elementor-element elementor-element-91bc109 elementor-widget elementor-widget-text-editor\" data-id=\"91bc109\" data-element_type=\"widget\" data-widget_type=\"text-editor.default\">\n\t\t\t\t<div class=\"elementor-widget-container\">\n\t\t\t<style>\/*! elementor - v3.8.1 - 13-11-2022 *\/\n.elementor-widget-text-editor.elementor-drop-cap-view-stacked .elementor-drop-cap{background-color:#818a91;color:#fff}.elementor-widget-text-editor.elementor-drop-cap-view-framed .elementor-drop-cap{color:#818a91;border:3px solid;background-color:transparent}.elementor-widget-text-editor:not(.elementor-drop-cap-view-default) .elementor-drop-cap{margin-top:8px}.elementor-widget-text-editor:not(.elementor-drop-cap-view-default) .elementor-drop-cap-letter{width:1em;height:1em}.elementor-widget-text-editor .elementor-drop-cap{float:left;text-align:center;line-height:1;font-size:50px}.elementor-widget-text-editor .elementor-drop-cap-letter{display:inline-block}<\/style>\t\t\t\tLe vainqueur belge de la derni\u00e8re saison du FIM EWC s&rsquo;est exprim\u00e9 lors de la conf\u00e9rence de presse de lancement des 24H SPA EWC Motos vendredi dernier.\n<br><br>\n\u00ab\u00a0J&rsquo;ai grandi dans le paddock de l&rsquo;Endurance mondiale, donc j&rsquo;ai grandi \u00e0 Spa\u00a0\u00bb, a d\u00e9clar\u00e9 Xavier Sim\u00e9on, dont le c\u00e9l\u00e8bre p\u00e8re Michel a \u00e9t\u00e9 deux fois vainqueur des 24 Heures de Li\u00e8ge, qui ont eu lieu au Circuit de Spa-Francorchamps en tant que manche de l&rsquo;EWC de 1973 \u00e0 2001.\u00a0\u00bb\n<br><br>\n\u00ab\u00a0Je n&rsquo;ai jamais eu la chance d&rsquo;avoir une course locale lorsque je roulais en MotoGP et Moto2, donc ce sera une grande fiert\u00e9 pour moi de venir sur cette belle piste.\u00a0\u00bb\n<br><br>\n\u00ab\u00a0Je n&rsquo;ai pas beaucoup roul\u00e9 \u00e0 Spa dans ma carri\u00e8re mais j&rsquo;ai certainement eu plus d&rsquo;opportunit\u00e9s que mes adversaires donc je connais parfaitement le circuit.\u00a0\u00bb\n<br><br>\n\u00ab\u00a0Je sais que ce sera une course tr\u00e8s difficile, les 24H Spa EWC Motos seront tr\u00e8s exigeantes pour les pilotes, les motos, ce sera la course la plus difficile de la saison\u00a0\u00bb.\t\t\t\t\t\t<\/div>\n\t\t\t\t<\/div>\n\t\t\t\t<div class=\"elementor-element elementor-element-98fdc3c elementor-aspect-ratio-169 elementor-widget elementor-widget-video\" data-id=\"98fdc3c\" data-element_type=\"widget\" data-settings=\"{&quot;video_type&quot;:&quot;hosted&quot;,&quot;controls&quot;:&quot;yes&quot;,&quot;aspect_ratio&quot;:&quot;169&quot;}\" data-widget_type=\"video.default\">\n\t\t\t\t<div class=\"elementor-widget-container\">\n\t\t\t<style>\/*! elementor - v3.8.1 - 13-11-2022 *\/\n.elementor-widget-video .elementor-widget-container{overflow:hidden;-webkit-transform:translateZ(0);transform:translateZ(0)}.elementor-widget-video .elementor-open-inline .elementor-custom-embed-image-overlay{position:absolute;top:0;left:0;width:100%;height:100%;background-size:cover;background-position:50%}.elementor-widget-video .elementor-custom-embed-image-overlay{cursor:pointer;text-align:center}.elementor-widget-video .elementor-custom-embed-image-overlay:hover .elementor-custom-embed-play i{opacity:1}.elementor-widget-video .elementor-custom-embed-image-overlay img{display:block;width:100%}.elementor-widget-video .e-hosted-video .elementor-video{-o-object-fit:cover;object-fit:cover}.e-con-inner>.elementor-widget-video,.e-con>.elementor-widget-video{width:var(--container-widget-width,100%)}<\/style>\t\t<div class=\"e-hosted-video elementor-wrapper elementor-fit-aspect-ratio elementor-open-inline\">\n\t\t\t\t\t<video class=\"elementor-video\" src=\"https:\/\/www.spamotos.com\/wp-content\/uploads\/2022\/11\/xsimeon-teasing.mp4\" controls=\"\" controlsList=\"nodownload\"><\/video>\n\t\t\t\t<\/div>\n\t\t\t\t<\/div>\n\t\t\t\t<\/div>\n\t\t\t\t\t<\/div>\n\t\t<\/div>\n\t\t\t\t\t\t\t<\/div>\n\t\t<\/section>\n\t\t\t\t\t\t\t<\/div>\n\t\t","protected":false},"excerpt":{"rendered":"<p>Le vainqueur belge de la derni\u00e8re saison du FIM EWC s&rsquo;est exprim\u00e9 lors de la conf\u00e9rence de presse de lancement des 24H SPA EWC Motos vendredi dernier. \u00ab\u00a0J&rsquo;ai grandi dans le paddock de l&rsquo;Endurance mondiale, donc j&rsquo;ai grandi \u00e0 Spa\u00a0\u00bb, a d\u00e9clar\u00e9 Xavier Sim\u00e9on, dont le c\u00e9l\u00e8bre p\u00e8re Michel a \u00e9t\u00e9 deux fois vainqueur des [&hellip;]<\/p>\n","protected":false},"author":1,"featured_media":1049,"comment_status":"closed","ping_status":"open","sticky":false,"template":"","format":"standard","meta":{"footnotes":""},"categories":[58,56],"tags":[],"acf":[],"yoast_head":"<!-- This site is optimized with the Yoast SEO plugin v21.6 - https:\/\/yoast.com\/wordpress\/plugins\/seo\/ -->\n<title>XAVIER SIM\u00c9ON, SES IMPRESSIONS - 8h SPA Motos<\/title>\n<meta name=\"description\" content=\"Xavier Sim\u00e9on s&#039;attend \u00e0 une belle mais difficile manche \u00e0 domicile du Championnat du monde d&#039;endurance FIM au Circuit de Spa-Francorchamps en juin\" \/>\n<meta name=\"robots\" content=\"index, follow, max-snippet:-1, max-image-preview:large, max-video-preview:-1\" \/>\n<link rel=\"canonical\" href=\"https:\/\/www.spamotos.com\/fr\/15_xavier-simeon-donne-ses-impressions-sur-les-24h-spa-ewc-motos\/\" \/>\n<meta property=\"og:locale\" content=\"fr_FR\" \/>\n<meta property=\"og:type\" content=\"article\" \/>\n<meta property=\"og:title\" content=\"XAVIER SIM\u00c9ON, SES IMPRESSIONS - 8h SPA Motos\" \/>\n<meta property=\"og:description\" content=\"Xavier Sim\u00e9on s&#039;attend \u00e0 une belle mais difficile manche \u00e0 domicile du Championnat du monde d&#039;endurance FIM au Circuit de Spa-Francorchamps en juin\" \/>\n<meta property=\"og:url\" content=\"https:\/\/www.spamotos.com\/fr\/15_xavier-simeon-donne-ses-impressions-sur-les-24h-spa-ewc-motos\/\" \/>\n<meta property=\"og:site_name\" content=\"8h SPA Motos\" \/>\n<meta property=\"article:publisher\" content=\"https:\/\/www.facebook.com\/24hspamotos\" \/>\n<meta property=\"article:published_time\" content=\"2022-11-06T13:22:55+00:00\" \/>\n<meta property=\"article:modified_time\" content=\"2026-03-05T15:34:33+00:00\" \/>\n<meta property=\"og:image\" content=\"https:\/\/www.spamotos.com\/wp-content\/uploads\/2022\/11\/logo-13-1.jpg\" \/>\n\t<meta property=\"og:image:width\" content=\"1000\" \/>\n\t<meta property=\"og:image:height\" content=\"675\" \/>\n\t<meta property=\"og:image:type\" content=\"image\/jpeg\" \/>\n<meta name=\"author\" content=\"Administrateur\" \/>\n<meta name=\"twitter:card\" content=\"summary_large_image\" \/>\n<meta name=\"twitter:creator\" content=\"@24hspamotos\" \/>\n<meta name=\"twitter:site\" content=\"@24hspamotos\" \/>\n<script type=\"application\/ld+json\" class=\"yoast-schema-graph\">{\"@context\":\"https:\/\/schema.org\",\"@graph\":[{\"@type\":\"Article\",\"@id\":\"https:\/\/www.spamotos.com\/fr\/15_xavier-simeon-donne-ses-impressions-sur-les-24h-spa-ewc-motos\/#article\",\"isPartOf\":{\"@id\":\"https:\/\/www.spamotos.com\/fr\/15_xavier-simeon-donne-ses-impressions-sur-les-24h-spa-ewc-motos\/\"},\"author\":{\"name\":\"Administrateur\",\"@id\":\"https:\/\/www.spamotos.com\/fr\/#\/schema\/person\/6c5133ba53ed7caade8af07521ce45ce\"},\"headline\":\"XAVIER SIM\u00c9ON DONNE SES IMPRESSIONS SUR LES 24H SPA EWC MOTOS\",\"datePublished\":\"2022-11-06T13:22:55+00:00\",\"dateModified\":\"2026-03-05T15:34:33+00:00\",\"mainEntityOfPage\":{\"@id\":\"https:\/\/www.spamotos.com\/fr\/15_xavier-simeon-donne-ses-impressions-sur-les-24h-spa-ewc-motos\/\"},\"wordCount\":191,\"publisher\":{\"@id\":\"https:\/\/www.spamotos.com\/fr\/#organization\"},\"articleSection\":[\"Actualit\u00e9s Teams\",\"SAISON 2023\"],\"inLanguage\":\"fr-FR\"},{\"@type\":\"WebPage\",\"@id\":\"https:\/\/www.spamotos.com\/fr\/15_xavier-simeon-donne-ses-impressions-sur-les-24h-spa-ewc-motos\/\",\"url\":\"https:\/\/www.spamotos.com\/fr\/15_xavier-simeon-donne-ses-impressions-sur-les-24h-spa-ewc-motos\/\",\"name\":\"XAVIER SIM\u00c9ON, SES IMPRESSIONS - 8h SPA Motos\",\"isPartOf\":{\"@id\":\"https:\/\/www.spamotos.com\/fr\/#website\"},\"datePublished\":\"2022-11-06T13:22:55+00:00\",\"dateModified\":\"2026-03-05T15:34:33+00:00\",\"description\":\"Xavier Sim\u00e9on s'attend \u00e0 une belle mais difficile manche \u00e0 domicile du Championnat du monde d'endurance FIM au Circuit de Spa-Francorchamps en juin\",\"breadcrumb\":{\"@id\":\"https:\/\/www.spamotos.com\/fr\/15_xavier-simeon-donne-ses-impressions-sur-les-24h-spa-ewc-motos\/#breadcrumb\"},\"inLanguage\":\"fr-FR\",\"potentialAction\":[{\"@type\":\"ReadAction\",\"target\":[\"https:\/\/www.spamotos.com\/fr\/15_xavier-simeon-donne-ses-impressions-sur-les-24h-spa-ewc-motos\/\"]}]},{\"@type\":\"BreadcrumbList\",\"@id\":\"https:\/\/www.spamotos.com\/fr\/15_xavier-simeon-donne-ses-impressions-sur-les-24h-spa-ewc-motos\/#breadcrumb\",\"itemListElement\":[{\"@type\":\"ListItem\",\"position\":1,\"name\":\"Accueil\",\"item\":\"https:\/\/www.spamotos.com\/fr\/\"},{\"@type\":\"ListItem\",\"position\":2,\"name\":\"XAVIER SIM\u00c9ON DONNE SES IMPRESSIONS SUR LES 24H SPA EWC MOTOS\"}]},{\"@type\":\"WebSite\",\"@id\":\"https:\/\/www.spamotos.com\/fr\/#website\",\"url\":\"https:\/\/www.spamotos.com\/fr\/\",\"name\":\"8h SPA Motos\",\"description\":\"Un site utilisant WordPress\",\"publisher\":{\"@id\":\"https:\/\/www.spamotos.com\/fr\/#organization\"},\"potentialAction\":[{\"@type\":\"SearchAction\",\"target\":{\"@type\":\"EntryPoint\",\"urlTemplate\":\"https:\/\/www.spamotos.com\/fr\/?s={search_term_string}\"},\"query-input\":\"required name=search_term_string\"}],\"inLanguage\":\"fr-FR\"},{\"@type\":\"Organization\",\"@id\":\"https:\/\/www.spamotos.com\/fr\/#organization\",\"name\":\"8h SPA Motos\",\"url\":\"https:\/\/www.spamotos.com\/fr\/\",\"logo\":{\"@type\":\"ImageObject\",\"inLanguage\":\"fr-FR\",\"@id\":\"https:\/\/www.spamotos.com\/fr\/#\/schema\/logo\/image\/\",\"url\":\"https:\/\/www.spamotos.com\/wp-content\/uploads\/2023\/11\/cropped-8Hours-Positif-test-2.png\",\"contentUrl\":\"https:\/\/www.spamotos.com\/wp-content\/uploads\/2023\/11\/cropped-8Hours-Positif-test-2.png\",\"width\":443,\"height\":200,\"caption\":\"8h SPA Motos\"},\"image\":{\"@id\":\"https:\/\/www.spamotos.com\/fr\/#\/schema\/logo\/image\/\"},\"sameAs\":[\"https:\/\/www.facebook.com\/24hspamotos\",\"https:\/\/twitter.com\/24hspamotos\",\"https:\/\/www.instagram.com\/24hspamotos\",\"https:\/\/www.tiktok.com\/@24hspamotos\"]},{\"@type\":\"Person\",\"@id\":\"https:\/\/www.spamotos.com\/fr\/#\/schema\/person\/6c5133ba53ed7caade8af07521ce45ce\",\"name\":\"Administrateur\",\"sameAs\":[\"https:\/\/www.spamotos.com\/wp-cms\"]}]}<\/script>\n<!-- \/ Yoast SEO plugin. -->","yoast_head_json":{"title":"XAVIER SIM\u00c9ON, SES IMPRESSIONS - 8h SPA Motos","description":"Xavier Sim\u00e9on s'attend \u00e0 une belle mais difficile manche \u00e0 domicile du Championnat du monde d'endurance FIM au Circuit de Spa-Francorchamps en juin","robots":{"index":"index","follow":"follow","max-snippet":"max-snippet:-1","max-image-preview":"max-image-preview:large","max-video-preview":"max-video-preview:-1"},"canonical":"https:\/\/www.spamotos.com\/fr\/15_xavier-simeon-donne-ses-impressions-sur-les-24h-spa-ewc-motos\/","og_locale":"fr_FR","og_type":"article","og_title":"XAVIER SIM\u00c9ON, SES IMPRESSIONS - 8h SPA Motos","og_description":"Xavier Sim\u00e9on s'attend \u00e0 une belle mais difficile manche \u00e0 domicile du Championnat du monde d'endurance FIM au Circuit de Spa-Francorchamps en juin","og_url":"https:\/\/www.spamotos.com\/fr\/15_xavier-simeon-donne-ses-impressions-sur-les-24h-spa-ewc-motos\/","og_site_name":"8h SPA Motos","article_publisher":"https:\/\/www.facebook.com\/24hspamotos","article_published_time":"2022-11-06T13:22:55+00:00","article_modified_time":"2026-03-05T15:34:33+00:00","og_image":[{"width":1000,"height":675,"url":"https:\/\/www.spamotos.com\/wp-content\/uploads\/2022\/11\/logo-13-1.jpg","type":"image\/jpeg"}],"author":"Administrateur","twitter_card":"summary_large_image","twitter_creator":"@24hspamotos","twitter_site":"@24hspamotos","schema":{"@context":"https:\/\/schema.org","@graph":[{"@type":"Article","@id":"https:\/\/www.spamotos.com\/fr\/15_xavier-simeon-donne-ses-impressions-sur-les-24h-spa-ewc-motos\/#article","isPartOf":{"@id":"https:\/\/www.spamotos.com\/fr\/15_xavier-simeon-donne-ses-impressions-sur-les-24h-spa-ewc-motos\/"},"author":{"name":"Administrateur","@id":"https:\/\/www.spamotos.com\/fr\/#\/schema\/person\/6c5133ba53ed7caade8af07521ce45ce"},"headline":"XAVIER SIM\u00c9ON DONNE SES IMPRESSIONS SUR LES 24H SPA EWC MOTOS","datePublished":"2022-11-06T13:22:55+00:00","dateModified":"2026-03-05T15:34:33+00:00","mainEntityOfPage":{"@id":"https:\/\/www.spamotos.com\/fr\/15_xavier-simeon-donne-ses-impressions-sur-les-24h-spa-ewc-motos\/"},"wordCount":191,"publisher":{"@id":"https:\/\/www.spamotos.com\/fr\/#organization"},"articleSection":["Actualit\u00e9s Teams","SAISON 2023"],"inLanguage":"fr-FR"},{"@type":"WebPage","@id":"https:\/\/www.spamotos.com\/fr\/15_xavier-simeon-donne-ses-impressions-sur-les-24h-spa-ewc-motos\/","url":"https:\/\/www.spamotos.com\/fr\/15_xavier-simeon-donne-ses-impressions-sur-les-24h-spa-ewc-motos\/","name":"XAVIER SIM\u00c9ON, SES IMPRESSIONS - 8h SPA Motos","isPartOf":{"@id":"https:\/\/www.spamotos.com\/fr\/#website"},"datePublished":"2022-11-06T13:22:55+00:00","dateModified":"2026-03-05T15:34:33+00:00","description":"Xavier Sim\u00e9on s'attend \u00e0 une belle mais difficile manche \u00e0 domicile du Championnat du monde d'endurance FIM au Circuit de Spa-Francorchamps en juin","breadcrumb":{"@id":"https:\/\/www.spamotos.com\/fr\/15_xavier-simeon-donne-ses-impressions-sur-les-24h-spa-ewc-motos\/#breadcrumb"},"inLanguage":"fr-FR","potentialAction":[{"@type":"ReadAction","target":["https:\/\/www.spamotos.com\/fr\/15_xavier-simeon-donne-ses-impressions-sur-les-24h-spa-ewc-motos\/"]}]},{"@type":"BreadcrumbList","@id":"https:\/\/www.spamotos.com\/fr\/15_xavier-simeon-donne-ses-impressions-sur-les-24h-spa-ewc-motos\/#breadcrumb","itemListElement":[{"@type":"ListItem","position":1,"name":"Accueil","item":"https:\/\/www.spamotos.com\/fr\/"},{"@type":"ListItem","position":2,"name":"XAVIER SIM\u00c9ON DONNE SES IMPRESSIONS SUR LES 24H SPA EWC MOTOS"}]},{"@type":"WebSite","@id":"https:\/\/www.spamotos.com\/fr\/#website","url":"https:\/\/www.spamotos.com\/fr\/","name":"8h SPA Motos","description":"Un site utilisant WordPress","publisher":{"@id":"https:\/\/www.spamotos.com\/fr\/#organization"},"potentialAction":[{"@type":"SearchAction","target":{"@type":"EntryPoint","urlTemplate":"https:\/\/www.spamotos.com\/fr\/?s={search_term_string}"},"query-input":"required name=search_term_string"}],"inLanguage":"fr-FR"},{"@type":"Organization","@id":"https:\/\/www.spamotos.com\/fr\/#organization","name":"8h SPA Motos","url":"https:\/\/www.spamotos.com\/fr\/","logo":{"@type":"ImageObject","inLanguage":"fr-FR","@id":"https:\/\/www.spamotos.com\/fr\/#\/schema\/logo\/image\/","url":"https:\/\/www.spamotos.com\/wp-content\/uploads\/2023\/11\/cropped-8Hours-Positif-test-2.png","contentUrl":"https:\/\/www.spamotos.com\/wp-content\/uploads\/2023\/11\/cropped-8Hours-Positif-test-2.png","width":443,"height":200,"caption":"8h SPA Motos"},"image":{"@id":"https:\/\/www.spamotos.com\/fr\/#\/schema\/logo\/image\/"},"sameAs":["https:\/\/www.facebook.com\/24hspamotos","https:\/\/twitter.com\/24hspamotos","https:\/\/www.instagram.com\/24hspamotos","https:\/\/www.tiktok.com\/@24hspamotos"]},{"@type":"Person","@id":"https:\/\/www.spamotos.com\/fr\/#\/schema\/person\/6c5133ba53ed7caade8af07521ce45ce","name":"Administrateur","sameAs":["https:\/\/www.spamotos.com\/wp-cms"]}]}},"_links":{"self":[{"href":"https:\/\/www.spamotos.com\/fr\/wp-json\/wp\/v2\/posts\/1048"}],"collection":[{"href":"https:\/\/www.spamotos.com\/fr\/wp-json\/wp\/v2\/posts"}],"about":[{"href":"https:\/\/www.spamotos.com\/fr\/wp-json\/wp\/v2\/types\/post"}],"author":[{"embeddable":true,"href":"https:\/\/www.spamotos.com\/fr\/wp-json\/wp\/v2\/users\/1"}],"replies":[{"embeddable":true,"href":"https:\/\/www.spamotos.com\/fr\/wp-json\/wp\/v2\/comments?post=1048"}],"version-history":[{"count":5,"href":"https:\/\/www.spamotos.com\/fr\/wp-json\/wp\/v2\/posts\/1048\/revisions"}],"predecessor-version":[{"id":11380,"href":"https:\/\/www.spamotos.com\/fr\/wp-json\/wp\/v2\/posts\/1048\/revisions\/11380"}],"wp:featuredmedia":[{"embeddable":true,"href":"https:\/\/www.spamotos.com\/fr\/wp-json\/wp\/v2\/media\/1049"}],"wp:attachment":[{"href":"https:\/\/www.spamotos.com\/fr\/wp-json\/wp\/v2\/media?parent=1048"}],"wp:term":[{"taxonomy":"category","embeddable":true,"href":"https:\/\/www.spamotos.com\/fr\/wp-json\/wp\/v2\/categories?post=1048"},{"taxonomy":"post_tag","embeddable":true,"href":"https:\/\/www.spamotos.com\/fr\/wp-json\/wp\/v2\/tags?post=1048"}],"curies":[{"name":"wp","href":"https:\/\/api.w.org\/{rel}","templated":true}]}}