{"id":1070,"date":"2021-12-03T14:45:24","date_gmt":"2021-12-03T13:45:24","guid":{"rendered":"https:\/\/www.spamotos.com\/?p=1070"},"modified":"2026-03-05T16:39:59","modified_gmt":"2026-03-05T15:39:59","slug":"4_le-circuit-de-spa-francorchamps-devoile-le-logo-des-24h-spa-ewc-motos","status":"publish","type":"post","link":"https:\/\/www.spamotos.com\/fr\/4_le-circuit-de-spa-francorchamps-devoile-le-logo-des-24h-spa-ewc-motos\/","title":{"rendered":"LE CIRCUIT DE SPA-FRANCORCHAMPS D\u00c9VOILE LE LOGO DES 24H SPA EWC MOTOS"},"content":{"rendered":"\t\t<div data-elementor-type=\"wp-post\" data-elementor-id=\"1070\" class=\"elementor elementor-1070\">\n\t\t\t\t\t\t\t\t\t<section class=\"elementor-section elementor-top-section elementor-element elementor-element-3233084 elementor-section-boxed elementor-section-height-default elementor-section-height-default\" data-id=\"3233084\" data-element_type=\"section\">\n\t\t\t\t\t\t<div class=\"elementor-container elementor-column-gap-default\">\n\t\t\t\t\t<div class=\"elementor-column elementor-col-100 elementor-top-column elementor-element elementor-element-3d150f3\" data-id=\"3d150f3\" data-element_type=\"column\">\n\t\t\t<div class=\"elementor-widget-wrap elementor-element-populated\">\n\t\t\t\t\t\t\t\t<div class=\"elementor-element elementor-element-d5e78cb elementor-widget elementor-widget-text-editor\" data-id=\"d5e78cb\" data-element_type=\"widget\" data-widget_type=\"text-editor.default\">\n\t\t\t\t<div class=\"elementor-widget-container\">\n\t\t\t<style>\/*! elementor - v3.8.1 - 13-11-2022 *\/\n.elementor-widget-text-editor.elementor-drop-cap-view-stacked .elementor-drop-cap{background-color:#818a91;color:#fff}.elementor-widget-text-editor.elementor-drop-cap-view-framed .elementor-drop-cap{color:#818a91;border:3px solid;background-color:transparent}.elementor-widget-text-editor:not(.elementor-drop-cap-view-default) .elementor-drop-cap{margin-top:8px}.elementor-widget-text-editor:not(.elementor-drop-cap-view-default) .elementor-drop-cap-letter{width:1em;height:1em}.elementor-widget-text-editor .elementor-drop-cap{float:left;text-align:center;line-height:1;font-size:50px}.elementor-widget-text-editor .elementor-drop-cap-letter{display:inline-block}<\/style>\t\t\t\tUne nouvelle page de l\u2019histoire d\u2019un Circuit centenaire va s\u2019\u00e9crire avec le retour du \u00ab\u00a0toboggan des Ardennes\u00a0\u00bb au calendrier du Championnat du Monde d\u2019Endurance FIM EWC. Un circuit mythique, des virages embl\u00e9matiques:\u00a0l\u2019Eau Rouge, le Raidillon, Blanchimont, le Double Gauche, la Source\u00a0\u2026\n<br><br>\nLe Circuit de Spa-Francorchamps d\u00e9voile aujourd\u2019hui le logo des 24H SPA EWC Motos. Un logo tout en virages,\u00a0qui rappelle les couleurs des vibreurs\u00a0qui bordent\u00a0son trac\u00e9\u00a0:\u00a0jaune et rouge, compl\u00e9t\u00e9es par le noir pour refl\u00e9ter celles de la\u00a0Belgique.\n<br><br>\nPour ne manquer aucune information sur le retour de cette course de l\u00e9gende, les passionn\u00e9s d\u2019endurance moto peuvent d\u00e9sormais \u00e9galement s\u2019inscrire \u00e0 la newsletter des 24H SPA\u00a0EWC Motos sur la page d\u2019accueil du site\u00a0<a href=\"http:\/\/www.spamotos.com\/\">www.spamotos.com<\/a>\u00a0. Ils seront ainsi inform\u00e9s en primeur de\u00a0l\u2019ouverture de la billetterie, des promotions et de toutes les informations li\u00e9es \u00e0 un week-end qui s\u2019annonce d\u2019ores et d\u00e9j\u00e0 exceptionnel.\n<div>\n<br>\nLes 24H SPA EWC Motos sont enfin \u00e9galement \u00e0 suivre sur les r\u00e9seaux sociaux\u00a0<a href=\"http:\/\/www.facebook.com\/24hspamotos.com\" target=\"_blank\" rel=\"noopener noreferrer\">Facebook<\/a>,\u00a0<a href=\"http:\/\/www.twitter.com\/24hspamotos.com\" target=\"_blank\" rel=\"noopener noreferrer\">Twitter<\/a>,\u00a0<a href=\"http:\/\/www.instagram.com\/24hspamotos.com\" target=\"_blank\" rel=\"noopener noreferrer\">Instagram<\/a>\u00a0et\u00a0<a href=\"mailto:www.tiktok.com\/@24hspamotos.com\" target=\"_blank\" rel=\"noopener noreferrer\">TikTok<\/a>\u00a0: @24hspamotos\n\n<\/div>\t\t\t\t\t\t<\/div>\n\t\t\t\t<\/div>\n\t\t\t\t<div class=\"elementor-element elementor-element-e04c529 elementor-widget elementor-widget-image\" data-id=\"e04c529\" data-element_type=\"widget\" data-widget_type=\"image.default\">\n\t\t\t\t<div class=\"elementor-widget-container\">\n\t\t\t<style>\/*! elementor - v3.8.1 - 13-11-2022 *\/\n.elementor-widget-image{text-align:center}.elementor-widget-image a{display:inline-block}.elementor-widget-image a img[src$=\".svg\"]{width:48px}.elementor-widget-image img{vertical-align:middle;display:inline-block}<\/style>\t\t\t\t\t\t\t\t\t\t\t\t<img loading=\"lazy\" decoding=\"async\" width=\"1000\" height=\"675\" src=\"https:\/\/www.spamotos.com\/wp-content\/uploads\/2022\/11\/4.jpg\" class=\"attachment-large size-large\" alt=\"\" srcset=\"https:\/\/www.spamotos.com\/wp-content\/uploads\/2022\/11\/4.jpg 1000w, https:\/\/www.spamotos.com\/wp-content\/uploads\/2022\/11\/4-300x203.jpg 300w, https:\/\/www.spamotos.com\/wp-content\/uploads\/2022\/11\/4-768x518.jpg 768w\" sizes=\"(max-width: 1000px) 100vw, 1000px\" \/>\t\t\t\t\t\t\t\t\t\t\t\t\t\t\t<\/div>\n\t\t\t\t<\/div>\n\t\t\t\t\t<\/div>\n\t\t<\/div>\n\t\t\t\t\t\t\t<\/div>\n\t\t<\/section>\n\t\t\t\t\t\t\t<\/div>\n\t\t","protected":false},"excerpt":{"rendered":"<p>Une nouvelle page de l\u2019histoire d\u2019un Circuit centenaire va s\u2019\u00e9crire avec le retour du \u00ab\u00a0toboggan des Ardennes\u00a0\u00bb au calendrier du Championnat du Monde d\u2019Endurance FIM EWC. Un circuit mythique, des virages embl\u00e9matiques:\u00a0l\u2019Eau Rouge, le Raidillon, Blanchimont, le Double Gauche, la Source\u00a0\u2026 Le Circuit de Spa-Francorchamps d\u00e9voile aujourd\u2019hui le logo des 24H SPA EWC Motos. Un [&hellip;]<\/p>\n","protected":false},"author":1,"featured_media":1071,"comment_status":"closed","ping_status":"open","sticky":false,"template":"","format":"standard","meta":{"footnotes":""},"categories":[40,56],"tags":[],"acf":[],"yoast_head":"<!-- This site is optimized with the Yoast SEO plugin v21.6 - https:\/\/yoast.com\/wordpress\/plugins\/seo\/ -->\n<title>LOGO DES 24H SPA EWC MOTOS<\/title>\n<meta name=\"description\" content=\"Les 24H SPA EWC Motos se d\u00e9rouleront sur le Circuit de Spa-Francorchamps les 4 &amp; 5 juin 2022.\" \/>\n<meta name=\"robots\" content=\"index, follow, max-snippet:-1, max-image-preview:large, max-video-preview:-1\" \/>\n<link rel=\"canonical\" href=\"https:\/\/www.spamotos.com\/fr\/4_le-circuit-de-spa-francorchamps-devoile-le-logo-des-24h-spa-ewc-motos\/\" \/>\n<meta property=\"og:locale\" content=\"fr_FR\" \/>\n<meta property=\"og:type\" content=\"article\" \/>\n<meta property=\"og:title\" content=\"LOGO DES 24H SPA EWC MOTOS\" \/>\n<meta property=\"og:description\" content=\"Les 24H SPA EWC Motos se d\u00e9rouleront sur le Circuit de Spa-Francorchamps les 4 &amp; 5 juin 2022.\" \/>\n<meta property=\"og:url\" content=\"https:\/\/www.spamotos.com\/fr\/4_le-circuit-de-spa-francorchamps-devoile-le-logo-des-24h-spa-ewc-motos\/\" \/>\n<meta property=\"og:site_name\" content=\"8h SPA Motos\" \/>\n<meta property=\"article:publisher\" content=\"https:\/\/www.facebook.com\/24hspamotos\" \/>\n<meta property=\"article:published_time\" content=\"2021-12-03T13:45:24+00:00\" \/>\n<meta property=\"article:modified_time\" content=\"2026-03-05T15:39:59+00:00\" \/>\n<meta property=\"og:image\" content=\"https:\/\/www.spamotos.com\/wp-content\/uploads\/2022\/11\/4.jpg\" \/>\n\t<meta property=\"og:image:width\" content=\"1000\" \/>\n\t<meta property=\"og:image:height\" content=\"675\" \/>\n\t<meta property=\"og:image:type\" content=\"image\/jpeg\" \/>\n<meta name=\"author\" content=\"Administrateur\" \/>\n<meta name=\"twitter:card\" content=\"summary_large_image\" \/>\n<meta name=\"twitter:creator\" content=\"@24hspamotos\" \/>\n<meta name=\"twitter:site\" content=\"@24hspamotos\" \/>\n<script type=\"application\/ld+json\" class=\"yoast-schema-graph\">{\"@context\":\"https:\/\/schema.org\",\"@graph\":[{\"@type\":\"Article\",\"@id\":\"https:\/\/www.spamotos.com\/fr\/4_le-circuit-de-spa-francorchamps-devoile-le-logo-des-24h-spa-ewc-motos\/#article\",\"isPartOf\":{\"@id\":\"https:\/\/www.spamotos.com\/fr\/4_le-circuit-de-spa-francorchamps-devoile-le-logo-des-24h-spa-ewc-motos\/\"},\"author\":{\"name\":\"Administrateur\",\"@id\":\"https:\/\/www.spamotos.com\/fr\/#\/schema\/person\/6c5133ba53ed7caade8af07521ce45ce\"},\"headline\":\"LE CIRCUIT DE SPA-FRANCORCHAMPS D\u00c9VOILE LE LOGO DES 24H SPA EWC MOTOS\",\"datePublished\":\"2021-12-03T13:45:24+00:00\",\"dateModified\":\"2026-03-05T15:39:59+00:00\",\"mainEntityOfPage\":{\"@id\":\"https:\/\/www.spamotos.com\/fr\/4_le-circuit-de-spa-francorchamps-devoile-le-logo-des-24h-spa-ewc-motos\/\"},\"wordCount\":203,\"publisher\":{\"@id\":\"https:\/\/www.spamotos.com\/fr\/#organization\"},\"articleSection\":[\"Actualit\u00e9s FIM EWC\",\"SAISON 2023\"],\"inLanguage\":\"fr-FR\"},{\"@type\":\"WebPage\",\"@id\":\"https:\/\/www.spamotos.com\/fr\/4_le-circuit-de-spa-francorchamps-devoile-le-logo-des-24h-spa-ewc-motos\/\",\"url\":\"https:\/\/www.spamotos.com\/fr\/4_le-circuit-de-spa-francorchamps-devoile-le-logo-des-24h-spa-ewc-motos\/\",\"name\":\"LOGO DES 24H SPA EWC MOTOS\",\"isPartOf\":{\"@id\":\"https:\/\/www.spamotos.com\/fr\/#website\"},\"datePublished\":\"2021-12-03T13:45:24+00:00\",\"dateModified\":\"2026-03-05T15:39:59+00:00\",\"description\":\"Les 24H SPA EWC Motos se d\u00e9rouleront sur le Circuit de Spa-Francorchamps les 4 & 5 juin 2022.\",\"breadcrumb\":{\"@id\":\"https:\/\/www.spamotos.com\/fr\/4_le-circuit-de-spa-francorchamps-devoile-le-logo-des-24h-spa-ewc-motos\/#breadcrumb\"},\"inLanguage\":\"fr-FR\",\"potentialAction\":[{\"@type\":\"ReadAction\",\"target\":[\"https:\/\/www.spamotos.com\/fr\/4_le-circuit-de-spa-francorchamps-devoile-le-logo-des-24h-spa-ewc-motos\/\"]}]},{\"@type\":\"BreadcrumbList\",\"@id\":\"https:\/\/www.spamotos.com\/fr\/4_le-circuit-de-spa-francorchamps-devoile-le-logo-des-24h-spa-ewc-motos\/#breadcrumb\",\"itemListElement\":[{\"@type\":\"ListItem\",\"position\":1,\"name\":\"Accueil\",\"item\":\"https:\/\/www.spamotos.com\/fr\/\"},{\"@type\":\"ListItem\",\"position\":2,\"name\":\"LE CIRCUIT DE SPA-FRANCORCHAMPS D\u00c9VOILE LE LOGO DES 24H SPA EWC MOTOS\"}]},{\"@type\":\"WebSite\",\"@id\":\"https:\/\/www.spamotos.com\/fr\/#website\",\"url\":\"https:\/\/www.spamotos.com\/fr\/\",\"name\":\"8h SPA Motos\",\"description\":\"Un site utilisant WordPress\",\"publisher\":{\"@id\":\"https:\/\/www.spamotos.com\/fr\/#organization\"},\"potentialAction\":[{\"@type\":\"SearchAction\",\"target\":{\"@type\":\"EntryPoint\",\"urlTemplate\":\"https:\/\/www.spamotos.com\/fr\/?s={search_term_string}\"},\"query-input\":\"required name=search_term_string\"}],\"inLanguage\":\"fr-FR\"},{\"@type\":\"Organization\",\"@id\":\"https:\/\/www.spamotos.com\/fr\/#organization\",\"name\":\"8h SPA Motos\",\"url\":\"https:\/\/www.spamotos.com\/fr\/\",\"logo\":{\"@type\":\"ImageObject\",\"inLanguage\":\"fr-FR\",\"@id\":\"https:\/\/www.spamotos.com\/fr\/#\/schema\/logo\/image\/\",\"url\":\"https:\/\/www.spamotos.com\/wp-content\/uploads\/2023\/11\/cropped-8Hours-Positif-test-2.png\",\"contentUrl\":\"https:\/\/www.spamotos.com\/wp-content\/uploads\/2023\/11\/cropped-8Hours-Positif-test-2.png\",\"width\":443,\"height\":200,\"caption\":\"8h SPA Motos\"},\"image\":{\"@id\":\"https:\/\/www.spamotos.com\/fr\/#\/schema\/logo\/image\/\"},\"sameAs\":[\"https:\/\/www.facebook.com\/24hspamotos\",\"https:\/\/twitter.com\/24hspamotos\",\"https:\/\/www.instagram.com\/24hspamotos\",\"https:\/\/www.tiktok.com\/@24hspamotos\"]},{\"@type\":\"Person\",\"@id\":\"https:\/\/www.spamotos.com\/fr\/#\/schema\/person\/6c5133ba53ed7caade8af07521ce45ce\",\"name\":\"Administrateur\",\"sameAs\":[\"https:\/\/www.spamotos.com\/wp-cms\"]}]}<\/script>\n<!-- \/ Yoast SEO plugin. -->","yoast_head_json":{"title":"LOGO DES 24H SPA EWC MOTOS","description":"Les 24H SPA EWC Motos se d\u00e9rouleront sur le Circuit de Spa-Francorchamps les 4 & 5 juin 2022.","robots":{"index":"index","follow":"follow","max-snippet":"max-snippet:-1","max-image-preview":"max-image-preview:large","max-video-preview":"max-video-preview:-1"},"canonical":"https:\/\/www.spamotos.com\/fr\/4_le-circuit-de-spa-francorchamps-devoile-le-logo-des-24h-spa-ewc-motos\/","og_locale":"fr_FR","og_type":"article","og_title":"LOGO DES 24H SPA EWC MOTOS","og_description":"Les 24H SPA EWC Motos se d\u00e9rouleront sur le Circuit de Spa-Francorchamps les 4 & 5 juin 2022.","og_url":"https:\/\/www.spamotos.com\/fr\/4_le-circuit-de-spa-francorchamps-devoile-le-logo-des-24h-spa-ewc-motos\/","og_site_name":"8h SPA Motos","article_publisher":"https:\/\/www.facebook.com\/24hspamotos","article_published_time":"2021-12-03T13:45:24+00:00","article_modified_time":"2026-03-05T15:39:59+00:00","og_image":[{"width":1000,"height":675,"url":"https:\/\/www.spamotos.com\/wp-content\/uploads\/2022\/11\/4.jpg","type":"image\/jpeg"}],"author":"Administrateur","twitter_card":"summary_large_image","twitter_creator":"@24hspamotos","twitter_site":"@24hspamotos","schema":{"@context":"https:\/\/schema.org","@graph":[{"@type":"Article","@id":"https:\/\/www.spamotos.com\/fr\/4_le-circuit-de-spa-francorchamps-devoile-le-logo-des-24h-spa-ewc-motos\/#article","isPartOf":{"@id":"https:\/\/www.spamotos.com\/fr\/4_le-circuit-de-spa-francorchamps-devoile-le-logo-des-24h-spa-ewc-motos\/"},"author":{"name":"Administrateur","@id":"https:\/\/www.spamotos.com\/fr\/#\/schema\/person\/6c5133ba53ed7caade8af07521ce45ce"},"headline":"LE CIRCUIT DE SPA-FRANCORCHAMPS D\u00c9VOILE LE LOGO DES 24H SPA EWC MOTOS","datePublished":"2021-12-03T13:45:24+00:00","dateModified":"2026-03-05T15:39:59+00:00","mainEntityOfPage":{"@id":"https:\/\/www.spamotos.com\/fr\/4_le-circuit-de-spa-francorchamps-devoile-le-logo-des-24h-spa-ewc-motos\/"},"wordCount":203,"publisher":{"@id":"https:\/\/www.spamotos.com\/fr\/#organization"},"articleSection":["Actualit\u00e9s FIM EWC","SAISON 2023"],"inLanguage":"fr-FR"},{"@type":"WebPage","@id":"https:\/\/www.spamotos.com\/fr\/4_le-circuit-de-spa-francorchamps-devoile-le-logo-des-24h-spa-ewc-motos\/","url":"https:\/\/www.spamotos.com\/fr\/4_le-circuit-de-spa-francorchamps-devoile-le-logo-des-24h-spa-ewc-motos\/","name":"LOGO DES 24H SPA EWC MOTOS","isPartOf":{"@id":"https:\/\/www.spamotos.com\/fr\/#website"},"datePublished":"2021-12-03T13:45:24+00:00","dateModified":"2026-03-05T15:39:59+00:00","description":"Les 24H SPA EWC Motos se d\u00e9rouleront sur le Circuit de Spa-Francorchamps les 4 & 5 juin 2022.","breadcrumb":{"@id":"https:\/\/www.spamotos.com\/fr\/4_le-circuit-de-spa-francorchamps-devoile-le-logo-des-24h-spa-ewc-motos\/#breadcrumb"},"inLanguage":"fr-FR","potentialAction":[{"@type":"ReadAction","target":["https:\/\/www.spamotos.com\/fr\/4_le-circuit-de-spa-francorchamps-devoile-le-logo-des-24h-spa-ewc-motos\/"]}]},{"@type":"BreadcrumbList","@id":"https:\/\/www.spamotos.com\/fr\/4_le-circuit-de-spa-francorchamps-devoile-le-logo-des-24h-spa-ewc-motos\/#breadcrumb","itemListElement":[{"@type":"ListItem","position":1,"name":"Accueil","item":"https:\/\/www.spamotos.com\/fr\/"},{"@type":"ListItem","position":2,"name":"LE CIRCUIT DE SPA-FRANCORCHAMPS D\u00c9VOILE LE LOGO DES 24H SPA EWC MOTOS"}]},{"@type":"WebSite","@id":"https:\/\/www.spamotos.com\/fr\/#website","url":"https:\/\/www.spamotos.com\/fr\/","name":"8h SPA Motos","description":"Un site utilisant WordPress","publisher":{"@id":"https:\/\/www.spamotos.com\/fr\/#organization"},"potentialAction":[{"@type":"SearchAction","target":{"@type":"EntryPoint","urlTemplate":"https:\/\/www.spamotos.com\/fr\/?s={search_term_string}"},"query-input":"required name=search_term_string"}],"inLanguage":"fr-FR"},{"@type":"Organization","@id":"https:\/\/www.spamotos.com\/fr\/#organization","name":"8h SPA Motos","url":"https:\/\/www.spamotos.com\/fr\/","logo":{"@type":"ImageObject","inLanguage":"fr-FR","@id":"https:\/\/www.spamotos.com\/fr\/#\/schema\/logo\/image\/","url":"https:\/\/www.spamotos.com\/wp-content\/uploads\/2023\/11\/cropped-8Hours-Positif-test-2.png","contentUrl":"https:\/\/www.spamotos.com\/wp-content\/uploads\/2023\/11\/cropped-8Hours-Positif-test-2.png","width":443,"height":200,"caption":"8h SPA Motos"},"image":{"@id":"https:\/\/www.spamotos.com\/fr\/#\/schema\/logo\/image\/"},"sameAs":["https:\/\/www.facebook.com\/24hspamotos","https:\/\/twitter.com\/24hspamotos","https:\/\/www.instagram.com\/24hspamotos","https:\/\/www.tiktok.com\/@24hspamotos"]},{"@type":"Person","@id":"https:\/\/www.spamotos.com\/fr\/#\/schema\/person\/6c5133ba53ed7caade8af07521ce45ce","name":"Administrateur","sameAs":["https:\/\/www.spamotos.com\/wp-cms"]}]}},"_links":{"self":[{"href":"https:\/\/www.spamotos.com\/fr\/wp-json\/wp\/v2\/posts\/1070"}],"collection":[{"href":"https:\/\/www.spamotos.com\/fr\/wp-json\/wp\/v2\/posts"}],"about":[{"href":"https:\/\/www.spamotos.com\/fr\/wp-json\/wp\/v2\/types\/post"}],"author":[{"embeddable":true,"href":"https:\/\/www.spamotos.com\/fr\/wp-json\/wp\/v2\/users\/1"}],"replies":[{"embeddable":true,"href":"https:\/\/www.spamotos.com\/fr\/wp-json\/wp\/v2\/comments?post=1070"}],"version-history":[{"count":5,"href":"https:\/\/www.spamotos.com\/fr\/wp-json\/wp\/v2\/posts\/1070\/revisions"}],"predecessor-version":[{"id":11420,"href":"https:\/\/www.spamotos.com\/fr\/wp-json\/wp\/v2\/posts\/1070\/revisions\/11420"}],"wp:featuredmedia":[{"embeddable":true,"href":"https:\/\/www.spamotos.com\/fr\/wp-json\/wp\/v2\/media\/1071"}],"wp:attachment":[{"href":"https:\/\/www.spamotos.com\/fr\/wp-json\/wp\/v2\/media?parent=1070"}],"wp:term":[{"taxonomy":"category","embeddable":true,"href":"https:\/\/www.spamotos.com\/fr\/wp-json\/wp\/v2\/categories?post=1070"},{"taxonomy":"post_tag","embeddable":true,"href":"https:\/\/www.spamotos.com\/fr\/wp-json\/wp\/v2\/tags?post=1070"}],"curies":[{"name":"wp","href":"https:\/\/api.w.org\/{rel}","templated":true}]}}