{"id":11596,"date":"2026-01-23T18:01:37","date_gmt":"2026-01-23T17:01:37","guid":{"rendered":"https:\/\/www.spamotos.com\/?p=11596"},"modified":"2026-03-05T18:04:58","modified_gmt":"2026-03-05T17:04:58","slug":"hugo-clere-prolonge-avec-le-tati-team-ava6-racing","status":"publish","type":"post","link":"https:\/\/www.spamotos.com\/fr\/hugo-clere-prolonge-avec-le-tati-team-ava6-racing\/","title":{"rendered":"Hugo Clere prolonge avec le Tati Team AVA6 Racing"},"content":{"rendered":"\t\t<div data-elementor-type=\"wp-post\" data-elementor-id=\"11596\" class=\"elementor elementor-11596\">\n\t\t\t\t\t\t\t\t\t<section class=\"elementor-section elementor-top-section elementor-element elementor-element-0929960 elementor-section-boxed elementor-section-height-default elementor-section-height-default\" data-id=\"0929960\" data-element_type=\"section\">\n\t\t\t\t\t\t<div class=\"elementor-container elementor-column-gap-default\">\n\t\t\t\t\t<div class=\"elementor-column elementor-col-100 elementor-top-column elementor-element elementor-element-8e69ad7\" data-id=\"8e69ad7\" data-element_type=\"column\">\n\t\t\t<div class=\"elementor-widget-wrap elementor-element-populated\">\n\t\t\t\t\t\t\t\t<div class=\"elementor-element elementor-element-7edd84e elementor-widget elementor-widget-heading\" data-id=\"7edd84e\" data-element_type=\"widget\" data-widget_type=\"heading.default\">\n\t\t\t\t<div class=\"elementor-widget-container\">\n\t\t\t<style>\/*! elementor - v3.8.1 - 13-11-2022 *\/\n.elementor-heading-title{padding:0;margin:0;line-height:1}.elementor-widget-heading .elementor-heading-title[class*=elementor-size-]>a{color:inherit;font-size:inherit;line-height:inherit}.elementor-widget-heading .elementor-heading-title.elementor-size-small{font-size:15px}.elementor-widget-heading .elementor-heading-title.elementor-size-medium{font-size:19px}.elementor-widget-heading .elementor-heading-title.elementor-size-large{font-size:29px}.elementor-widget-heading .elementor-heading-title.elementor-size-xl{font-size:39px}.elementor-widget-heading .elementor-heading-title.elementor-size-xxl{font-size:59px}<\/style><h2 class=\"elementor-heading-title elementor-size-default\">Hugo Clere prolonge avec le Tati Team AVA6 Racing<\/h2>\t\t<\/div>\n\t\t\t\t<\/div>\n\t\t\t\t<div class=\"elementor-element elementor-element-10c140d elementor-widget elementor-widget-heading\" data-id=\"10c140d\" data-element_type=\"widget\" data-widget_type=\"heading.default\">\n\t\t\t\t<div class=\"elementor-widget-container\">\n\t\t\t<h2 class=\"elementor-heading-title elementor-size-default\">Hugo Clere continues with Tati Team AVA6 Racing<\/h2>\t\t<\/div>\n\t\t\t\t<\/div>\n\t\t\t\t<div class=\"elementor-element elementor-element-5a55dec elementor-widget elementor-widget-image\" data-id=\"5a55dec\" data-element_type=\"widget\" data-widget_type=\"image.default\">\n\t\t\t\t<div class=\"elementor-widget-container\">\n\t\t\t<style>\/*! elementor - v3.8.1 - 13-11-2022 *\/\n.elementor-widget-image{text-align:center}.elementor-widget-image a{display:inline-block}.elementor-widget-image a img[src$=\".svg\"]{width:48px}.elementor-widget-image img{vertical-align:middle;display:inline-block}<\/style>\t\t\t\t\t\t\t\t\t\t\t\t<img loading=\"lazy\" decoding=\"async\" width=\"768\" height=\"512\" src=\"https:\/\/www.spamotos.com\/wp-content\/uploads\/2026\/03\/Sans-titre-large-768x512.webp\" class=\"attachment-medium_large size-medium_large\" alt=\"\" srcset=\"https:\/\/www.spamotos.com\/wp-content\/uploads\/2026\/03\/Sans-titre-large-768x512.webp 768w, https:\/\/www.spamotos.com\/wp-content\/uploads\/2026\/03\/Sans-titre-large-300x200.webp 300w, https:\/\/www.spamotos.com\/wp-content\/uploads\/2026\/03\/Sans-titre-large.webp 1024w\" sizes=\"(max-width: 768px) 100vw, 768px\" \/>\t\t\t\t\t\t\t\t\t\t\t\t\t\t\t<\/div>\n\t\t\t\t<\/div>\n\t\t\t\t<div class=\"elementor-element elementor-element-7319fc7 elementor-widget elementor-widget-text-editor\" data-id=\"7319fc7\" data-element_type=\"widget\" data-widget_type=\"text-editor.default\">\n\t\t\t\t<div class=\"elementor-widget-container\">\n\t\t\t<style>\/*! elementor - v3.8.1 - 13-11-2022 *\/\n.elementor-widget-text-editor.elementor-drop-cap-view-stacked .elementor-drop-cap{background-color:#818a91;color:#fff}.elementor-widget-text-editor.elementor-drop-cap-view-framed .elementor-drop-cap{color:#818a91;border:3px solid;background-color:transparent}.elementor-widget-text-editor:not(.elementor-drop-cap-view-default) .elementor-drop-cap{margin-top:8px}.elementor-widget-text-editor:not(.elementor-drop-cap-view-default) .elementor-drop-cap-letter{width:1em;height:1em}.elementor-widget-text-editor .elementor-drop-cap{float:left;text-align:center;line-height:1;font-size:50px}.elementor-widget-text-editor .elementor-drop-cap-letter{display:inline-block}<\/style>\t\t\t\t<p>Le Tati Team AVA6 Racing poursuit son engagement au plus haut niveau de l\u2019endurance moto en gardant la m\u00eame formule : Garder les fondamentaux du team, optimiser et am\u00e9liorer tout ce qui peut l\u2019\u00eatre.\u00a0<\/p><p>Pour la saison 2026 du Championnat du Monde FIM EWC, l\u2019\u00e9quipe dirig\u00e9e par la famille Enjolras reconduit Hugo Clere qui entame sa 13e saison en endurance et sa 4e sous ces couleurs. Pilier de l\u2019endurance, avec deux titres en Coupe du Monde FIM Superstock (en 2019 et 2022), le Fran\u00e7ais poursuit depuis quatre ans, sa progression dans la cat\u00e9gorie reine EWC. Rapide, constant et fiable, il incarne parfaitement les exigences de l\u2019endurance moderne.<\/p><p>\u00a0<\/p><p><strong>Hugo Clere :<\/strong>\u00a0<em>\u00ab Je suis tr\u00e8s motiv\u00e9 \u00e0 l\u2019id\u00e9e de repartir pour une nouvelle saison en EWC avec la famille Enjolras. L\u2019endurance est la discipline o\u00f9 j\u2019ai construit mon plus beau palmar\u00e8s. Le Mans, Spa-Francorchamps, Suzuka, le Bol d\u2019Or sont toutes des courses uniques, exigeantes, o\u00f9 chaque d\u00e9tail compte. Le Tati Team AVA6 Racing est l\u2019un des meilleurs teams priv\u00e9s du plateau. Leur package \u201cmoto \u2013 partenaires \u2013 staff\u201d est vraiment performant. Notre Honda CBR 1000 RR-R est une des 2-3 motos priv\u00e9es les plus rapides du plateau. C\u2019est une \u00e9vidence. L\u2019an dernier, on se qualifie troisi\u00e8me au Mans et cinqui\u00e8me \u00e0 Spa devant plusieurs teams d\u2019usines. Sur le sec, en d\u00e9but de course \u00e0 Spa et au Bol d\u2019Or, avec nos Pirelli du commerce, on \u00e9tait entre la deuxi\u00e8me et la cinqui\u00e8me place, au milieu des teams officiels et leur pneus de d\u00e9veloppement. On \u00e9tait \u00e0 notre place, et on n\u2019avait pas \u00e0 rougir. C\u2019\u00e9tait beau \u00e0 voir et \u00e0 vivre. L\u2019exp\u00e9rience du team, leur coh\u00e9sion et leur capacit\u00e9 \u00e0 se remettre en question pour progresser sont des \u00e9l\u00e9ments cl\u00e9s pour un pilote quand on doit choisir la bonne \u00e9quipe. Nous avons d\u00e9j\u00e0 beaucoup appris tous ensemble. Et surtout nous avons encore une petite marge de progression. Il nous manque encore un peu de fiabilit\u00e9 pour faire une saison solide et rouler r\u00e9guli\u00e8rement aux avant-postes. Baptiste (Directeur technique) travaille depuis plusieurs mois pour faire \u00e9voluer la Honda, pour la rendre plus rapide, plus stable et plus fiable. J\u2019ai h\u00e2te de faire les premiers tests en Espagne. Et puis d\u2019ici quelques jours, mes co\u00e9quipiers seront d\u00e9finitivement confirm\u00e9s. Et si le team arrive \u00e0 recruter les noms qui circulent, on devrait \u00eatre assez bien arm\u00e9s pour mettre en avant les couleurs du team. \u00bb<\/em><\/p>\t\t\t\t\t\t<\/div>\n\t\t\t\t<\/div>\n\t\t\t\t<div class=\"elementor-element elementor-element-74d1b55 elementor-widget elementor-widget-text-editor\" data-id=\"74d1b55\" data-element_type=\"widget\" data-widget_type=\"text-editor.default\">\n\t\t\t\t<div class=\"elementor-widget-container\">\n\t\t\t\t\t\t\t<p data-start=\"109\" data-end=\"344\">The <strong data-start=\"113\" data-end=\"138\">Tati Team AVA6 Racing<\/strong> continues its commitment at the highest level of endurance racing while sticking to the same philosophy: <strong data-start=\"244\" data-end=\"344\">preserve the team\u2019s fundamentals while optimizing and improving everything that can be improved.<\/strong><\/p><p data-start=\"346\" data-end=\"847\">For the <strong data-start=\"354\" data-end=\"396\">2026 FIM EWC World Championship season<\/strong>, the team led by the <strong data-start=\"418\" data-end=\"437\">Enjolras family<\/strong> retains <strong data-start=\"446\" data-end=\"460\">Hugo Clere<\/strong>, who is entering his <strong data-start=\"482\" data-end=\"517\">13th season in endurance racing<\/strong> and his <strong data-start=\"526\" data-end=\"550\">fourth with the team<\/strong>. A key figure in endurance racing, with <strong data-start=\"591\" data-end=\"646\">two FIM Superstock World Cup titles (2019 and 2022)<\/strong>, the French rider has spent the past four years continuing his progression in the premier <strong data-start=\"737\" data-end=\"753\">EWC category<\/strong>. Fast, consistent and reliable, he perfectly embodies the demands of modern endurance racing.<\/p><p data-start=\"849\" data-end=\"1137\"><strong data-start=\"849\" data-end=\"864\">Hugo Clere:<\/strong><br data-start=\"864\" data-end=\"867\" \/><em data-start=\"867\" data-end=\"1137\">\u00ab\u00a0I\u2019m very motivated to start another EWC season with the Enjolras family. Endurance racing is the discipline where I have built my greatest achievements. Le Mans, Spa-Francorchamps, Suzuka and the Bol d\u2019Or are all unique and demanding races where every detail matters.<\/em><\/p><p data-start=\"1139\" data-end=\"1671\"><em data-start=\"1139\" data-end=\"1671\">The Tati Team AVA6 Racing is one of the best private teams on the grid. Their package \u2013 bike, partners and staff \u2013 is truly competitive. Our Honda CBR1000RR-R is one of the two or three fastest private bikes on the grid. That\u2019s obvious. Last year we qualified third at Le Mans and fifth at Spa ahead of several factory teams. In dry conditions, early in the races at Spa and the Bol d\u2019Or, with our commercial Pirelli tyres, we were running between second and fifth place, right among the factory teams and their development tyres.<\/em><\/p><p data-start=\"1673\" data-end=\"2041\"><em data-start=\"1673\" data-end=\"2041\">We were exactly where we belonged, and we had nothing to be ashamed of. It was great to see and to experience. The team\u2019s experience, their cohesion and their ability to question themselves in order to improve are key factors for a rider when choosing the right team. We have already learned a lot together, and above all we still have a bit of room for improvement.<\/em><\/p><p data-start=\"2043\" data-end=\"2345\"><em data-start=\"2043\" data-end=\"2345\">We still need a little more reliability to put together a strong season and run consistently at the front. Baptiste (Technical Director) has been working for several months on evolving the Honda to make it faster, more stable and more reliable. I\u2019m really looking forward to the first tests in Spain.<\/em><\/p><p data-start=\"2347\" data-end=\"2544\"><em data-start=\"2347\" data-end=\"2544\">And in the coming days, my teammates will be officially confirmed. If the team manages to recruit the names currently being mentioned, we should be well equipped to represent the team\u2019s colours.\u00a0\u00bb<\/em><\/p>\t\t\t\t\t\t<\/div>\n\t\t\t\t<\/div>\n\t\t\t\t\t<\/div>\n\t\t<\/div>\n\t\t\t\t\t\t\t<\/div>\n\t\t<\/section>\n\t\t\t\t\t\t\t<\/div>\n\t\t","protected":false},"excerpt":{"rendered":"<p>Hugo Clere prolonge avec le Tati Team AVA6 Racing Hugo Clere continues with Tati Team AVA6 Racing Le Tati Team AVA6 Racing poursuit son engagement au plus haut niveau de l\u2019endurance moto en gardant la m\u00eame formule : Garder les fondamentaux du team, optimiser et am\u00e9liorer tout ce qui peut l\u2019\u00eatre.\u00a0 Pour la saison 2026 [&hellip;]<\/p>\n","protected":false},"author":1,"featured_media":11597,"comment_status":"closed","ping_status":"open","sticky":false,"template":"","format":"standard","meta":{"footnotes":""},"categories":[58,57],"tags":[],"acf":[],"yoast_head":"<!-- This site is optimized with the Yoast SEO plugin v21.6 - https:\/\/yoast.com\/wordpress\/plugins\/seo\/ -->\n<title>Hugo Clere prolonge avec le Tati Team AVA6 Racing - 8h SPA Motos<\/title>\n<meta name=\"robots\" content=\"index, follow, max-snippet:-1, max-image-preview:large, max-video-preview:-1\" \/>\n<link rel=\"canonical\" href=\"https:\/\/www.spamotos.com\/fr\/hugo-clere-prolonge-avec-le-tati-team-ava6-racing\/\" \/>\n<meta property=\"og:locale\" content=\"fr_FR\" \/>\n<meta property=\"og:type\" content=\"article\" \/>\n<meta property=\"og:title\" content=\"Hugo Clere prolonge avec le Tati Team AVA6 Racing - 8h SPA Motos\" \/>\n<meta property=\"og:description\" content=\"Hugo Clere prolonge avec le Tati Team AVA6 Racing Hugo Clere continues with Tati Team AVA6 Racing Le Tati Team AVA6 Racing poursuit son engagement au plus haut niveau de l\u2019endurance moto en gardant la m\u00eame formule : Garder les fondamentaux du team, optimiser et am\u00e9liorer tout ce qui peut l\u2019\u00eatre.\u00a0 Pour la saison 2026 [&hellip;]\" \/>\n<meta property=\"og:url\" content=\"https:\/\/www.spamotos.com\/fr\/hugo-clere-prolonge-avec-le-tati-team-ava6-racing\/\" \/>\n<meta property=\"og:site_name\" content=\"8h SPA Motos\" \/>\n<meta property=\"article:publisher\" content=\"https:\/\/www.facebook.com\/24hspamotos\" \/>\n<meta property=\"article:published_time\" content=\"2026-01-23T17:01:37+00:00\" \/>\n<meta property=\"article:modified_time\" content=\"2026-03-05T17:04:58+00:00\" \/>\n<meta property=\"og:image\" content=\"https:\/\/www.spamotos.com\/wp-content\/uploads\/2026\/03\/Sans-titre-large.webp\" \/>\n\t<meta property=\"og:image:width\" content=\"1024\" \/>\n\t<meta property=\"og:image:height\" content=\"683\" \/>\n\t<meta property=\"og:image:type\" content=\"image\/webp\" \/>\n<meta name=\"author\" content=\"Administrateur\" \/>\n<meta name=\"twitter:card\" content=\"summary_large_image\" \/>\n<meta name=\"twitter:creator\" content=\"@24hspamotos\" \/>\n<meta name=\"twitter:site\" content=\"@24hspamotos\" \/>\n<script type=\"application\/ld+json\" class=\"yoast-schema-graph\">{\"@context\":\"https:\/\/schema.org\",\"@graph\":[{\"@type\":\"Article\",\"@id\":\"https:\/\/www.spamotos.com\/fr\/hugo-clere-prolonge-avec-le-tati-team-ava6-racing\/#article\",\"isPartOf\":{\"@id\":\"https:\/\/www.spamotos.com\/fr\/hugo-clere-prolonge-avec-le-tati-team-ava6-racing\/\"},\"author\":{\"name\":\"Administrateur\",\"@id\":\"https:\/\/www.spamotos.com\/fr\/#\/schema\/person\/6c5133ba53ed7caade8af07521ce45ce\"},\"headline\":\"Hugo Clere prolonge avec le Tati Team AVA6 Racing\",\"datePublished\":\"2026-01-23T17:01:37+00:00\",\"dateModified\":\"2026-03-05T17:04:58+00:00\",\"mainEntityOfPage\":{\"@id\":\"https:\/\/www.spamotos.com\/fr\/hugo-clere-prolonge-avec-le-tati-team-ava6-racing\/\"},\"wordCount\":863,\"publisher\":{\"@id\":\"https:\/\/www.spamotos.com\/fr\/#organization\"},\"articleSection\":[\"Actualit\u00e9s Teams\",\"SAISON 2026\"],\"inLanguage\":\"fr-FR\"},{\"@type\":\"WebPage\",\"@id\":\"https:\/\/www.spamotos.com\/fr\/hugo-clere-prolonge-avec-le-tati-team-ava6-racing\/\",\"url\":\"https:\/\/www.spamotos.com\/fr\/hugo-clere-prolonge-avec-le-tati-team-ava6-racing\/\",\"name\":\"Hugo Clere prolonge avec le Tati Team AVA6 Racing - 8h SPA Motos\",\"isPartOf\":{\"@id\":\"https:\/\/www.spamotos.com\/fr\/#website\"},\"datePublished\":\"2026-01-23T17:01:37+00:00\",\"dateModified\":\"2026-03-05T17:04:58+00:00\",\"breadcrumb\":{\"@id\":\"https:\/\/www.spamotos.com\/fr\/hugo-clere-prolonge-avec-le-tati-team-ava6-racing\/#breadcrumb\"},\"inLanguage\":\"fr-FR\",\"potentialAction\":[{\"@type\":\"ReadAction\",\"target\":[\"https:\/\/www.spamotos.com\/fr\/hugo-clere-prolonge-avec-le-tati-team-ava6-racing\/\"]}]},{\"@type\":\"BreadcrumbList\",\"@id\":\"https:\/\/www.spamotos.com\/fr\/hugo-clere-prolonge-avec-le-tati-team-ava6-racing\/#breadcrumb\",\"itemListElement\":[{\"@type\":\"ListItem\",\"position\":1,\"name\":\"Accueil\",\"item\":\"https:\/\/www.spamotos.com\/fr\/\"},{\"@type\":\"ListItem\",\"position\":2,\"name\":\"Hugo Clere prolonge avec le Tati Team AVA6 Racing\"}]},{\"@type\":\"WebSite\",\"@id\":\"https:\/\/www.spamotos.com\/fr\/#website\",\"url\":\"https:\/\/www.spamotos.com\/fr\/\",\"name\":\"8h SPA Motos\",\"description\":\"Un site utilisant WordPress\",\"publisher\":{\"@id\":\"https:\/\/www.spamotos.com\/fr\/#organization\"},\"potentialAction\":[{\"@type\":\"SearchAction\",\"target\":{\"@type\":\"EntryPoint\",\"urlTemplate\":\"https:\/\/www.spamotos.com\/fr\/?s={search_term_string}\"},\"query-input\":\"required name=search_term_string\"}],\"inLanguage\":\"fr-FR\"},{\"@type\":\"Organization\",\"@id\":\"https:\/\/www.spamotos.com\/fr\/#organization\",\"name\":\"8h SPA Motos\",\"url\":\"https:\/\/www.spamotos.com\/fr\/\",\"logo\":{\"@type\":\"ImageObject\",\"inLanguage\":\"fr-FR\",\"@id\":\"https:\/\/www.spamotos.com\/fr\/#\/schema\/logo\/image\/\",\"url\":\"https:\/\/www.spamotos.com\/wp-content\/uploads\/2023\/11\/cropped-8Hours-Positif-test-2.png\",\"contentUrl\":\"https:\/\/www.spamotos.com\/wp-content\/uploads\/2023\/11\/cropped-8Hours-Positif-test-2.png\",\"width\":443,\"height\":200,\"caption\":\"8h SPA Motos\"},\"image\":{\"@id\":\"https:\/\/www.spamotos.com\/fr\/#\/schema\/logo\/image\/\"},\"sameAs\":[\"https:\/\/www.facebook.com\/24hspamotos\",\"https:\/\/twitter.com\/24hspamotos\",\"https:\/\/www.instagram.com\/24hspamotos\",\"https:\/\/www.tiktok.com\/@24hspamotos\"]},{\"@type\":\"Person\",\"@id\":\"https:\/\/www.spamotos.com\/fr\/#\/schema\/person\/6c5133ba53ed7caade8af07521ce45ce\",\"name\":\"Administrateur\",\"sameAs\":[\"https:\/\/www.spamotos.com\/wp-cms\"]}]}<\/script>\n<!-- \/ Yoast SEO plugin. -->","yoast_head_json":{"title":"Hugo Clere prolonge avec le Tati Team AVA6 Racing - 8h SPA Motos","robots":{"index":"index","follow":"follow","max-snippet":"max-snippet:-1","max-image-preview":"max-image-preview:large","max-video-preview":"max-video-preview:-1"},"canonical":"https:\/\/www.spamotos.com\/fr\/hugo-clere-prolonge-avec-le-tati-team-ava6-racing\/","og_locale":"fr_FR","og_type":"article","og_title":"Hugo Clere prolonge avec le Tati Team AVA6 Racing - 8h SPA Motos","og_description":"Hugo Clere prolonge avec le Tati Team AVA6 Racing Hugo Clere continues with Tati Team AVA6 Racing Le Tati Team AVA6 Racing poursuit son engagement au plus haut niveau de l\u2019endurance moto en gardant la m\u00eame formule : Garder les fondamentaux du team, optimiser et am\u00e9liorer tout ce qui peut l\u2019\u00eatre.\u00a0 Pour la saison 2026 [&hellip;]","og_url":"https:\/\/www.spamotos.com\/fr\/hugo-clere-prolonge-avec-le-tati-team-ava6-racing\/","og_site_name":"8h SPA Motos","article_publisher":"https:\/\/www.facebook.com\/24hspamotos","article_published_time":"2026-01-23T17:01:37+00:00","article_modified_time":"2026-03-05T17:04:58+00:00","og_image":[{"width":1024,"height":683,"url":"https:\/\/www.spamotos.com\/wp-content\/uploads\/2026\/03\/Sans-titre-large.webp","type":"image\/webp"}],"author":"Administrateur","twitter_card":"summary_large_image","twitter_creator":"@24hspamotos","twitter_site":"@24hspamotos","schema":{"@context":"https:\/\/schema.org","@graph":[{"@type":"Article","@id":"https:\/\/www.spamotos.com\/fr\/hugo-clere-prolonge-avec-le-tati-team-ava6-racing\/#article","isPartOf":{"@id":"https:\/\/www.spamotos.com\/fr\/hugo-clere-prolonge-avec-le-tati-team-ava6-racing\/"},"author":{"name":"Administrateur","@id":"https:\/\/www.spamotos.com\/fr\/#\/schema\/person\/6c5133ba53ed7caade8af07521ce45ce"},"headline":"Hugo Clere prolonge avec le Tati Team AVA6 Racing","datePublished":"2026-01-23T17:01:37+00:00","dateModified":"2026-03-05T17:04:58+00:00","mainEntityOfPage":{"@id":"https:\/\/www.spamotos.com\/fr\/hugo-clere-prolonge-avec-le-tati-team-ava6-racing\/"},"wordCount":863,"publisher":{"@id":"https:\/\/www.spamotos.com\/fr\/#organization"},"articleSection":["Actualit\u00e9s Teams","SAISON 2026"],"inLanguage":"fr-FR"},{"@type":"WebPage","@id":"https:\/\/www.spamotos.com\/fr\/hugo-clere-prolonge-avec-le-tati-team-ava6-racing\/","url":"https:\/\/www.spamotos.com\/fr\/hugo-clere-prolonge-avec-le-tati-team-ava6-racing\/","name":"Hugo Clere prolonge avec le Tati Team AVA6 Racing - 8h SPA Motos","isPartOf":{"@id":"https:\/\/www.spamotos.com\/fr\/#website"},"datePublished":"2026-01-23T17:01:37+00:00","dateModified":"2026-03-05T17:04:58+00:00","breadcrumb":{"@id":"https:\/\/www.spamotos.com\/fr\/hugo-clere-prolonge-avec-le-tati-team-ava6-racing\/#breadcrumb"},"inLanguage":"fr-FR","potentialAction":[{"@type":"ReadAction","target":["https:\/\/www.spamotos.com\/fr\/hugo-clere-prolonge-avec-le-tati-team-ava6-racing\/"]}]},{"@type":"BreadcrumbList","@id":"https:\/\/www.spamotos.com\/fr\/hugo-clere-prolonge-avec-le-tati-team-ava6-racing\/#breadcrumb","itemListElement":[{"@type":"ListItem","position":1,"name":"Accueil","item":"https:\/\/www.spamotos.com\/fr\/"},{"@type":"ListItem","position":2,"name":"Hugo Clere prolonge avec le Tati Team AVA6 Racing"}]},{"@type":"WebSite","@id":"https:\/\/www.spamotos.com\/fr\/#website","url":"https:\/\/www.spamotos.com\/fr\/","name":"8h SPA Motos","description":"Un site utilisant WordPress","publisher":{"@id":"https:\/\/www.spamotos.com\/fr\/#organization"},"potentialAction":[{"@type":"SearchAction","target":{"@type":"EntryPoint","urlTemplate":"https:\/\/www.spamotos.com\/fr\/?s={search_term_string}"},"query-input":"required name=search_term_string"}],"inLanguage":"fr-FR"},{"@type":"Organization","@id":"https:\/\/www.spamotos.com\/fr\/#organization","name":"8h SPA Motos","url":"https:\/\/www.spamotos.com\/fr\/","logo":{"@type":"ImageObject","inLanguage":"fr-FR","@id":"https:\/\/www.spamotos.com\/fr\/#\/schema\/logo\/image\/","url":"https:\/\/www.spamotos.com\/wp-content\/uploads\/2023\/11\/cropped-8Hours-Positif-test-2.png","contentUrl":"https:\/\/www.spamotos.com\/wp-content\/uploads\/2023\/11\/cropped-8Hours-Positif-test-2.png","width":443,"height":200,"caption":"8h SPA Motos"},"image":{"@id":"https:\/\/www.spamotos.com\/fr\/#\/schema\/logo\/image\/"},"sameAs":["https:\/\/www.facebook.com\/24hspamotos","https:\/\/twitter.com\/24hspamotos","https:\/\/www.instagram.com\/24hspamotos","https:\/\/www.tiktok.com\/@24hspamotos"]},{"@type":"Person","@id":"https:\/\/www.spamotos.com\/fr\/#\/schema\/person\/6c5133ba53ed7caade8af07521ce45ce","name":"Administrateur","sameAs":["https:\/\/www.spamotos.com\/wp-cms"]}]}},"_links":{"self":[{"href":"https:\/\/www.spamotos.com\/fr\/wp-json\/wp\/v2\/posts\/11596"}],"collection":[{"href":"https:\/\/www.spamotos.com\/fr\/wp-json\/wp\/v2\/posts"}],"about":[{"href":"https:\/\/www.spamotos.com\/fr\/wp-json\/wp\/v2\/types\/post"}],"author":[{"embeddable":true,"href":"https:\/\/www.spamotos.com\/fr\/wp-json\/wp\/v2\/users\/1"}],"replies":[{"embeddable":true,"href":"https:\/\/www.spamotos.com\/fr\/wp-json\/wp\/v2\/comments?post=11596"}],"version-history":[{"count":4,"href":"https:\/\/www.spamotos.com\/fr\/wp-json\/wp\/v2\/posts\/11596\/revisions"}],"predecessor-version":[{"id":11602,"href":"https:\/\/www.spamotos.com\/fr\/wp-json\/wp\/v2\/posts\/11596\/revisions\/11602"}],"wp:featuredmedia":[{"embeddable":true,"href":"https:\/\/www.spamotos.com\/fr\/wp-json\/wp\/v2\/media\/11597"}],"wp:attachment":[{"href":"https:\/\/www.spamotos.com\/fr\/wp-json\/wp\/v2\/media?parent=11596"}],"wp:term":[{"taxonomy":"category","embeddable":true,"href":"https:\/\/www.spamotos.com\/fr\/wp-json\/wp\/v2\/categories?post=11596"},{"taxonomy":"post_tag","embeddable":true,"href":"https:\/\/www.spamotos.com\/fr\/wp-json\/wp\/v2\/tags?post=11596"}],"curies":[{"name":"wp","href":"https:\/\/api.w.org\/{rel}","templated":true}]}}