{"id":11637,"date":"2026-01-29T18:29:30","date_gmt":"2026-01-29T17:29:30","guid":{"rendered":"https:\/\/www.spamotos.com\/?p=11637"},"modified":"2026-03-05T18:32:47","modified_gmt":"2026-03-05T17:32:47","slug":"le-bmw-motorrad-world-endurance-team-devoile-son-line-up-ewc-2026-avec-larrivee-de-van-der-mark-aux-cotes-de-reiterberger-et-odendaal","status":"publish","type":"post","link":"https:\/\/www.spamotos.com\/fr\/le-bmw-motorrad-world-endurance-team-devoile-son-line-up-ewc-2026-avec-larrivee-de-van-der-mark-aux-cotes-de-reiterberger-et-odendaal\/","title":{"rendered":"Le BMW Motorrad World Endurance Team d\u00e9voile son line-up EWC 2026 avec l\u2019arriv\u00e9e de van der Mark aux c\u00f4t\u00e9s de Reiterberger et Odendaal"},"content":{"rendered":"\t\t<div data-elementor-type=\"wp-post\" data-elementor-id=\"11637\" class=\"elementor elementor-11637\">\n\t\t\t\t\t\t\t\t\t<section class=\"elementor-section elementor-top-section elementor-element elementor-element-cfd74df elementor-section-boxed elementor-section-height-default elementor-section-height-default\" data-id=\"cfd74df\" data-element_type=\"section\">\n\t\t\t\t\t\t<div class=\"elementor-container elementor-column-gap-default\">\n\t\t\t\t\t<div class=\"elementor-column elementor-col-100 elementor-top-column elementor-element elementor-element-c73a62b\" data-id=\"c73a62b\" data-element_type=\"column\">\n\t\t\t<div class=\"elementor-widget-wrap elementor-element-populated\">\n\t\t\t\t\t\t\t\t<div class=\"elementor-element elementor-element-d3b8442 elementor-widget elementor-widget-heading\" data-id=\"d3b8442\" data-element_type=\"widget\" data-widget_type=\"heading.default\">\n\t\t\t\t<div class=\"elementor-widget-container\">\n\t\t\t<style>\/*! elementor - v3.8.1 - 13-11-2022 *\/\n.elementor-heading-title{padding:0;margin:0;line-height:1}.elementor-widget-heading .elementor-heading-title[class*=elementor-size-]>a{color:inherit;font-size:inherit;line-height:inherit}.elementor-widget-heading .elementor-heading-title.elementor-size-small{font-size:15px}.elementor-widget-heading .elementor-heading-title.elementor-size-medium{font-size:19px}.elementor-widget-heading .elementor-heading-title.elementor-size-large{font-size:29px}.elementor-widget-heading .elementor-heading-title.elementor-size-xl{font-size:39px}.elementor-widget-heading .elementor-heading-title.elementor-size-xxl{font-size:59px}<\/style><h2 class=\"elementor-heading-title elementor-size-default\">Le BMW Motorrad World Endurance Team d\u00e9voile son line-up EWC 2026 avec l\u2019arriv\u00e9e de van der Mark aux c\u00f4t\u00e9s de Reiterberger et Odendaal\n<\/h2>\t\t<\/div>\n\t\t\t\t<\/div>\n\t\t\t\t<div class=\"elementor-element elementor-element-c66e85d elementor-widget elementor-widget-heading\" data-id=\"c66e85d\" data-element_type=\"widget\" data-widget_type=\"heading.default\">\n\t\t\t\t<div class=\"elementor-widget-container\">\n\t\t\t<h2 class=\"elementor-heading-title elementor-size-default\">BMW Motorrad World Endurance Team unveils 2026 EWC line-up as van der Mark joins Reiterberger and Odendaal\n<\/h2>\t\t<\/div>\n\t\t\t\t<\/div>\n\t\t\t\t<div class=\"elementor-element elementor-element-14f0c6f elementor-widget elementor-widget-image\" data-id=\"14f0c6f\" data-element_type=\"widget\" data-widget_type=\"image.default\">\n\t\t\t\t<div class=\"elementor-widget-container\">\n\t\t\t<style>\/*! elementor - v3.8.1 - 13-11-2022 *\/\n.elementor-widget-image{text-align:center}.elementor-widget-image a{display:inline-block}.elementor-widget-image a img[src$=\".svg\"]{width:48px}.elementor-widget-image img{vertical-align:middle;display:inline-block}<\/style>\t\t\t\t\t\t\t\t\t\t\t\t<img loading=\"lazy\" decoding=\"async\" width=\"768\" height=\"512\" src=\"https:\/\/www.spamotos.com\/wp-content\/uploads\/2026\/01\/P90629139_highRes_-27th-january-2026-p-large-768x512.webp\" class=\"attachment-medium_large size-medium_large\" alt=\"\" srcset=\"https:\/\/www.spamotos.com\/wp-content\/uploads\/2026\/01\/P90629139_highRes_-27th-january-2026-p-large-768x512.webp 768w, https:\/\/www.spamotos.com\/wp-content\/uploads\/2026\/01\/P90629139_highRes_-27th-january-2026-p-large-300x200.webp 300w, https:\/\/www.spamotos.com\/wp-content\/uploads\/2026\/01\/P90629139_highRes_-27th-january-2026-p-large.webp 1024w\" sizes=\"(max-width: 768px) 100vw, 768px\" \/>\t\t\t\t\t\t\t\t\t\t\t\t\t\t\t<\/div>\n\t\t\t\t<\/div>\n\t\t\t\t<div class=\"elementor-element elementor-element-404c94d elementor-widget elementor-widget-text-editor\" data-id=\"404c94d\" data-element_type=\"widget\" data-widget_type=\"text-editor.default\">\n\t\t\t\t<div class=\"elementor-widget-container\">\n\t\t\t<style>\/*! elementor - v3.8.1 - 13-11-2022 *\/\n.elementor-widget-text-editor.elementor-drop-cap-view-stacked .elementor-drop-cap{background-color:#818a91;color:#fff}.elementor-widget-text-editor.elementor-drop-cap-view-framed .elementor-drop-cap{color:#818a91;border:3px solid;background-color:transparent}.elementor-widget-text-editor:not(.elementor-drop-cap-view-default) .elementor-drop-cap{margin-top:8px}.elementor-widget-text-editor:not(.elementor-drop-cap-view-default) .elementor-drop-cap-letter{width:1em;height:1em}.elementor-widget-text-editor .elementor-drop-cap{float:left;text-align:center;line-height:1;font-size:50px}.elementor-widget-text-editor .elementor-drop-cap-letter{display:inline-block}<\/style>\t\t\t\t<p><strong>Michael van der Mark, Markus Reiterberger et Steven Odendaal forment le trio principal.\u00a0<\/strong><\/p><p><strong>\u00a0<\/strong><\/p><p>Le BMW Motorrad World Endurance Team, dirig\u00e9 par Werner Daemen, est pass\u00e9 tout pr\u00e8s du titre mondial la saison derni\u00e8re. Moins de 30 minutes ont s\u00e9par\u00e9 l\u2019\u00e9quipe du titre lors de la finale au Bol d\u2019Or. Une d\u00e9faillance technique les a finalement repouss\u00e9s \u00e0 la troisi\u00e8me place du Championnat.<\/p><p>\u00a0<\/p><p>Le line-up de la BMW M 1000 RR #37 ne change qu\u2019\u00e0 un poste pour 2026 :\u00a0<strong>Michael van der Mark<\/strong>\u00a0rejoint l\u2019\u00e9quipe. Il \u00e9tait pilote officiel BMW Motorrad en WorldSBK depuis 2021 et passe d\u00e9sormais en FIM EWC. Van der Mark avait d\u00e9j\u00e0 couru avec le BMW Motorrad World Endurance Team \u00e0 Suzuka en 2025. \u00c9galement reconduits :\u00a0<strong>Markus Reiterberger<\/strong>, pr\u00e9sent dans le projet depuis ses d\u00e9buts en 2019\/20,\u00a0<strong>Steven Odendaal<\/strong>, et\u00a0<strong>Hannes Soomer<\/strong>\u00a0en tant que quatri\u00e8me pilote.<\/p><p>\u00a0<\/p><p>Les programmes des pilotes incluent \u00e9galement d\u2019autres activit\u00e9s : van der Mark est pilote d\u2019essai pour le BMW Motorrad WorldSBK Test Team, Reiterberger et Soomer disputeront le nouvel EuroMoto (anciennement IDM Superbike), et Odendaal d\u00e9fendra son titre en Championnat d\u2019Espagne Superbike.<\/p><p>\u00a0<\/p><p><strong>Michael van der Mark<\/strong>\u00a0: \u00ab Honn\u00eatement, j\u2019ai h\u00e2te d\u2019y \u00eatre. J\u2019ai v\u00e9cu une belle exp\u00e9rience avec eux l\u2019an dernier \u00e0 Suzuka et j\u2019ai vraiment appr\u00e9ci\u00e9 travailler avec Steven et Markus, on forme une bonne \u00e9quipe. C\u2019est super de d\u00e9j\u00e0 conna\u00eetre l\u2019\u00e9quipe et je pense que c\u2019est assez clair qu\u2019on a un seul objectif : gagner le Championnat du Monde d\u2019Endurance. Ils en \u00e9taient si proches l\u2019an dernier, mais malheureusement \u00e7a fait partie de l\u2019endurance. J\u2019ai h\u00e2te d\u2019essayer de les aider \u00e0 d\u00e9crocher ce titre mondial. Je serai aussi dans le BMW Motorrad WorldSBK Test Team. On fait beaucoup de travail de d\u00e9veloppement avant de transmettre les pi\u00e8ces au ROKiT BMW Motorrad WorldSBK Team et aussi au BMW Motorrad World Endurance Team. C\u2019est un travail diff\u00e9rent, mais vraiment agr\u00e9able. Parfois c\u2019est beaucoup de boulot, et j\u2019appr\u00e9cie vraiment \u00e7a aussi. C\u2019est super de rester dans la famille BMW Motorsport et je risque d\u2019\u00eatre bien occup\u00e9 cette ann\u00e9e. \u00bb<\/p><p>\u00a0<\/p><p><strong>Markus Reiterberger<\/strong>\u00a0: \u00ab J\u2019ai vraiment h\u00e2te d\u2019attaquer la saison avec BMW et cet environnement familier que je connais depuis des ann\u00e9es. Notre objectif est clair : on veut gagner le Championnat du Monde. L\u2019an dernier, on en \u00e9tait tr\u00e8s, tr\u00e8s proches. Il nous manquait 25 minutes pour le titre. Malheureusement, on n\u2019y est pas arriv\u00e9s au final, mais \u00e7a fait automatiquement de cette mission notre priorit\u00e9 maintenant, et je crois que les chances sont bonnes. On a progress\u00e9 dans beaucoup de domaines. Je pense que c\u2019est r\u00e9aliste d\u2019y arriver, mais on doit tous donner le meilleur de nous-m\u00eames, bien travailler, rester concentr\u00e9s, et bien s\u00fbr avoir la chance n\u00e9cessaire ou simplement \u00e9viter la malchance. Parce que l\u2019endurance, c\u2019est toujours une combinaison de tout \u00e7a. Les objectifs sont clairement d\u00e9finis. En EuroMoto aussi, on veut ramener le titre \u00e0 BMW. J\u2019ai d\u00e9j\u00e0 r\u00e9ussi \u00e7a quatre fois, et je suis content de pouvoir repartir \u00e0 l\u2019attaque. L\u00e0, je dois d\u2019abord me r\u00e9adapter un peu, parce que ces derni\u00e8res ann\u00e9es j\u2019ai surtout \u00e9t\u00e9 actif comme pilote d\u2019essai chez BMW sur la Superbike. Je connaissais la moto Stock par le pass\u00e9, et maintenant je dois me remettre dedans. On a encore plusieurs tests de pr\u00e9paration \u00e0 venir. La concurrence en EuroMoto est tr\u00e8s forte, ce qui me r\u00e9jouit, parce que c\u2019est exactement ce dont le sport moto allemand a besoin : des pilotes, des \u00e9quipes et des motos de haut niveau. On est bien arm\u00e9s, et j\u2019esp\u00e8re une super saison. \u00bb<\/p><p>\u00a0<\/p><p><strong>Steven Odendaal<\/strong>\u00a0: \u00ab Je suis vraiment enthousiaste pour cette saison 2026. Je pense qu\u2019on peut tirer beaucoup d\u2019enseignements de l\u2019an dernier sur la mani\u00e8re de progresser, pas seulement sur la moto, mais aussi personnellement. Et je pense que cette ann\u00e9e, on peut vraiment tout rassembler pour une performance solide et r\u00e9guli\u00e8re qui nous apporte le titre en fin d\u2019ann\u00e9e. C\u2019est l\u2019objectif principal, et \u00e9videmment j\u2019aimerais aussi d\u00e9fendre mon titre en Championnat d\u2019Espagne Superbike cette ann\u00e9e. J\u2019ai h\u00e2te de garder le rythme avec \u00e7a et de retrouver le plaisir de la course. \u00bb<\/p>\t\t\t\t\t\t<\/div>\n\t\t\t\t<\/div>\n\t\t\t\t<div class=\"elementor-element elementor-element-a0c4224 elementor-widget elementor-widget-text-editor\" data-id=\"a0c4224\" data-element_type=\"widget\" data-widget_type=\"text-editor.default\">\n\t\t\t\t<div class=\"elementor-widget-container\">\n\t\t\t\t\t\t\t<p><strong>Michael van der Mark, Markus Reiterberger, and Steven Odendaal form the core trio.<\/strong><\/p><p><strong><br><\/strong><\/p>\n<p>The BMW Motorrad World Endurance Team, led by Team Manager Werner Daemen, came very close to the World Championship last season. Less than 30 minutes separated the team from the title at the season finale, the Bol d\u2019Or in France. A technical failure ultimately pushed them back to third place in the championship, earning them the title of \u201cWorld Champions of Hearts.\u201d&nbsp;<\/p>\n<p>The lineup of the #37 BMW M 1000 RR changes only in one spot for 2026:&nbsp;<strong>Michael van der Mark<\/strong>&nbsp;joins the team. He was a BMW Motorrad factory rider in WorldSBK from 2021 and now moves to the FIM EWC. Van der Mark already raced with the BMW Motorrad World Endurance Team at Suzuka in 2025. Also continuing are BMW veteran&nbsp;<strong>Markus Reiterberger<\/strong>, part of the project since its 2019\/20 debut,&nbsp;<strong>Steven Odendaal<\/strong>, and&nbsp;<strong>Hannes Soomer<\/strong>&nbsp;as the fourth rider.<\/p><p><br><\/p>\n<p>&nbsp;The riders\u2019 programmes also include additional activities: Van der Mark is a test rider for the BMW Motorrad WorldSBK Test Team, Reiterberger and Soomer will compete in the new EuroMoto (formerly IDM Superbike), and Odendaal will defend his title in the Spanish Superbike Championship.<\/p><p><br><\/p>\n<p><strong>Michael van der Mark<\/strong>: \u201cI am honestly looking forward to it. I had a nice experience with them last year at Suzuka and I really enjoyed working with Steven and Markus and we\u2019re a nice team. It\u2019s great to know the team already and I think it\u2019s pretty clear that we have one goal and that\u2019s to win the Endurance World Championship. They were so close last year but unfortunately it\u2019s part of endurance racing. I\u2019m looking forward to trying and helping them to get a world title. I will also be in the BMW Motorrad WorldSBK Test Team. We\u2019re doing a lot of testing work before getting the parts over to the ROKiT BMW Motorrad WorldSBK Team and also to the BMW Motorrad World Endurance Team. It\u2019s a different kind of job, but also really enjoyable. Sometimes it\u2019s a lot of work, and I am really enjoying it as well. It\u2019s great to stay with the BMW Motorsport family and I might be busy during the year.\u201d<\/p><p><br><\/p>\n<p><strong>Markus Reiterberger<\/strong>: \u201cI\u2019m really looking forward to the season with BMW and the familiar, well-known environment from the past years. Our goal is clear: we want to win the world championship. Last year we were very, very close. We were missing 25 minutes to the title. Unfortunately, we didn\u2019t quite make it in the end, but that automatically makes it our task to go and get it now and I believe the chances are good. We\u2019ve improved a little more in many areas. I think it\u2019s realistic that we can achieve it, but we all have to give our best, work well and stay focused, and, of course, also have the necessary luck \u2013 or simply avoid bad luck. Because endurance racing is always a combination of everything. So the goals are clearly defined. In EuroMoto, we also want to bring the championship title back to BMW. I\u2019ve already managed that four times, and I\u2019m happy that I can go after it once again. Here, I first have to readjust a bit, because in recent years I\u2019ve been active as a test rider at BMW mainly on the Superbike. I was familiar with the Stock bike in the past, and now I need to dial myself back in a little. However, we still have several tests coming up in preparation. The competition in EuroMoto is very strong, which makes me happy, because that\u2019s exactly what German motorsport needs: strong riders, teams, and motorcycles. We\u2019re well set up, and I\u2019m hoping for a great season.\u201d<\/p><p><br><\/p>\n<p><strong>Steven Odendaal<\/strong>: \u201cI\u2019m really excited for this 2026 season. I think from last year we can extract a lot of information about how to improve, not just on the bike but also myself personally. And I think that this year we can really bring it together for a strong and consistent performance to bring us the title at the end of the year. That\u2019s the main objective and obviously also I would like to defend my Spanish Superbike title this year. I am looking forward to keeping my eye in with that and enjoying racing again.\u201d<\/p>\t\t\t\t\t\t<\/div>\n\t\t\t\t<\/div>\n\t\t\t\t\t<\/div>\n\t\t<\/div>\n\t\t\t\t\t\t\t<\/div>\n\t\t<\/section>\n\t\t\t\t\t\t\t<\/div>\n\t\t","protected":false},"excerpt":{"rendered":"<p>Le BMW Motorrad World Endurance Team d\u00e9voile son line-up EWC 2026 avec l\u2019arriv\u00e9e de van der Mark aux c\u00f4t\u00e9s de Reiterberger et Odendaal BMW Motorrad World Endurance Team unveils 2026 EWC line-up as van der Mark joins Reiterberger and Odendaal Michael van der Mark, Markus Reiterberger et Steven Odendaal forment le trio principal.\u00a0 \u00a0 Le [&hellip;]<\/p>\n","protected":false},"author":1,"featured_media":11639,"comment_status":"closed","ping_status":"open","sticky":false,"template":"","format":"standard","meta":{"footnotes":""},"categories":[58,57],"tags":[],"acf":[],"yoast_head":"<!-- This site is optimized with the Yoast SEO plugin v21.6 - https:\/\/yoast.com\/wordpress\/plugins\/seo\/ -->\n<title>Le BMW Motorrad World Endurance Team d\u00e9voile son line-up EWC 2026 avec l\u2019arriv\u00e9e de van der Mark aux c\u00f4t\u00e9s de Reiterberger et Odendaal - 8h SPA Motos<\/title>\n<meta name=\"robots\" content=\"index, follow, max-snippet:-1, max-image-preview:large, max-video-preview:-1\" \/>\n<link rel=\"canonical\" href=\"https:\/\/www.spamotos.com\/fr\/le-bmw-motorrad-world-endurance-team-devoile-son-line-up-ewc-2026-avec-larrivee-de-van-der-mark-aux-cotes-de-reiterberger-et-odendaal\/\" \/>\n<meta property=\"og:locale\" content=\"fr_FR\" \/>\n<meta property=\"og:type\" content=\"article\" \/>\n<meta property=\"og:title\" content=\"Le BMW Motorrad World Endurance Team d\u00e9voile son line-up EWC 2026 avec l\u2019arriv\u00e9e de van der Mark aux c\u00f4t\u00e9s de Reiterberger et Odendaal - 8h SPA Motos\" \/>\n<meta property=\"og:description\" content=\"Le BMW Motorrad World Endurance Team d\u00e9voile son line-up EWC 2026 avec l\u2019arriv\u00e9e de van der Mark aux c\u00f4t\u00e9s de Reiterberger et Odendaal BMW Motorrad World Endurance Team unveils 2026 EWC line-up as van der Mark joins Reiterberger and Odendaal Michael van der Mark, Markus Reiterberger et Steven Odendaal forment le trio principal.\u00a0 \u00a0 Le [&hellip;]\" \/>\n<meta property=\"og:url\" content=\"https:\/\/www.spamotos.com\/fr\/le-bmw-motorrad-world-endurance-team-devoile-son-line-up-ewc-2026-avec-larrivee-de-van-der-mark-aux-cotes-de-reiterberger-et-odendaal\/\" \/>\n<meta property=\"og:site_name\" content=\"8h SPA Motos\" \/>\n<meta property=\"article:publisher\" content=\"https:\/\/www.facebook.com\/24hspamotos\" \/>\n<meta property=\"article:published_time\" content=\"2026-01-29T17:29:30+00:00\" \/>\n<meta property=\"article:modified_time\" content=\"2026-03-05T17:32:47+00:00\" \/>\n<meta property=\"og:image\" content=\"https:\/\/www.spamotos.com\/wp-content\/uploads\/2026\/01\/P90629139_highRes_-27th-january-2026-p-large.webp\" \/>\n\t<meta property=\"og:image:width\" content=\"1024\" \/>\n\t<meta property=\"og:image:height\" content=\"683\" \/>\n\t<meta property=\"og:image:type\" content=\"image\/webp\" \/>\n<meta name=\"author\" content=\"Administrateur\" \/>\n<meta name=\"twitter:card\" content=\"summary_large_image\" \/>\n<meta name=\"twitter:creator\" content=\"@24hspamotos\" \/>\n<meta name=\"twitter:site\" content=\"@24hspamotos\" \/>\n<script type=\"application\/ld+json\" class=\"yoast-schema-graph\">{\"@context\":\"https:\/\/schema.org\",\"@graph\":[{\"@type\":\"Article\",\"@id\":\"https:\/\/www.spamotos.com\/fr\/le-bmw-motorrad-world-endurance-team-devoile-son-line-up-ewc-2026-avec-larrivee-de-van-der-mark-aux-cotes-de-reiterberger-et-odendaal\/#article\",\"isPartOf\":{\"@id\":\"https:\/\/www.spamotos.com\/fr\/le-bmw-motorrad-world-endurance-team-devoile-son-line-up-ewc-2026-avec-larrivee-de-van-der-mark-aux-cotes-de-reiterberger-et-odendaal\/\"},\"author\":{\"name\":\"Administrateur\",\"@id\":\"https:\/\/www.spamotos.com\/fr\/#\/schema\/person\/6c5133ba53ed7caade8af07521ce45ce\"},\"headline\":\"Le BMW Motorrad World Endurance Team d\u00e9voile son line-up EWC 2026 avec l\u2019arriv\u00e9e de van der Mark aux c\u00f4t\u00e9s de Reiterberger et Odendaal\",\"datePublished\":\"2026-01-29T17:29:30+00:00\",\"dateModified\":\"2026-03-05T17:32:47+00:00\",\"mainEntityOfPage\":{\"@id\":\"https:\/\/www.spamotos.com\/fr\/le-bmw-motorrad-world-endurance-team-devoile-son-line-up-ewc-2026-avec-larrivee-de-van-der-mark-aux-cotes-de-reiterberger-et-odendaal\/\"},\"wordCount\":1565,\"publisher\":{\"@id\":\"https:\/\/www.spamotos.com\/fr\/#organization\"},\"articleSection\":[\"Actualit\u00e9s Teams\",\"SAISON 2026\"],\"inLanguage\":\"fr-FR\"},{\"@type\":\"WebPage\",\"@id\":\"https:\/\/www.spamotos.com\/fr\/le-bmw-motorrad-world-endurance-team-devoile-son-line-up-ewc-2026-avec-larrivee-de-van-der-mark-aux-cotes-de-reiterberger-et-odendaal\/\",\"url\":\"https:\/\/www.spamotos.com\/fr\/le-bmw-motorrad-world-endurance-team-devoile-son-line-up-ewc-2026-avec-larrivee-de-van-der-mark-aux-cotes-de-reiterberger-et-odendaal\/\",\"name\":\"Le BMW Motorrad World Endurance Team d\u00e9voile son line-up EWC 2026 avec l\u2019arriv\u00e9e de van der Mark aux c\u00f4t\u00e9s de Reiterberger et Odendaal - 8h SPA Motos\",\"isPartOf\":{\"@id\":\"https:\/\/www.spamotos.com\/fr\/#website\"},\"datePublished\":\"2026-01-29T17:29:30+00:00\",\"dateModified\":\"2026-03-05T17:32:47+00:00\",\"breadcrumb\":{\"@id\":\"https:\/\/www.spamotos.com\/fr\/le-bmw-motorrad-world-endurance-team-devoile-son-line-up-ewc-2026-avec-larrivee-de-van-der-mark-aux-cotes-de-reiterberger-et-odendaal\/#breadcrumb\"},\"inLanguage\":\"fr-FR\",\"potentialAction\":[{\"@type\":\"ReadAction\",\"target\":[\"https:\/\/www.spamotos.com\/fr\/le-bmw-motorrad-world-endurance-team-devoile-son-line-up-ewc-2026-avec-larrivee-de-van-der-mark-aux-cotes-de-reiterberger-et-odendaal\/\"]}]},{\"@type\":\"BreadcrumbList\",\"@id\":\"https:\/\/www.spamotos.com\/fr\/le-bmw-motorrad-world-endurance-team-devoile-son-line-up-ewc-2026-avec-larrivee-de-van-der-mark-aux-cotes-de-reiterberger-et-odendaal\/#breadcrumb\",\"itemListElement\":[{\"@type\":\"ListItem\",\"position\":1,\"name\":\"Accueil\",\"item\":\"https:\/\/www.spamotos.com\/fr\/\"},{\"@type\":\"ListItem\",\"position\":2,\"name\":\"Le BMW Motorrad World Endurance Team d\u00e9voile son line-up EWC 2026 avec l\u2019arriv\u00e9e de van der Mark aux c\u00f4t\u00e9s de Reiterberger et Odendaal\"}]},{\"@type\":\"WebSite\",\"@id\":\"https:\/\/www.spamotos.com\/fr\/#website\",\"url\":\"https:\/\/www.spamotos.com\/fr\/\",\"name\":\"8h SPA Motos\",\"description\":\"Un site utilisant WordPress\",\"publisher\":{\"@id\":\"https:\/\/www.spamotos.com\/fr\/#organization\"},\"potentialAction\":[{\"@type\":\"SearchAction\",\"target\":{\"@type\":\"EntryPoint\",\"urlTemplate\":\"https:\/\/www.spamotos.com\/fr\/?s={search_term_string}\"},\"query-input\":\"required name=search_term_string\"}],\"inLanguage\":\"fr-FR\"},{\"@type\":\"Organization\",\"@id\":\"https:\/\/www.spamotos.com\/fr\/#organization\",\"name\":\"8h SPA Motos\",\"url\":\"https:\/\/www.spamotos.com\/fr\/\",\"logo\":{\"@type\":\"ImageObject\",\"inLanguage\":\"fr-FR\",\"@id\":\"https:\/\/www.spamotos.com\/fr\/#\/schema\/logo\/image\/\",\"url\":\"https:\/\/www.spamotos.com\/wp-content\/uploads\/2023\/11\/cropped-8Hours-Positif-test-2.png\",\"contentUrl\":\"https:\/\/www.spamotos.com\/wp-content\/uploads\/2023\/11\/cropped-8Hours-Positif-test-2.png\",\"width\":443,\"height\":200,\"caption\":\"8h SPA Motos\"},\"image\":{\"@id\":\"https:\/\/www.spamotos.com\/fr\/#\/schema\/logo\/image\/\"},\"sameAs\":[\"https:\/\/www.facebook.com\/24hspamotos\",\"https:\/\/twitter.com\/24hspamotos\",\"https:\/\/www.instagram.com\/24hspamotos\",\"https:\/\/www.tiktok.com\/@24hspamotos\"]},{\"@type\":\"Person\",\"@id\":\"https:\/\/www.spamotos.com\/fr\/#\/schema\/person\/6c5133ba53ed7caade8af07521ce45ce\",\"name\":\"Administrateur\",\"sameAs\":[\"https:\/\/www.spamotos.com\/wp-cms\"]}]}<\/script>\n<!-- \/ Yoast SEO plugin. -->","yoast_head_json":{"title":"Le BMW Motorrad World Endurance Team d\u00e9voile son line-up EWC 2026 avec l\u2019arriv\u00e9e de van der Mark aux c\u00f4t\u00e9s de Reiterberger et Odendaal - 8h SPA Motos","robots":{"index":"index","follow":"follow","max-snippet":"max-snippet:-1","max-image-preview":"max-image-preview:large","max-video-preview":"max-video-preview:-1"},"canonical":"https:\/\/www.spamotos.com\/fr\/le-bmw-motorrad-world-endurance-team-devoile-son-line-up-ewc-2026-avec-larrivee-de-van-der-mark-aux-cotes-de-reiterberger-et-odendaal\/","og_locale":"fr_FR","og_type":"article","og_title":"Le BMW Motorrad World Endurance Team d\u00e9voile son line-up EWC 2026 avec l\u2019arriv\u00e9e de van der Mark aux c\u00f4t\u00e9s de Reiterberger et Odendaal - 8h SPA Motos","og_description":"Le BMW Motorrad World Endurance Team d\u00e9voile son line-up EWC 2026 avec l\u2019arriv\u00e9e de van der Mark aux c\u00f4t\u00e9s de Reiterberger et Odendaal BMW Motorrad World Endurance Team unveils 2026 EWC line-up as van der Mark joins Reiterberger and Odendaal Michael van der Mark, Markus Reiterberger et Steven Odendaal forment le trio principal.\u00a0 \u00a0 Le [&hellip;]","og_url":"https:\/\/www.spamotos.com\/fr\/le-bmw-motorrad-world-endurance-team-devoile-son-line-up-ewc-2026-avec-larrivee-de-van-der-mark-aux-cotes-de-reiterberger-et-odendaal\/","og_site_name":"8h SPA Motos","article_publisher":"https:\/\/www.facebook.com\/24hspamotos","article_published_time":"2026-01-29T17:29:30+00:00","article_modified_time":"2026-03-05T17:32:47+00:00","og_image":[{"width":1024,"height":683,"url":"https:\/\/www.spamotos.com\/wp-content\/uploads\/2026\/01\/P90629139_highRes_-27th-january-2026-p-large.webp","type":"image\/webp"}],"author":"Administrateur","twitter_card":"summary_large_image","twitter_creator":"@24hspamotos","twitter_site":"@24hspamotos","schema":{"@context":"https:\/\/schema.org","@graph":[{"@type":"Article","@id":"https:\/\/www.spamotos.com\/fr\/le-bmw-motorrad-world-endurance-team-devoile-son-line-up-ewc-2026-avec-larrivee-de-van-der-mark-aux-cotes-de-reiterberger-et-odendaal\/#article","isPartOf":{"@id":"https:\/\/www.spamotos.com\/fr\/le-bmw-motorrad-world-endurance-team-devoile-son-line-up-ewc-2026-avec-larrivee-de-van-der-mark-aux-cotes-de-reiterberger-et-odendaal\/"},"author":{"name":"Administrateur","@id":"https:\/\/www.spamotos.com\/fr\/#\/schema\/person\/6c5133ba53ed7caade8af07521ce45ce"},"headline":"Le BMW Motorrad World Endurance Team d\u00e9voile son line-up EWC 2026 avec l\u2019arriv\u00e9e de van der Mark aux c\u00f4t\u00e9s de Reiterberger et Odendaal","datePublished":"2026-01-29T17:29:30+00:00","dateModified":"2026-03-05T17:32:47+00:00","mainEntityOfPage":{"@id":"https:\/\/www.spamotos.com\/fr\/le-bmw-motorrad-world-endurance-team-devoile-son-line-up-ewc-2026-avec-larrivee-de-van-der-mark-aux-cotes-de-reiterberger-et-odendaal\/"},"wordCount":1565,"publisher":{"@id":"https:\/\/www.spamotos.com\/fr\/#organization"},"articleSection":["Actualit\u00e9s Teams","SAISON 2026"],"inLanguage":"fr-FR"},{"@type":"WebPage","@id":"https:\/\/www.spamotos.com\/fr\/le-bmw-motorrad-world-endurance-team-devoile-son-line-up-ewc-2026-avec-larrivee-de-van-der-mark-aux-cotes-de-reiterberger-et-odendaal\/","url":"https:\/\/www.spamotos.com\/fr\/le-bmw-motorrad-world-endurance-team-devoile-son-line-up-ewc-2026-avec-larrivee-de-van-der-mark-aux-cotes-de-reiterberger-et-odendaal\/","name":"Le BMW Motorrad World Endurance Team d\u00e9voile son line-up EWC 2026 avec l\u2019arriv\u00e9e de van der Mark aux c\u00f4t\u00e9s de Reiterberger et Odendaal - 8h SPA Motos","isPartOf":{"@id":"https:\/\/www.spamotos.com\/fr\/#website"},"datePublished":"2026-01-29T17:29:30+00:00","dateModified":"2026-03-05T17:32:47+00:00","breadcrumb":{"@id":"https:\/\/www.spamotos.com\/fr\/le-bmw-motorrad-world-endurance-team-devoile-son-line-up-ewc-2026-avec-larrivee-de-van-der-mark-aux-cotes-de-reiterberger-et-odendaal\/#breadcrumb"},"inLanguage":"fr-FR","potentialAction":[{"@type":"ReadAction","target":["https:\/\/www.spamotos.com\/fr\/le-bmw-motorrad-world-endurance-team-devoile-son-line-up-ewc-2026-avec-larrivee-de-van-der-mark-aux-cotes-de-reiterberger-et-odendaal\/"]}]},{"@type":"BreadcrumbList","@id":"https:\/\/www.spamotos.com\/fr\/le-bmw-motorrad-world-endurance-team-devoile-son-line-up-ewc-2026-avec-larrivee-de-van-der-mark-aux-cotes-de-reiterberger-et-odendaal\/#breadcrumb","itemListElement":[{"@type":"ListItem","position":1,"name":"Accueil","item":"https:\/\/www.spamotos.com\/fr\/"},{"@type":"ListItem","position":2,"name":"Le BMW Motorrad World Endurance Team d\u00e9voile son line-up EWC 2026 avec l\u2019arriv\u00e9e de van der Mark aux c\u00f4t\u00e9s de Reiterberger et Odendaal"}]},{"@type":"WebSite","@id":"https:\/\/www.spamotos.com\/fr\/#website","url":"https:\/\/www.spamotos.com\/fr\/","name":"8h SPA Motos","description":"Un site utilisant WordPress","publisher":{"@id":"https:\/\/www.spamotos.com\/fr\/#organization"},"potentialAction":[{"@type":"SearchAction","target":{"@type":"EntryPoint","urlTemplate":"https:\/\/www.spamotos.com\/fr\/?s={search_term_string}"},"query-input":"required name=search_term_string"}],"inLanguage":"fr-FR"},{"@type":"Organization","@id":"https:\/\/www.spamotos.com\/fr\/#organization","name":"8h SPA Motos","url":"https:\/\/www.spamotos.com\/fr\/","logo":{"@type":"ImageObject","inLanguage":"fr-FR","@id":"https:\/\/www.spamotos.com\/fr\/#\/schema\/logo\/image\/","url":"https:\/\/www.spamotos.com\/wp-content\/uploads\/2023\/11\/cropped-8Hours-Positif-test-2.png","contentUrl":"https:\/\/www.spamotos.com\/wp-content\/uploads\/2023\/11\/cropped-8Hours-Positif-test-2.png","width":443,"height":200,"caption":"8h SPA Motos"},"image":{"@id":"https:\/\/www.spamotos.com\/fr\/#\/schema\/logo\/image\/"},"sameAs":["https:\/\/www.facebook.com\/24hspamotos","https:\/\/twitter.com\/24hspamotos","https:\/\/www.instagram.com\/24hspamotos","https:\/\/www.tiktok.com\/@24hspamotos"]},{"@type":"Person","@id":"https:\/\/www.spamotos.com\/fr\/#\/schema\/person\/6c5133ba53ed7caade8af07521ce45ce","name":"Administrateur","sameAs":["https:\/\/www.spamotos.com\/wp-cms"]}]}},"_links":{"self":[{"href":"https:\/\/www.spamotos.com\/fr\/wp-json\/wp\/v2\/posts\/11637"}],"collection":[{"href":"https:\/\/www.spamotos.com\/fr\/wp-json\/wp\/v2\/posts"}],"about":[{"href":"https:\/\/www.spamotos.com\/fr\/wp-json\/wp\/v2\/types\/post"}],"author":[{"embeddable":true,"href":"https:\/\/www.spamotos.com\/fr\/wp-json\/wp\/v2\/users\/1"}],"replies":[{"embeddable":true,"href":"https:\/\/www.spamotos.com\/fr\/wp-json\/wp\/v2\/comments?post=11637"}],"version-history":[{"count":7,"href":"https:\/\/www.spamotos.com\/fr\/wp-json\/wp\/v2\/posts\/11637\/revisions"}],"predecessor-version":[{"id":11646,"href":"https:\/\/www.spamotos.com\/fr\/wp-json\/wp\/v2\/posts\/11637\/revisions\/11646"}],"wp:featuredmedia":[{"embeddable":true,"href":"https:\/\/www.spamotos.com\/fr\/wp-json\/wp\/v2\/media\/11639"}],"wp:attachment":[{"href":"https:\/\/www.spamotos.com\/fr\/wp-json\/wp\/v2\/media?parent=11637"}],"wp:term":[{"taxonomy":"category","embeddable":true,"href":"https:\/\/www.spamotos.com\/fr\/wp-json\/wp\/v2\/categories?post=11637"},{"taxonomy":"post_tag","embeddable":true,"href":"https:\/\/www.spamotos.com\/fr\/wp-json\/wp\/v2\/tags?post=11637"}],"curies":[{"name":"wp","href":"https:\/\/api.w.org\/{rel}","templated":true}]}}