{"id":11667,"date":"2026-02-10T18:39:56","date_gmt":"2026-02-10T17:39:56","guid":{"rendered":"https:\/\/www.spamotos.com\/?p=11667"},"modified":"2026-03-05T18:42:17","modified_gmt":"2026-03-05T17:42:17","slug":"claude-michy-presente-la-saison-fim-ewc-2026-a-la-conference-des-commissions-de-lyon","status":"publish","type":"post","link":"https:\/\/www.spamotos.com\/fr\/claude-michy-presente-la-saison-fim-ewc-2026-a-la-conference-des-commissions-de-lyon\/","title":{"rendered":"Claude Michy pr\u00e9sente la saison FIM EWC 2026 \u00e0 la Conf\u00e9rence des Commissions de Lyon"},"content":{"rendered":"\t\t<div data-elementor-type=\"wp-post\" data-elementor-id=\"11667\" class=\"elementor elementor-11667\">\n\t\t\t\t\t\t\t\t\t<section class=\"elementor-section elementor-top-section elementor-element elementor-element-ab25e6f elementor-section-boxed elementor-section-height-default elementor-section-height-default\" data-id=\"ab25e6f\" data-element_type=\"section\">\n\t\t\t\t\t\t<div class=\"elementor-container elementor-column-gap-default\">\n\t\t\t\t\t<div class=\"elementor-column elementor-col-100 elementor-top-column elementor-element elementor-element-d2b7ddc\" data-id=\"d2b7ddc\" data-element_type=\"column\">\n\t\t\t<div class=\"elementor-widget-wrap elementor-element-populated\">\n\t\t\t\t\t\t\t\t<div class=\"elementor-element elementor-element-e611577 elementor-widget elementor-widget-heading\" data-id=\"e611577\" data-element_type=\"widget\" data-widget_type=\"heading.default\">\n\t\t\t\t<div class=\"elementor-widget-container\">\n\t\t\t<style>\/*! elementor - v3.8.1 - 13-11-2022 *\/\n.elementor-heading-title{padding:0;margin:0;line-height:1}.elementor-widget-heading .elementor-heading-title[class*=elementor-size-]>a{color:inherit;font-size:inherit;line-height:inherit}.elementor-widget-heading .elementor-heading-title.elementor-size-small{font-size:15px}.elementor-widget-heading .elementor-heading-title.elementor-size-medium{font-size:19px}.elementor-widget-heading .elementor-heading-title.elementor-size-large{font-size:29px}.elementor-widget-heading .elementor-heading-title.elementor-size-xl{font-size:39px}.elementor-widget-heading .elementor-heading-title.elementor-size-xxl{font-size:59px}<\/style><h2 class=\"elementor-heading-title elementor-size-default\">Claude Michy pr\u00e9sente la saison FIM EWC 2026 \u00e0 la Conf\u00e9rence des Commissions de Lyon\n<\/h2>\t\t<\/div>\n\t\t\t\t<\/div>\n\t\t\t\t<div class=\"elementor-element elementor-element-a8bfd3b elementor-widget elementor-widget-heading\" data-id=\"a8bfd3b\" data-element_type=\"widget\" data-widget_type=\"heading.default\">\n\t\t\t\t<div class=\"elementor-widget-container\">\n\t\t\t<h2 class=\"elementor-heading-title elementor-size-default\">Claude Michy presents the 2026 FIM EWC season at the Commissions Conference in Lyon\n<\/h2>\t\t<\/div>\n\t\t\t\t<\/div>\n\t\t\t\t<div class=\"elementor-element elementor-element-0a2f06d elementor-widget elementor-widget-image\" data-id=\"0a2f06d\" data-element_type=\"widget\" data-widget_type=\"image.default\">\n\t\t\t\t<div class=\"elementor-widget-container\">\n\t\t\t<style>\/*! elementor - v3.8.1 - 13-11-2022 *\/\n.elementor-widget-image{text-align:center}.elementor-widget-image a{display:inline-block}.elementor-widget-image a img[src$=\".svg\"]{width:48px}.elementor-widget-image img{vertical-align:middle;display:inline-block}<\/style>\t\t\t\t\t\t\t\t\t\t\t\t<img loading=\"lazy\" decoding=\"async\" width=\"768\" height=\"508\" src=\"https:\/\/www.spamotos.com\/wp-content\/uploads\/2026\/02\/unnamed-7-large-768x508.webp\" class=\"attachment-medium_large size-medium_large\" alt=\"\" srcset=\"https:\/\/www.spamotos.com\/wp-content\/uploads\/2026\/02\/unnamed-7-large-768x508.webp 768w, https:\/\/www.spamotos.com\/wp-content\/uploads\/2026\/02\/unnamed-7-large-300x198.webp 300w, https:\/\/www.spamotos.com\/wp-content\/uploads\/2026\/02\/unnamed-7-large.webp 1024w\" sizes=\"(max-width: 768px) 100vw, 768px\" \/>\t\t\t\t\t\t\t\t\t\t\t\t\t\t\t<\/div>\n\t\t\t\t<\/div>\n\t\t\t\t<div class=\"elementor-element elementor-element-ac1bf84 elementor-widget elementor-widget-text-editor\" data-id=\"ac1bf84\" data-element_type=\"widget\" data-widget_type=\"text-editor.default\">\n\t\t\t\t<div class=\"elementor-widget-container\">\n\t\t\t<style>\/*! elementor - v3.8.1 - 13-11-2022 *\/\n.elementor-widget-text-editor.elementor-drop-cap-view-stacked .elementor-drop-cap{background-color:#818a91;color:#fff}.elementor-widget-text-editor.elementor-drop-cap-view-framed .elementor-drop-cap{color:#818a91;border:3px solid;background-color:transparent}.elementor-widget-text-editor:not(.elementor-drop-cap-view-default) .elementor-drop-cap{margin-top:8px}.elementor-widget-text-editor:not(.elementor-drop-cap-view-default) .elementor-drop-cap-letter{width:1em;height:1em}.elementor-widget-text-editor .elementor-drop-cap{float:left;text-align:center;line-height:1;font-size:50px}.elementor-widget-text-editor .elementor-drop-cap-letter{display:inline-block}<\/style>\t\t\t\t<p><strong>Le pr\u00e9sident d&rsquo;Endurance Moto Promoter (EMP) a particip\u00e9 \u00e0 une table ronde lors de la session pl\u00e9ni\u00e8re de la FIM le 7 f\u00e9vrier.<\/strong><\/p><p><strong>\u00a0<\/strong><\/p><p>Claude Michy, pr\u00e9sident d&rsquo;Endurance Moto Promoter, promoteur du Championnat du Monde d&rsquo;Endurance FIM (EWC), \u00e9tait pr\u00e9sent \u00e0 la Conf\u00e9rence des Commissions de la FIM qui s&rsquo;est tenue du 6 au 8 f\u00e9vrier \u00e0 Lyon.\u00a0<\/p><p>Aux c\u00f4t\u00e9s de Richard Coleman (Speedway) et Robbie Hunter (Hard Enduro), il a particip\u00e9 \u00e0 une table ronde pour partager sa strat\u00e9gie et sa vision du sport pour les ann\u00e9es \u00e0 venir, avant de pr\u00e9senter le calendrier sportif 2026 de l&rsquo;EWC.<\/p><p>La conf\u00e9rence a r\u00e9uni 412 membres de la famille FIM, dont quatre promoteurs de Championnats du Monde et trois Champions du Monde 2025, pour trois jours de discussions visant \u00e0 faire progresser le sport motocycliste.<\/p>\t\t\t\t\t\t<\/div>\n\t\t\t\t<\/div>\n\t\t\t\t<div class=\"elementor-element elementor-element-0d5de81 elementor-widget elementor-widget-text-editor\" data-id=\"0d5de81\" data-element_type=\"widget\" data-widget_type=\"text-editor.default\">\n\t\t\t\t<div class=\"elementor-widget-container\">\n\t\t\t\t\t\t\t<p><strong>Endurance Moto Promoter (EMP) president took part in a roundtable during the FIM plenary session on February 7.<\/strong><\/p><p><strong><br><\/strong><\/p>\n<p>Claude Michy, president of Endurance Moto Promoter, the promoter of the FIM Endurance World Championship (FIM EWC), attended the FIM Commissions Conference held from February 6 to 8 in Lyon.<\/p>\n<p>Alongside Richard Coleman (Speedway) and Robbie Hunter (Hard Enduro), he joined a roundtable to share his strategy and vision for the sport in the coming years, before unveiling the 2026 FIM EWC calendar.<\/p>\n<p>The conference brought together 412 members of the FIM family, including four World Championship promoters and three 2025 World Champions, for three days of discussions aimed at furthering the development of motorcycle racing.<\/p>\t\t\t\t\t\t<\/div>\n\t\t\t\t<\/div>\n\t\t\t\t<div class=\"elementor-element elementor-element-2c00d85 elementor-widget elementor-widget-image\" data-id=\"2c00d85\" data-element_type=\"widget\" data-widget_type=\"image.default\">\n\t\t\t\t<div class=\"elementor-widget-container\">\n\t\t\t\t\t\t\t\t\t\t\t\t\t\t\t<img loading=\"lazy\" decoding=\"async\" width=\"768\" height=\"442\" src=\"https:\/\/www.spamotos.com\/wp-content\/uploads\/2026\/02\/0235c7bc-33fa-b394-7787-6dac3ba09210-large-768x442.jpg\" class=\"attachment-medium_large size-medium_large\" alt=\"\" srcset=\"https:\/\/www.spamotos.com\/wp-content\/uploads\/2026\/02\/0235c7bc-33fa-b394-7787-6dac3ba09210-large-768x442.jpg 768w, https:\/\/www.spamotos.com\/wp-content\/uploads\/2026\/02\/0235c7bc-33fa-b394-7787-6dac3ba09210-large-300x173.jpg 300w, https:\/\/www.spamotos.com\/wp-content\/uploads\/2026\/02\/0235c7bc-33fa-b394-7787-6dac3ba09210-large.jpg 1024w\" sizes=\"(max-width: 768px) 100vw, 768px\" \/>\t\t\t\t\t\t\t\t\t\t\t\t\t\t\t<\/div>\n\t\t\t\t<\/div>\n\t\t\t\t\t<\/div>\n\t\t<\/div>\n\t\t\t\t\t\t\t<\/div>\n\t\t<\/section>\n\t\t\t\t\t\t\t<\/div>\n\t\t","protected":false},"excerpt":{"rendered":"<p>Claude Michy pr\u00e9sente la saison FIM EWC 2026 \u00e0 la Conf\u00e9rence des Commissions de Lyon Claude Michy presents the 2026 FIM EWC season at the Commissions Conference in Lyon Le pr\u00e9sident d&rsquo;Endurance Moto Promoter (EMP) a particip\u00e9 \u00e0 une table ronde lors de la session pl\u00e9ni\u00e8re de la FIM le 7 f\u00e9vrier. \u00a0 Claude Michy, [&hellip;]<\/p>\n","protected":false},"author":1,"featured_media":11669,"comment_status":"closed","ping_status":"open","sticky":false,"template":"","format":"standard","meta":{"footnotes":""},"categories":[40,57],"tags":[],"acf":[],"yoast_head":"<!-- This site is optimized with the Yoast SEO plugin v21.6 - https:\/\/yoast.com\/wordpress\/plugins\/seo\/ -->\n<title>Claude Michy pr\u00e9sente la saison FIM EWC 2026 \u00e0 la Conf\u00e9rence des Commissions de Lyon - 8h SPA Motos<\/title>\n<meta name=\"robots\" content=\"index, follow, max-snippet:-1, max-image-preview:large, max-video-preview:-1\" \/>\n<link rel=\"canonical\" href=\"https:\/\/www.spamotos.com\/fr\/claude-michy-presente-la-saison-fim-ewc-2026-a-la-conference-des-commissions-de-lyon\/\" \/>\n<meta property=\"og:locale\" content=\"fr_FR\" \/>\n<meta property=\"og:type\" content=\"article\" \/>\n<meta property=\"og:title\" content=\"Claude Michy pr\u00e9sente la saison FIM EWC 2026 \u00e0 la Conf\u00e9rence des Commissions de Lyon - 8h SPA Motos\" \/>\n<meta property=\"og:description\" content=\"Claude Michy pr\u00e9sente la saison FIM EWC 2026 \u00e0 la Conf\u00e9rence des Commissions de Lyon Claude Michy presents the 2026 FIM EWC season at the Commissions Conference in Lyon Le pr\u00e9sident d&rsquo;Endurance Moto Promoter (EMP) a particip\u00e9 \u00e0 une table ronde lors de la session pl\u00e9ni\u00e8re de la FIM le 7 f\u00e9vrier. \u00a0 Claude Michy, [&hellip;]\" \/>\n<meta property=\"og:url\" content=\"https:\/\/www.spamotos.com\/fr\/claude-michy-presente-la-saison-fim-ewc-2026-a-la-conference-des-commissions-de-lyon\/\" \/>\n<meta property=\"og:site_name\" content=\"8h SPA Motos\" \/>\n<meta property=\"article:publisher\" content=\"https:\/\/www.facebook.com\/24hspamotos\" \/>\n<meta property=\"article:published_time\" content=\"2026-02-10T17:39:56+00:00\" \/>\n<meta property=\"article:modified_time\" content=\"2026-03-05T17:42:17+00:00\" \/>\n<meta property=\"og:image\" content=\"https:\/\/www.spamotos.com\/wp-content\/uploads\/2026\/02\/unnamed-7-large.webp\" \/>\n\t<meta property=\"og:image:width\" content=\"1024\" \/>\n\t<meta property=\"og:image:height\" content=\"677\" \/>\n\t<meta property=\"og:image:type\" content=\"image\/webp\" \/>\n<meta name=\"author\" content=\"Administrateur\" \/>\n<meta name=\"twitter:card\" content=\"summary_large_image\" \/>\n<meta name=\"twitter:creator\" content=\"@24hspamotos\" \/>\n<meta name=\"twitter:site\" content=\"@24hspamotos\" \/>\n<script type=\"application\/ld+json\" class=\"yoast-schema-graph\">{\"@context\":\"https:\/\/schema.org\",\"@graph\":[{\"@type\":\"Article\",\"@id\":\"https:\/\/www.spamotos.com\/fr\/claude-michy-presente-la-saison-fim-ewc-2026-a-la-conference-des-commissions-de-lyon\/#article\",\"isPartOf\":{\"@id\":\"https:\/\/www.spamotos.com\/fr\/claude-michy-presente-la-saison-fim-ewc-2026-a-la-conference-des-commissions-de-lyon\/\"},\"author\":{\"name\":\"Administrateur\",\"@id\":\"https:\/\/www.spamotos.com\/fr\/#\/schema\/person\/6c5133ba53ed7caade8af07521ce45ce\"},\"headline\":\"Claude Michy pr\u00e9sente la saison FIM EWC 2026 \u00e0 la Conf\u00e9rence des Commissions de Lyon\",\"datePublished\":\"2026-02-10T17:39:56+00:00\",\"dateModified\":\"2026-03-05T17:42:17+00:00\",\"mainEntityOfPage\":{\"@id\":\"https:\/\/www.spamotos.com\/fr\/claude-michy-presente-la-saison-fim-ewc-2026-a-la-conference-des-commissions-de-lyon\/\"},\"wordCount\":287,\"publisher\":{\"@id\":\"https:\/\/www.spamotos.com\/fr\/#organization\"},\"articleSection\":[\"Actualit\u00e9s FIM EWC\",\"SAISON 2026\"],\"inLanguage\":\"fr-FR\"},{\"@type\":\"WebPage\",\"@id\":\"https:\/\/www.spamotos.com\/fr\/claude-michy-presente-la-saison-fim-ewc-2026-a-la-conference-des-commissions-de-lyon\/\",\"url\":\"https:\/\/www.spamotos.com\/fr\/claude-michy-presente-la-saison-fim-ewc-2026-a-la-conference-des-commissions-de-lyon\/\",\"name\":\"Claude Michy pr\u00e9sente la saison FIM EWC 2026 \u00e0 la Conf\u00e9rence des Commissions de Lyon - 8h SPA Motos\",\"isPartOf\":{\"@id\":\"https:\/\/www.spamotos.com\/fr\/#website\"},\"datePublished\":\"2026-02-10T17:39:56+00:00\",\"dateModified\":\"2026-03-05T17:42:17+00:00\",\"breadcrumb\":{\"@id\":\"https:\/\/www.spamotos.com\/fr\/claude-michy-presente-la-saison-fim-ewc-2026-a-la-conference-des-commissions-de-lyon\/#breadcrumb\"},\"inLanguage\":\"fr-FR\",\"potentialAction\":[{\"@type\":\"ReadAction\",\"target\":[\"https:\/\/www.spamotos.com\/fr\/claude-michy-presente-la-saison-fim-ewc-2026-a-la-conference-des-commissions-de-lyon\/\"]}]},{\"@type\":\"BreadcrumbList\",\"@id\":\"https:\/\/www.spamotos.com\/fr\/claude-michy-presente-la-saison-fim-ewc-2026-a-la-conference-des-commissions-de-lyon\/#breadcrumb\",\"itemListElement\":[{\"@type\":\"ListItem\",\"position\":1,\"name\":\"Accueil\",\"item\":\"https:\/\/www.spamotos.com\/fr\/\"},{\"@type\":\"ListItem\",\"position\":2,\"name\":\"Claude Michy pr\u00e9sente la saison FIM EWC 2026 \u00e0 la Conf\u00e9rence des Commissions de Lyon\"}]},{\"@type\":\"WebSite\",\"@id\":\"https:\/\/www.spamotos.com\/fr\/#website\",\"url\":\"https:\/\/www.spamotos.com\/fr\/\",\"name\":\"8h SPA Motos\",\"description\":\"Un site utilisant WordPress\",\"publisher\":{\"@id\":\"https:\/\/www.spamotos.com\/fr\/#organization\"},\"potentialAction\":[{\"@type\":\"SearchAction\",\"target\":{\"@type\":\"EntryPoint\",\"urlTemplate\":\"https:\/\/www.spamotos.com\/fr\/?s={search_term_string}\"},\"query-input\":\"required name=search_term_string\"}],\"inLanguage\":\"fr-FR\"},{\"@type\":\"Organization\",\"@id\":\"https:\/\/www.spamotos.com\/fr\/#organization\",\"name\":\"8h SPA Motos\",\"url\":\"https:\/\/www.spamotos.com\/fr\/\",\"logo\":{\"@type\":\"ImageObject\",\"inLanguage\":\"fr-FR\",\"@id\":\"https:\/\/www.spamotos.com\/fr\/#\/schema\/logo\/image\/\",\"url\":\"https:\/\/www.spamotos.com\/wp-content\/uploads\/2023\/11\/cropped-8Hours-Positif-test-2.png\",\"contentUrl\":\"https:\/\/www.spamotos.com\/wp-content\/uploads\/2023\/11\/cropped-8Hours-Positif-test-2.png\",\"width\":443,\"height\":200,\"caption\":\"8h SPA Motos\"},\"image\":{\"@id\":\"https:\/\/www.spamotos.com\/fr\/#\/schema\/logo\/image\/\"},\"sameAs\":[\"https:\/\/www.facebook.com\/24hspamotos\",\"https:\/\/twitter.com\/24hspamotos\",\"https:\/\/www.instagram.com\/24hspamotos\",\"https:\/\/www.tiktok.com\/@24hspamotos\"]},{\"@type\":\"Person\",\"@id\":\"https:\/\/www.spamotos.com\/fr\/#\/schema\/person\/6c5133ba53ed7caade8af07521ce45ce\",\"name\":\"Administrateur\",\"sameAs\":[\"https:\/\/www.spamotos.com\/wp-cms\"]}]}<\/script>\n<!-- \/ Yoast SEO plugin. -->","yoast_head_json":{"title":"Claude Michy pr\u00e9sente la saison FIM EWC 2026 \u00e0 la Conf\u00e9rence des Commissions de Lyon - 8h SPA Motos","robots":{"index":"index","follow":"follow","max-snippet":"max-snippet:-1","max-image-preview":"max-image-preview:large","max-video-preview":"max-video-preview:-1"},"canonical":"https:\/\/www.spamotos.com\/fr\/claude-michy-presente-la-saison-fim-ewc-2026-a-la-conference-des-commissions-de-lyon\/","og_locale":"fr_FR","og_type":"article","og_title":"Claude Michy pr\u00e9sente la saison FIM EWC 2026 \u00e0 la Conf\u00e9rence des Commissions de Lyon - 8h SPA Motos","og_description":"Claude Michy pr\u00e9sente la saison FIM EWC 2026 \u00e0 la Conf\u00e9rence des Commissions de Lyon Claude Michy presents the 2026 FIM EWC season at the Commissions Conference in Lyon Le pr\u00e9sident d&rsquo;Endurance Moto Promoter (EMP) a particip\u00e9 \u00e0 une table ronde lors de la session pl\u00e9ni\u00e8re de la FIM le 7 f\u00e9vrier. \u00a0 Claude Michy, [&hellip;]","og_url":"https:\/\/www.spamotos.com\/fr\/claude-michy-presente-la-saison-fim-ewc-2026-a-la-conference-des-commissions-de-lyon\/","og_site_name":"8h SPA Motos","article_publisher":"https:\/\/www.facebook.com\/24hspamotos","article_published_time":"2026-02-10T17:39:56+00:00","article_modified_time":"2026-03-05T17:42:17+00:00","og_image":[{"width":1024,"height":677,"url":"https:\/\/www.spamotos.com\/wp-content\/uploads\/2026\/02\/unnamed-7-large.webp","type":"image\/webp"}],"author":"Administrateur","twitter_card":"summary_large_image","twitter_creator":"@24hspamotos","twitter_site":"@24hspamotos","schema":{"@context":"https:\/\/schema.org","@graph":[{"@type":"Article","@id":"https:\/\/www.spamotos.com\/fr\/claude-michy-presente-la-saison-fim-ewc-2026-a-la-conference-des-commissions-de-lyon\/#article","isPartOf":{"@id":"https:\/\/www.spamotos.com\/fr\/claude-michy-presente-la-saison-fim-ewc-2026-a-la-conference-des-commissions-de-lyon\/"},"author":{"name":"Administrateur","@id":"https:\/\/www.spamotos.com\/fr\/#\/schema\/person\/6c5133ba53ed7caade8af07521ce45ce"},"headline":"Claude Michy pr\u00e9sente la saison FIM EWC 2026 \u00e0 la Conf\u00e9rence des Commissions de Lyon","datePublished":"2026-02-10T17:39:56+00:00","dateModified":"2026-03-05T17:42:17+00:00","mainEntityOfPage":{"@id":"https:\/\/www.spamotos.com\/fr\/claude-michy-presente-la-saison-fim-ewc-2026-a-la-conference-des-commissions-de-lyon\/"},"wordCount":287,"publisher":{"@id":"https:\/\/www.spamotos.com\/fr\/#organization"},"articleSection":["Actualit\u00e9s FIM EWC","SAISON 2026"],"inLanguage":"fr-FR"},{"@type":"WebPage","@id":"https:\/\/www.spamotos.com\/fr\/claude-michy-presente-la-saison-fim-ewc-2026-a-la-conference-des-commissions-de-lyon\/","url":"https:\/\/www.spamotos.com\/fr\/claude-michy-presente-la-saison-fim-ewc-2026-a-la-conference-des-commissions-de-lyon\/","name":"Claude Michy pr\u00e9sente la saison FIM EWC 2026 \u00e0 la Conf\u00e9rence des Commissions de Lyon - 8h SPA Motos","isPartOf":{"@id":"https:\/\/www.spamotos.com\/fr\/#website"},"datePublished":"2026-02-10T17:39:56+00:00","dateModified":"2026-03-05T17:42:17+00:00","breadcrumb":{"@id":"https:\/\/www.spamotos.com\/fr\/claude-michy-presente-la-saison-fim-ewc-2026-a-la-conference-des-commissions-de-lyon\/#breadcrumb"},"inLanguage":"fr-FR","potentialAction":[{"@type":"ReadAction","target":["https:\/\/www.spamotos.com\/fr\/claude-michy-presente-la-saison-fim-ewc-2026-a-la-conference-des-commissions-de-lyon\/"]}]},{"@type":"BreadcrumbList","@id":"https:\/\/www.spamotos.com\/fr\/claude-michy-presente-la-saison-fim-ewc-2026-a-la-conference-des-commissions-de-lyon\/#breadcrumb","itemListElement":[{"@type":"ListItem","position":1,"name":"Accueil","item":"https:\/\/www.spamotos.com\/fr\/"},{"@type":"ListItem","position":2,"name":"Claude Michy pr\u00e9sente la saison FIM EWC 2026 \u00e0 la Conf\u00e9rence des Commissions de Lyon"}]},{"@type":"WebSite","@id":"https:\/\/www.spamotos.com\/fr\/#website","url":"https:\/\/www.spamotos.com\/fr\/","name":"8h SPA Motos","description":"Un site utilisant WordPress","publisher":{"@id":"https:\/\/www.spamotos.com\/fr\/#organization"},"potentialAction":[{"@type":"SearchAction","target":{"@type":"EntryPoint","urlTemplate":"https:\/\/www.spamotos.com\/fr\/?s={search_term_string}"},"query-input":"required name=search_term_string"}],"inLanguage":"fr-FR"},{"@type":"Organization","@id":"https:\/\/www.spamotos.com\/fr\/#organization","name":"8h SPA Motos","url":"https:\/\/www.spamotos.com\/fr\/","logo":{"@type":"ImageObject","inLanguage":"fr-FR","@id":"https:\/\/www.spamotos.com\/fr\/#\/schema\/logo\/image\/","url":"https:\/\/www.spamotos.com\/wp-content\/uploads\/2023\/11\/cropped-8Hours-Positif-test-2.png","contentUrl":"https:\/\/www.spamotos.com\/wp-content\/uploads\/2023\/11\/cropped-8Hours-Positif-test-2.png","width":443,"height":200,"caption":"8h SPA Motos"},"image":{"@id":"https:\/\/www.spamotos.com\/fr\/#\/schema\/logo\/image\/"},"sameAs":["https:\/\/www.facebook.com\/24hspamotos","https:\/\/twitter.com\/24hspamotos","https:\/\/www.instagram.com\/24hspamotos","https:\/\/www.tiktok.com\/@24hspamotos"]},{"@type":"Person","@id":"https:\/\/www.spamotos.com\/fr\/#\/schema\/person\/6c5133ba53ed7caade8af07521ce45ce","name":"Administrateur","sameAs":["https:\/\/www.spamotos.com\/wp-cms"]}]}},"_links":{"self":[{"href":"https:\/\/www.spamotos.com\/fr\/wp-json\/wp\/v2\/posts\/11667"}],"collection":[{"href":"https:\/\/www.spamotos.com\/fr\/wp-json\/wp\/v2\/posts"}],"about":[{"href":"https:\/\/www.spamotos.com\/fr\/wp-json\/wp\/v2\/types\/post"}],"author":[{"embeddable":true,"href":"https:\/\/www.spamotos.com\/fr\/wp-json\/wp\/v2\/users\/1"}],"replies":[{"embeddable":true,"href":"https:\/\/www.spamotos.com\/fr\/wp-json\/wp\/v2\/comments?post=11667"}],"version-history":[{"count":4,"href":"https:\/\/www.spamotos.com\/fr\/wp-json\/wp\/v2\/posts\/11667\/revisions"}],"predecessor-version":[{"id":11675,"href":"https:\/\/www.spamotos.com\/fr\/wp-json\/wp\/v2\/posts\/11667\/revisions\/11675"}],"wp:featuredmedia":[{"embeddable":true,"href":"https:\/\/www.spamotos.com\/fr\/wp-json\/wp\/v2\/media\/11669"}],"wp:attachment":[{"href":"https:\/\/www.spamotos.com\/fr\/wp-json\/wp\/v2\/media?parent=11667"}],"wp:term":[{"taxonomy":"category","embeddable":true,"href":"https:\/\/www.spamotos.com\/fr\/wp-json\/wp\/v2\/categories?post=11667"},{"taxonomy":"post_tag","embeddable":true,"href":"https:\/\/www.spamotos.com\/fr\/wp-json\/wp\/v2\/tags?post=11667"}],"curies":[{"name":"wp","href":"https:\/\/api.w.org\/{rel}","templated":true}]}}