{"id":5293,"date":"2023-12-01T12:13:05","date_gmt":"2023-12-01T11:13:05","guid":{"rendered":"https:\/\/www.spamotos.com\/?p=5293"},"modified":"2026-03-05T16:32:35","modified_gmt":"2026-03-05T15:32:35","slug":"honda-viltais-racing-remporte-le-premier-fim-ewc-cares-trophy","status":"publish","type":"post","link":"https:\/\/www.spamotos.com\/fr\/honda-viltais-racing-remporte-le-premier-fim-ewc-cares-trophy\/","title":{"rendered":"Honda Vilta\u00efs Racing remporte le premier FIM EWC Cares Trophy"},"content":{"rendered":"\t\t<div data-elementor-type=\"wp-post\" data-elementor-id=\"5293\" class=\"elementor elementor-5293\">\n\t\t\t\t\t\t\t\t\t<section class=\"elementor-section elementor-top-section elementor-element elementor-element-b3a99ad elementor-section-boxed elementor-section-height-default elementor-section-height-default\" data-id=\"b3a99ad\" data-element_type=\"section\">\n\t\t\t\t\t\t<div class=\"elementor-container elementor-column-gap-default\">\n\t\t\t\t\t<div class=\"elementor-column elementor-col-100 elementor-top-column elementor-element elementor-element-9ee8b41\" data-id=\"9ee8b41\" data-element_type=\"column\">\n\t\t\t<div class=\"elementor-widget-wrap elementor-element-populated\">\n\t\t\t\t\t\t\t\t<div class=\"elementor-element elementor-element-a07cc11 elementor-widget elementor-widget-image\" data-id=\"a07cc11\" data-element_type=\"widget\" data-widget_type=\"image.default\">\n\t\t\t\t<div class=\"elementor-widget-container\">\n\t\t\t<style>\/*! elementor - v3.8.1 - 13-11-2022 *\/\n.elementor-widget-image{text-align:center}.elementor-widget-image a{display:inline-block}.elementor-widget-image a img[src$=\".svg\"]{width:48px}.elementor-widget-image img{vertical-align:middle;display:inline-block}<\/style>\t\t\t\t\t\t\t\t\t\t\t\t<img loading=\"lazy\" decoding=\"async\" width=\"768\" height=\"432\" src=\"https:\/\/www.spamotos.com\/wp-content\/uploads\/2023\/12\/00-Honda-Viltais-Racing-FIM-EWC-Cares-Trophy-winner-768x432.jpg\" class=\"attachment-medium_large size-medium_large\" alt=\"\" srcset=\"https:\/\/www.spamotos.com\/wp-content\/uploads\/2023\/12\/00-Honda-Viltais-Racing-FIM-EWC-Cares-Trophy-winner-768x432.jpg 768w, https:\/\/www.spamotos.com\/wp-content\/uploads\/2023\/12\/00-Honda-Viltais-Racing-FIM-EWC-Cares-Trophy-winner-300x169.jpg 300w, https:\/\/www.spamotos.com\/wp-content\/uploads\/2023\/12\/00-Honda-Viltais-Racing-FIM-EWC-Cares-Trophy-winner-1024x576.jpg 1024w, https:\/\/www.spamotos.com\/wp-content\/uploads\/2023\/12\/00-Honda-Viltais-Racing-FIM-EWC-Cares-Trophy-winner-1536x864.jpg 1536w, https:\/\/www.spamotos.com\/wp-content\/uploads\/2023\/12\/00-Honda-Viltais-Racing-FIM-EWC-Cares-Trophy-winner.jpg 1920w\" sizes=\"(max-width: 768px) 100vw, 768px\" \/>\t\t\t\t\t\t\t\t\t\t\t\t\t\t\t<\/div>\n\t\t\t\t<\/div>\n\t\t\t\t\t<\/div>\n\t\t<\/div>\n\t\t\t\t\t\t\t<\/div>\n\t\t<\/section>\n\t\t\t\t<section class=\"elementor-section elementor-top-section elementor-element elementor-element-edb96d9 elementor-section-boxed elementor-section-height-default elementor-section-height-default\" data-id=\"edb96d9\" data-element_type=\"section\">\n\t\t\t\t\t\t<div class=\"elementor-container elementor-column-gap-default\">\n\t\t\t\t\t<div class=\"elementor-column elementor-col-100 elementor-top-column elementor-element elementor-element-3cfc104\" data-id=\"3cfc104\" data-element_type=\"column\">\n\t\t\t<div class=\"elementor-widget-wrap elementor-element-populated\">\n\t\t\t\t\t\t\t\t<div class=\"elementor-element elementor-element-3bc5e7d elementor-widget elementor-widget-heading\" data-id=\"3bc5e7d\" data-element_type=\"widget\" data-widget_type=\"heading.default\">\n\t\t\t\t<div class=\"elementor-widget-container\">\n\t\t\t<style>\/*! elementor - v3.8.1 - 13-11-2022 *\/\n.elementor-heading-title{padding:0;margin:0;line-height:1}.elementor-widget-heading .elementor-heading-title[class*=elementor-size-]>a{color:inherit;font-size:inherit;line-height:inherit}.elementor-widget-heading .elementor-heading-title.elementor-size-small{font-size:15px}.elementor-widget-heading .elementor-heading-title.elementor-size-medium{font-size:19px}.elementor-widget-heading .elementor-heading-title.elementor-size-large{font-size:29px}.elementor-widget-heading .elementor-heading-title.elementor-size-xl{font-size:39px}.elementor-widget-heading .elementor-heading-title.elementor-size-xxl{font-size:59px}<\/style><h2 class=\"elementor-heading-title elementor-size-default\">Honda Vilta\u00efs Racing remporte le premier FIM EWC Cares Trophy<\/h2>\t\t<\/div>\n\t\t\t\t<\/div>\n\t\t\t\t\t<\/div>\n\t\t<\/div>\n\t\t\t\t\t\t\t<\/div>\n\t\t<\/section>\n\t\t\t\t<section class=\"elementor-section elementor-top-section elementor-element elementor-element-598b4b9 elementor-section-boxed elementor-section-height-default elementor-section-height-default\" data-id=\"598b4b9\" data-element_type=\"section\">\n\t\t\t\t\t\t<div class=\"elementor-container elementor-column-gap-default\">\n\t\t\t\t\t<div class=\"elementor-column elementor-col-100 elementor-top-column elementor-element elementor-element-2b994a0\" data-id=\"2b994a0\" data-element_type=\"column\">\n\t\t\t<div class=\"elementor-widget-wrap elementor-element-populated\">\n\t\t\t\t\t\t\t\t<div class=\"elementor-element elementor-element-839e15e elementor-widget elementor-widget-heading\" data-id=\"839e15e\" data-element_type=\"widget\" data-widget_type=\"heading.default\">\n\t\t\t\t<div class=\"elementor-widget-container\">\n\t\t\t<h2 class=\"elementor-heading-title elementor-size-default\">Honda Vilta\u00efs Racing wins inaugural FIM EWC Cares Trophy<\/h2>\t\t<\/div>\n\t\t\t\t<\/div>\n\t\t\t\t\t<\/div>\n\t\t<\/div>\n\t\t\t\t\t\t\t<\/div>\n\t\t<\/section>\n\t\t\t\t<section class=\"elementor-section elementor-top-section elementor-element elementor-element-78acf91 elementor-section-boxed elementor-section-height-default elementor-section-height-default\" data-id=\"78acf91\" data-element_type=\"section\">\n\t\t\t\t\t\t<div class=\"elementor-container elementor-column-gap-default\">\n\t\t\t\t\t<div class=\"elementor-column elementor-col-100 elementor-top-column elementor-element elementor-element-1e035c6\" data-id=\"1e035c6\" data-element_type=\"column\">\n\t\t\t<div class=\"elementor-widget-wrap elementor-element-populated\">\n\t\t\t\t\t\t\t\t<div class=\"elementor-element elementor-element-71e7362 elementor-widget elementor-widget-text-editor\" data-id=\"71e7362\" data-element_type=\"widget\" data-widget_type=\"text-editor.default\">\n\t\t\t\t<div class=\"elementor-widget-container\">\n\t\t\t<style>\/*! elementor - v3.8.1 - 13-11-2022 *\/\n.elementor-widget-text-editor.elementor-drop-cap-view-stacked .elementor-drop-cap{background-color:#818a91;color:#fff}.elementor-widget-text-editor.elementor-drop-cap-view-framed .elementor-drop-cap{color:#818a91;border:3px solid;background-color:transparent}.elementor-widget-text-editor:not(.elementor-drop-cap-view-default) .elementor-drop-cap{margin-top:8px}.elementor-widget-text-editor:not(.elementor-drop-cap-view-default) .elementor-drop-cap-letter{width:1em;height:1em}.elementor-widget-text-editor .elementor-drop-cap{float:left;text-align:center;line-height:1;font-size:50px}.elementor-widget-text-editor .elementor-drop-cap-letter{display:inline-block}<\/style>\t\t\t\t<p><strong>Honda Vilta\u00efs Racing est le vainqueur du tout premier FIM EWC Cares Trophy, une r\u00e9compense remise \u00e0 l\u2019\u00e9quipe engag\u00e9e en Championnat du Monde d\u2019Endurance de la FIM qui a d\u00e9montr\u00e9 une implication sans \u00e9gale en mati\u00e8re de durabilit\u00e9 au cours de la saison 2023.<\/strong><\/p><p>\u00a0<\/p><p>Cr\u00e9\u00e9 par le promoteur du championnat, Warner Bros. Discovery Sports (WBD Sports), le FIM EWC Cares Trophy met en lumi\u00e8re les efforts des concurrents de l\u2019EWC en mati\u00e8re de durabilit\u00e9.\u00a0<\/p><p>\u00a0<\/p><p>Au terme d\u2019une p\u00e9riode d\u2019\u00e9valuation d\u00e9taill\u00e9e,\u00a0<strong>Honda Vilta\u00efs Racing<\/strong>, le\u00a0<strong>Team Bolliger Switzerland<\/strong>\u00a0et le\u00a0<strong>Team Chromeburner-RAC41-Honda<\/strong>\u00a0ont \u00e9t\u00e9 retenus sur la shortlist de trois finalistes, Honda Voilta\u00efs \u00e9tant finalement d\u00e9clar\u00e9 vainqueur devant le Team Bolliger Switzerland, deuxi\u00e8me, et le Team Chromeburner-RAC41-Honda, qui s\u2019est class\u00e9 troisi\u00e8me.\u00a0<\/p><p><strong>\u00a0<\/strong><\/p><p><strong>Gautier de Stoppani, directeur de la RSE pour la division \u00e9v\u00e9nementielle de WBD Sports, a d\u00e9clar\u00e9 :<\/strong>\u00a0<em>\u201cIl \u00e9tait important pour nous de consid\u00e9rer l\u2019impact global sur la communaut\u00e9 et l\u2019environnement en \u00e9tudiant les donn\u00e9es des trois finalistes. Les trois projets ont d\u00e9montr\u00e9 une approche holistique et un engagement profond en mati\u00e8re de durabilit\u00e9 et de responsabilit\u00e9 sociale d\u2019entreprise, en phase avec l\u2019esprit g\u00e9n\u00e9ral du programme EWC Cares.\u201d<\/em><\/p><p>\u00a0<\/p><p>\u201c<em>En soutenant des actions qui vont au-del\u00e0 des sports m\u00e9caniques, telles que l\u2019engagement communautaire et l\u2019\u00e9ducation, les \u00e9quipes ont d\u00e9montr\u00e9 leur contribution \u00e0 une vision plus large de la durabilit\u00e9 dans le sport. Leur approche englobe non seulement la responsabilit\u00e9 environnementale directe, mais aussi l\u2019impact social et \u00e9ducatif qui est essentiel pour promouvoir la durabilit\u00e9 dans les sports m\u00e9caniques.\u201d<\/em><\/p><p>\u00a0<\/p><p>\u201c<em>Les initiatives de ces \u00e9quipes servent d\u2019exemple et d\u2019inspiration pour la communaut\u00e9 enti\u00e8re. Que leurs efforts soient reconnus encourage les autres \u00e9quipes \u00e0 adopter des pratiques durables dans un contexte plus large.\u201d<\/em><\/p><p>\u00a0<\/p><p>\u201c<em>Nous f\u00e9licitons tous les finalistes et saluons la contribution d\u2019autres \u00e9quipes de l\u2019EWC.\u201d\u00a0<\/em><\/p>\t\t\t\t\t\t<\/div>\n\t\t\t\t<\/div>\n\t\t\t\t\t<\/div>\n\t\t<\/div>\n\t\t\t\t\t\t\t<\/div>\n\t\t<\/section>\n\t\t\t\t<section class=\"elementor-section elementor-top-section elementor-element elementor-element-f540a8c elementor-section-boxed elementor-section-height-default elementor-section-height-default\" data-id=\"f540a8c\" data-element_type=\"section\">\n\t\t\t\t\t\t<div class=\"elementor-container elementor-column-gap-default\">\n\t\t\t\t\t<div class=\"elementor-column elementor-col-100 elementor-top-column elementor-element elementor-element-824427c\" data-id=\"824427c\" data-element_type=\"column\">\n\t\t\t<div class=\"elementor-widget-wrap elementor-element-populated\">\n\t\t\t\t\t\t\t\t<div class=\"elementor-element elementor-element-0ca88af elementor-widget elementor-widget-text-editor\" data-id=\"0ca88af\" data-element_type=\"widget\" data-widget_type=\"text-editor.default\">\n\t\t\t\t<div class=\"elementor-widget-container\">\n\t\t\t\t\t\t\t<p><strong>Honda Vilta\u00efs Racing is the winner of the inaugural FIM EWC Cares Trophy. An award presented to the FIM Endurance World Championship team that demonstrated an unrivalled commitment to sustainability during the 2023 season.<\/strong><\/p><p>\u00a0<\/p><p>Created by championship promoter Warner Bros. Discovery Sports Europe (WBD Sports Europe), the FIM EWC Cares Trophy recognises the sustainable efforts of registered EWC teams.<\/p><p>\u00a0<\/p><p>Following a period of detailed assessment,\u00a0<strong>Honda Vilta\u00efs Racing<\/strong>,\u00a0<strong>Team Bolliger Switzerland<\/strong>\u00a0and\u00a0<strong>Team Chromeburner-RAC41-Honda\u00a0<\/strong>were shortlisted as the three finalists with Honda Vilta\u00efs Racing selected as the winner ahead of second-placed Team Bolliger Switzerland and Team Chromeburner-RAC41-Honda, which finished third.<\/p><p><strong>\u00a0<\/strong><\/p><p><strong>Gautier de Stoppani, CSR Director, Events Division, WBD Sports, said:\u00a0<\/strong><em>\u201cIt was important to consider the overall impact on the community and environment when assessing the submissions of the three finalists. All three projects demonstrated a holistic approach and deep commitment to sustainability and corporate social responsibility, aligned with the overall spirit of the\u00a0<\/em><a href=\"https:\/\/www.fimewc.com\/ewc-cares\" target=\"_blank\" rel=\"noopener\"><strong><em>EWC Cares programme<\/em><\/strong><\/a><em>.\u00a0<\/em><\/p><p><em>\u00a0<\/em><\/p><p><em>\u201cBy supporting actions that go beyond motorsport, such as community engagement and education, the teams demonstrated a contribution to a broader vision of sustainability in sport. Their approach encompasses not only direct environmental responsibility but also social and educational impact, which is essential to promoting sustainability in motorsport.<\/em><\/p><p><em>\u00a0<\/em><\/p><p><em>\u201cThe initiatives of these teams serve as an example and inspiration for the entire community. By recognising their efforts, it encourages other teams to adopt sustainable practices in a broader context.<\/em><\/p><p><em>\u00a0<\/em><\/p><p><em>\u201cWe congratulate all finalists and acknowledge the submissions by other EWC teams.\u201d<\/em><\/p>\t\t\t\t\t\t<\/div>\n\t\t\t\t<\/div>\n\t\t\t\t\t<\/div>\n\t\t<\/div>\n\t\t\t\t\t\t\t<\/div>\n\t\t<\/section>\n\t\t\t\t<section class=\"elementor-section elementor-top-section elementor-element elementor-element-b6d83e3 elementor-section-boxed elementor-section-height-default elementor-section-height-default\" data-id=\"b6d83e3\" data-element_type=\"section\">\n\t\t\t\t\t\t<div class=\"elementor-container elementor-column-gap-default\">\n\t\t\t\t\t<div class=\"elementor-column elementor-col-100 elementor-top-column elementor-element elementor-element-f680fdc\" data-id=\"f680fdc\" data-element_type=\"column\">\n\t\t\t<div class=\"elementor-widget-wrap elementor-element-populated\">\n\t\t\t\t\t\t\t\t<div class=\"elementor-element elementor-element-67e5384 elementor-widget elementor-widget-image\" data-id=\"67e5384\" data-element_type=\"widget\" data-widget_type=\"image.default\">\n\t\t\t\t<div class=\"elementor-widget-container\">\n\t\t\t\t\t\t\t\t\t\t\t\t\t\t\t<img loading=\"lazy\" decoding=\"async\" width=\"768\" height=\"512\" src=\"https:\/\/www.spamotos.com\/wp-content\/uploads\/2023\/12\/02-Honda-Viltais-Racing-FIM-EWC-Cares-Trophy-winner-large-768x512.jpg\" class=\"attachment-medium_large size-medium_large\" alt=\"\" srcset=\"https:\/\/www.spamotos.com\/wp-content\/uploads\/2023\/12\/02-Honda-Viltais-Racing-FIM-EWC-Cares-Trophy-winner-large-768x512.jpg 768w, https:\/\/www.spamotos.com\/wp-content\/uploads\/2023\/12\/02-Honda-Viltais-Racing-FIM-EWC-Cares-Trophy-winner-large-300x200.jpg 300w, https:\/\/www.spamotos.com\/wp-content\/uploads\/2023\/12\/02-Honda-Viltais-Racing-FIM-EWC-Cares-Trophy-winner-large.jpg 1024w\" sizes=\"(max-width: 768px) 100vw, 768px\" \/>\t\t\t\t\t\t\t\t\t\t\t\t\t\t\t<\/div>\n\t\t\t\t<\/div>\n\t\t\t\t\t<\/div>\n\t\t<\/div>\n\t\t\t\t\t\t\t<\/div>\n\t\t<\/section>\n\t\t\t\t<section class=\"elementor-section elementor-top-section elementor-element elementor-element-dd31333 elementor-section-boxed elementor-section-height-default elementor-section-height-default\" data-id=\"dd31333\" data-element_type=\"section\">\n\t\t\t\t\t\t<div class=\"elementor-container elementor-column-gap-default\">\n\t\t\t\t\t<div class=\"elementor-column elementor-col-100 elementor-top-column elementor-element elementor-element-34e8029\" data-id=\"34e8029\" data-element_type=\"column\">\n\t\t\t<div class=\"elementor-widget-wrap elementor-element-populated\">\n\t\t\t\t\t\t\t\t<div class=\"elementor-element elementor-element-33f1cdb elementor-widget elementor-widget-text-editor\" data-id=\"33f1cdb\" data-element_type=\"widget\" data-widget_type=\"text-editor.default\">\n\t\t\t\t<div class=\"elementor-widget-container\">\n\t\t\t\t\t\t\t<p><strong>Yannick Lucot, team manager de Honda Vilta\u00efs Racing, a d\u00e9clar\u00e9 :<\/strong>\u00a0<em>\u201cNous sommes particuli\u00e8rement fiers de remporter le premier FIM EWC Cares Trophy. Si cela avait besoin d\u2019\u00eatre d\u00e9montr\u00e9, il est possible de combiner le sport m\u00e9canique \u00e0 une responsabilit\u00e9 sociale et environnementale. C\u2019est le d\u00e9fi pour la survie de notre sport et nous pouvons tous le relever.\u201d\u00a0<\/em><\/p><p><strong>\u00a0<\/strong><\/p><p><strong>Kattia Ju\u00e1rez Dub\u00f3n, directrice Durabilit\u00e9 \u00e0 la F\u00e9d\u00e9ration Internationale de Motocyclisme (FIM), a d\u00e9clar\u00e9 :<\/strong>\u00a0<em>\u201cDe l\u2019\u00e9tablissement d\u2019une strat\u00e9gie climat au d\u00e9veloppement d\u2019EWC Cares et \u00e0 la cr\u00e9ation de ce troph\u00e9e, l\u2019EWC a d\u00e9montr\u00e9 son engagement dans la vision durable de la FIM en tant qu\u2019instance dirigeante du sport motocycliste.\u201d<\/em><\/p><p>\u00a0<\/p><p>\u201c<em>Je crois fermement que les sports ont le pouvoir de transformer les attitudes et d\u2019apporter un impact positif, non seulement sur l\u2019environnement, mais aussi sur la soci\u00e9t\u00e9. En tant que communaut\u00e9 sportive, nous avons le pouvoir d\u2019accomplir des pratiques durables. En travaillant ensemble, adoptant de nouvelles technologies, changeant nos attitudes et reconnaissant les bonnes pratiques les uns des autres, nous pouvons inspirer une action positive et s\u00e9curiser l\u2019avenir de notre sport. C\u2019est tout l\u2019esprit de nos troph\u00e9es.\u201d<\/em><\/p><p>\u00a0<\/p><p>\u201c<em>Je suis heureuse d\u2019exprimer mon appr\u00e9ciation du travail exemplaire de chacun des concurrents qui ont particip\u00e9 au FIM EWC Cares Trophy. Leurs efforts ont contribu\u00e9 de mani\u00e8re significative \u00e0 faire de la communaut\u00e9 motocycliste une force positive de changement.\u201d<\/em><\/p>\t\t\t\t\t\t<\/div>\n\t\t\t\t<\/div>\n\t\t\t\t\t<\/div>\n\t\t<\/div>\n\t\t\t\t\t\t\t<\/div>\n\t\t<\/section>\n\t\t\t\t<section class=\"elementor-section elementor-top-section elementor-element elementor-element-6b8eb05 elementor-section-boxed elementor-section-height-default elementor-section-height-default\" data-id=\"6b8eb05\" data-element_type=\"section\">\n\t\t\t\t\t\t<div class=\"elementor-container elementor-column-gap-default\">\n\t\t\t\t\t<div class=\"elementor-column elementor-col-100 elementor-top-column elementor-element elementor-element-6c3fb37\" data-id=\"6c3fb37\" data-element_type=\"column\">\n\t\t\t<div class=\"elementor-widget-wrap elementor-element-populated\">\n\t\t\t\t\t\t\t\t<div class=\"elementor-element elementor-element-9fb30f3 elementor-widget elementor-widget-text-editor\" data-id=\"9fb30f3\" data-element_type=\"widget\" data-widget_type=\"text-editor.default\">\n\t\t\t\t<div class=\"elementor-widget-container\">\n\t\t\t\t\t\t\t<p><strong>Yannick Lucot, Team Manager, Honda Vilta\u00efs Racing, said:<\/strong>\u00a0<em>\u201cWe are particularly proud to win this first FIM EWC Cares Trophy. If it had to be demonstrated, it is possible to combine motorsport with social and environmental responsibility. This is the challenge of the survival of our sport and we can all do it.\u00a0\u00bb<\/em><\/p><p><strong>\u00a0<\/strong><\/p><p><strong>Kattia Ju\u00e1rez Dub\u00f3n, Sustainability Director, F\u00e9d\u00e9ration Internationale de Motocyclisme (FIM), said:<\/strong>\u00a0<em>\u201cFrom establishing a climate strategy to developing EWC Cares and creating this trophy, the EWC has demonstrated its commitment to the FIM&rsquo;s sustainability vision as the governing body of motorcycling.<\/em><\/p><p><em>\u00a0<\/em><\/p><p><em>\u201cI strongly believe that sports have the power to transform attitudes and bring about a positive impact, not just on the environment but also on society. As a sports community, we have the power to achieve sustainable practices. By working together, embracing new technologies, shifting our attitudes, and recognising each other&rsquo;s good practices, we can inspire positive action and secure the future of our sport. This is the spirit of our trophies.<\/em><\/p><p><em>\u00a0<\/em><\/p><p><em>\u201cI am pleased to express my appreciation for the exemplary work of each participant who contributed to the FIM EWC Cares Trophy. Their efforts have contributed significantly to making the motorcycling community a positive force for change.\u201d<\/em><\/p>\t\t\t\t\t\t<\/div>\n\t\t\t\t<\/div>\n\t\t\t\t\t<\/div>\n\t\t<\/div>\n\t\t\t\t\t\t\t<\/div>\n\t\t<\/section>\n\t\t\t\t<section class=\"elementor-section elementor-top-section elementor-element elementor-element-32515e3 elementor-section-boxed elementor-section-height-default elementor-section-height-default\" data-id=\"32515e3\" data-element_type=\"section\">\n\t\t\t\t\t\t<div class=\"elementor-container elementor-column-gap-default\">\n\t\t\t\t\t<div class=\"elementor-column elementor-col-100 elementor-top-column elementor-element elementor-element-ea674ad\" data-id=\"ea674ad\" data-element_type=\"column\">\n\t\t\t<div class=\"elementor-widget-wrap elementor-element-populated\">\n\t\t\t\t\t\t\t\t<div class=\"elementor-element elementor-element-63afdd7 elementor-widget elementor-widget-image\" data-id=\"63afdd7\" data-element_type=\"widget\" data-widget_type=\"image.default\">\n\t\t\t\t<div class=\"elementor-widget-container\">\n\t\t\t\t\t\t\t\t\t\t\t\t\t\t\t<img loading=\"lazy\" decoding=\"async\" width=\"768\" height=\"512\" src=\"https:\/\/www.spamotos.com\/wp-content\/uploads\/2023\/12\/03-Honda-Viltais-Racing-FIM-EWC-Cares-Trophy-winner-large-768x512.jpg\" class=\"attachment-medium_large size-medium_large\" alt=\"\" srcset=\"https:\/\/www.spamotos.com\/wp-content\/uploads\/2023\/12\/03-Honda-Viltais-Racing-FIM-EWC-Cares-Trophy-winner-large-768x512.jpg 768w, https:\/\/www.spamotos.com\/wp-content\/uploads\/2023\/12\/03-Honda-Viltais-Racing-FIM-EWC-Cares-Trophy-winner-large-300x200.jpg 300w, https:\/\/www.spamotos.com\/wp-content\/uploads\/2023\/12\/03-Honda-Viltais-Racing-FIM-EWC-Cares-Trophy-winner-large.jpg 1024w\" sizes=\"(max-width: 768px) 100vw, 768px\" \/>\t\t\t\t\t\t\t\t\t\t\t\t\t\t\t<\/div>\n\t\t\t\t<\/div>\n\t\t\t\t\t<\/div>\n\t\t<\/div>\n\t\t\t\t\t\t\t<\/div>\n\t\t<\/section>\n\t\t\t\t<section class=\"elementor-section elementor-top-section elementor-element elementor-element-fdbb299 elementor-section-boxed elementor-section-height-default elementor-section-height-default\" data-id=\"fdbb299\" data-element_type=\"section\">\n\t\t\t\t\t\t<div class=\"elementor-container elementor-column-gap-default\">\n\t\t\t\t\t<div class=\"elementor-column elementor-col-100 elementor-top-column elementor-element elementor-element-1cea3c4\" data-id=\"1cea3c4\" data-element_type=\"column\">\n\t\t\t<div class=\"elementor-widget-wrap elementor-element-populated\">\n\t\t\t\t\t\t\t\t<div class=\"elementor-element elementor-element-f7ba502 elementor-widget elementor-widget-text-editor\" data-id=\"f7ba502\" data-element_type=\"widget\" data-widget_type=\"text-editor.default\">\n\t\t\t\t<div class=\"elementor-widget-container\">\n\t\t\t\t\t\t\t<p><strong>LES DONN\u00c9ES DE HONDA VILTA\u00cfS RACING, VAINQUEUR DU FIM EWC CARES TROPHY<\/strong><br \/>L\u2019association Vilta\u00efs de Honda Vilta\u00efs Racing a \u00e9t\u00e9 lanc\u00e9e en 2023. Elle est supervis\u00e9e par Yannick Lucot, ainsi que de jeunes individus engag\u00e9s dans des programmes de r\u00e9insertion.\u00a0<\/p><p>\u00a0<\/p><p>Depuis 2014, des \u00e9tudiants suivant un CQP (Certificat de Qualification Professionnelle) sont impliqu\u00e9s activement avec l\u2019\u00e9quipe Vilta\u00efs Racing, glanant de l\u2019exp\u00e9rience pratique pour valider leur formation.<\/p><p>\u00a0<\/p><p>L\u2019association Vilta\u00efs a pour mission d\u2019innover et de r\u00e9pondre aux besoins sociaux en identifiant les manques en mati\u00e8re de logement et de sant\u00e9. Elle propose des services de formation, de mobilit\u00e9 et de r\u00e9insertion professionnelle.<\/p><p>\u00a0<\/p><p>Op\u00e9rant dans six r\u00e9gions et 23 d\u00e9partements fran\u00e7ais, l\u2019association Vilta\u00efs forme \u00e0 plus de 50 professions dans cinq domaines d\u2019expertise : logement, r\u00e9insertion, asile, r\u00e9fugi\u00e9s, insertion professionnelle et jeunesse.<\/p><p>\u00a0<\/p><p>Son approche collaborative l\u2019a men\u00e9e \u00e0 customiser des solutions pour les b\u00e9n\u00e9ficiaires, dans les zones rurales en particulier. Avec Am\u00e9nagerie &amp; Co, l\u2019association Vilta\u00efs est aussi impliqu\u00e9e en mati\u00e8re de durabilit\u00e9 environnementale et participe \u00e0 des activit\u00e9s d\u2019\u00e9conomie circulaire comme le recyclage de meubles.\u00a0<\/p><p>\u00a0<\/p><p>Ces efforts, qui contribuent directement \u00e0 l\u2019int\u00e9gration sociale, aux services de soins et \u00e0 la construction d\u2019une communaut\u00e9, sont en phase avec les valeurs et les objectifs du FIM EWC Cares Trophy.<\/p>\t\t\t\t\t\t<\/div>\n\t\t\t\t<\/div>\n\t\t\t\t\t<\/div>\n\t\t<\/div>\n\t\t\t\t\t\t\t<\/div>\n\t\t<\/section>\n\t\t\t\t<section class=\"elementor-section elementor-top-section elementor-element elementor-element-1c4e913 elementor-section-boxed elementor-section-height-default elementor-section-height-default\" data-id=\"1c4e913\" data-element_type=\"section\">\n\t\t\t\t\t\t<div class=\"elementor-container elementor-column-gap-default\">\n\t\t\t\t\t<div class=\"elementor-column elementor-col-100 elementor-top-column elementor-element elementor-element-fa18ae3\" data-id=\"fa18ae3\" data-element_type=\"column\">\n\t\t\t<div class=\"elementor-widget-wrap elementor-element-populated\">\n\t\t\t\t\t\t\t\t<div class=\"elementor-element elementor-element-2a31f19 elementor-widget elementor-widget-text-editor\" data-id=\"2a31f19\" data-element_type=\"widget\" data-widget_type=\"text-editor.default\">\n\t\t\t\t<div class=\"elementor-widget-container\">\n\t\t\t\t\t\t\t<p><strong>HONDA VILTA\u00cfS RACING\u2019S WINNING FIM EWC CARES TROPHY SUBMISSION<br \/><\/strong>Honda Vilta\u00efs Racing\u2019s Vilta\u00efs Association was launched in 2003 and spearheaded by Yannick Lucot, plus young individuals engaged in reintegration programmes.\u00a0<\/p><p>\u00a0<\/p><p>Since 2014, students pursuing their CQP (Certificat de Qualification Professionnelle) have been actively involved with the Vilta\u00efs Racing team, gaining practical experience to validate their certification.\u00a0<\/p><p>\u00a0<\/p><p>The Vilta\u00efs Association is driven by a mission to innovate and address social needs in identifying housing and healthcare requirements. It provides training, mobility, and job reintegration services.<\/p><p>\u00a0<\/p><p>Operating in six regions and 23 departments across France, the Vilta\u00efs Association offers more than 50 professions across five areas of expertise: housing, reintegration, asylum, refugees, professional insertion, and youth.\u00a0<\/p><p>\u00a0<\/p><p>Its collaborative approach has led to customised solutions for beneficiaries, particularly in rural areas. Through Am\u00e9nagerie &amp; Co, Vilta\u00efs Association is also committed to environmental sustainability and participates in circular economy activities, such as furniture recycling.<\/p><p>\u00a0<\/p><p>These efforts, which directly contribute to social integration, healthcare services, and community building, align with the values and objectives of the FIM EWC Cares Trophy.<\/p>\t\t\t\t\t\t<\/div>\n\t\t\t\t<\/div>\n\t\t\t\t\t<\/div>\n\t\t<\/div>\n\t\t\t\t\t\t\t<\/div>\n\t\t<\/section>\n\t\t\t\t<section class=\"elementor-section elementor-top-section elementor-element elementor-element-69ffdf3 elementor-section-boxed elementor-section-height-default elementor-section-height-default\" data-id=\"69ffdf3\" data-element_type=\"section\">\n\t\t\t\t\t\t<div class=\"elementor-container elementor-column-gap-default\">\n\t\t\t\t\t<div class=\"elementor-column elementor-col-100 elementor-top-column elementor-element elementor-element-5b1525d\" data-id=\"5b1525d\" data-element_type=\"column\">\n\t\t\t<div class=\"elementor-widget-wrap elementor-element-populated\">\n\t\t\t\t\t\t\t\t<div class=\"elementor-element elementor-element-54ded2c elementor-widget elementor-widget-image\" data-id=\"54ded2c\" data-element_type=\"widget\" data-widget_type=\"image.default\">\n\t\t\t\t<div class=\"elementor-widget-container\">\n\t\t\t\t\t\t\t\t\t\t\t\t\t\t\t<img loading=\"lazy\" decoding=\"async\" width=\"768\" height=\"512\" src=\"https:\/\/www.spamotos.com\/wp-content\/uploads\/2023\/12\/07-Honda-Viltais-Racing-FIM-EWC-Cares-Trophy-winner-large-768x512.jpg\" class=\"attachment-medium_large size-medium_large\" alt=\"\" srcset=\"https:\/\/www.spamotos.com\/wp-content\/uploads\/2023\/12\/07-Honda-Viltais-Racing-FIM-EWC-Cares-Trophy-winner-large-768x512.jpg 768w, https:\/\/www.spamotos.com\/wp-content\/uploads\/2023\/12\/07-Honda-Viltais-Racing-FIM-EWC-Cares-Trophy-winner-large-300x200.jpg 300w, https:\/\/www.spamotos.com\/wp-content\/uploads\/2023\/12\/07-Honda-Viltais-Racing-FIM-EWC-Cares-Trophy-winner-large.jpg 1024w\" sizes=\"(max-width: 768px) 100vw, 768px\" \/>\t\t\t\t\t\t\t\t\t\t\t\t\t\t\t<\/div>\n\t\t\t\t<\/div>\n\t\t\t\t\t<\/div>\n\t\t<\/div>\n\t\t\t\t\t\t\t<\/div>\n\t\t<\/section>\n\t\t\t\t<section class=\"elementor-section elementor-top-section elementor-element elementor-element-6b9ba8f elementor-section-boxed elementor-section-height-default elementor-section-height-default\" data-id=\"6b9ba8f\" data-element_type=\"section\">\n\t\t\t\t\t\t<div class=\"elementor-container elementor-column-gap-default\">\n\t\t\t\t\t<div class=\"elementor-column elementor-col-100 elementor-top-column elementor-element elementor-element-2a26aad\" data-id=\"2a26aad\" data-element_type=\"column\">\n\t\t\t<div class=\"elementor-widget-wrap elementor-element-populated\">\n\t\t\t\t\t\t\t\t<div class=\"elementor-element elementor-element-219b16c elementor-widget elementor-widget-text-editor\" data-id=\"219b16c\" data-element_type=\"widget\" data-widget_type=\"text-editor.default\">\n\t\t\t\t<div class=\"elementor-widget-container\">\n\t\t\t\t\t\t\t<p><strong>LES FINALISTES DU FIM EWC CARES TROPHY LOU\u00c9S POUR LEURS EFFORTS<br \/><\/strong>Le Team Bolliger Switzerland et le Team Chromeburner-RAC41-Honda ont \u00e9t\u00e9 largement salu\u00e9s, ayant termin\u00e9 respectivement deuxi\u00e8me et troisi\u00e8me du FIM EWC Cares Trophy.\u00a0<\/p><p>\u00a0<\/p><p>Concurrent assidu de la cat\u00e9gorie Formule EWC, le Team Bolliger Switzerland a collect\u00e9 des fonds au profit d\u2019un h\u00f4pital pour enfants en Suisse, consomm\u00e9 des produits locaux et recycl\u00e9 des objets afin de r\u00e9duire ses d\u00e9chets, entre autres initiatives d\u00e9taill\u00e9es pr\u00e9c\u00e9demment.<\/p><p>\u00a0<\/p><p>L\u2019inscription au FIM EWC Cares Trophy du Team Chromeburner-RAC41-Honda, une des t\u00eates d\u2019affiche de la Coupe du Monde d\u2019Endurance de la FIM \u00e9quip\u00e9e par Dunlop et destin\u00e9e aux \u00e9quipes de la cat\u00e9gorie Supersport, \u00e9tait centr\u00e9e sur cinq missions cl\u00e9s d\u00e9taill\u00e9es pr\u00e9c\u00e9demment.<\/p>\t\t\t\t\t\t<\/div>\n\t\t\t\t<\/div>\n\t\t\t\t\t<\/div>\n\t\t<\/div>\n\t\t\t\t\t\t\t<\/div>\n\t\t<\/section>\n\t\t\t\t<section class=\"elementor-section elementor-top-section elementor-element elementor-element-5a4bf52 elementor-section-boxed elementor-section-height-default elementor-section-height-default\" data-id=\"5a4bf52\" data-element_type=\"section\">\n\t\t\t\t\t\t<div class=\"elementor-container elementor-column-gap-default\">\n\t\t\t\t\t<div class=\"elementor-column elementor-col-100 elementor-top-column elementor-element elementor-element-412d5f1\" data-id=\"412d5f1\" data-element_type=\"column\">\n\t\t\t<div class=\"elementor-widget-wrap elementor-element-populated\">\n\t\t\t\t\t\t\t\t<div class=\"elementor-element elementor-element-78c68cc elementor-widget elementor-widget-text-editor\" data-id=\"78c68cc\" data-element_type=\"widget\" data-widget_type=\"text-editor.default\">\n\t\t\t\t<div class=\"elementor-widget-container\">\n\t\t\t\t\t\t\t<p><strong>FIM EWC CARES TROPHY FINALISTS PRAISED FOR SUBMISSIONS<br \/><\/strong><\/p><p>Team Bolliger Switzerland and Team Chromeburner-RAC41-Honda were widely praised for their FIM EWC Cares Trophy submissions after finishing second and third respectively.\u00a0<\/p><p>\u00a0<\/p><p>A stalwart independent Formula EWC entrant, Team Bolliger Switzerland donated funds to a local children\u2019s hospice, consumed food sourced locally and switched to using recycled items to reduce waste amongst other initiatives detailed\u00a0<a href=\"https:\/\/www.fimewc.com\/news\/the-fim-ewc-cares-trophy-finalists-3-team-bolliger-switzerland\" target=\"_blank\" rel=\"noopener\"><strong>HERE<\/strong><\/a>.\u00a0<\/p><p>\u00a0<\/p><p>One of the frontrunners in the FIM Endurance World Cup for Dunlop-equipped Superstock squads, Team Chromeburner-RAC41-Honda\u2019s FIM EWC Cares Trophy entry was centred on five key missions, detailed\u00a0<a href=\"https:\/\/www.fimewc.com\/news\/the-fim-ewc-cares-trophy-finalists-1-team-chromeburner-rac41-honda\" target=\"_blank\" rel=\"noopener\"><strong>HERE<\/strong><\/a>.<\/p>\t\t\t\t\t\t<\/div>\n\t\t\t\t<\/div>\n\t\t\t\t\t<\/div>\n\t\t<\/div>\n\t\t\t\t\t\t\t<\/div>\n\t\t<\/section>\n\t\t\t\t<section class=\"elementor-section elementor-top-section elementor-element elementor-element-7cee981 elementor-section-boxed elementor-section-height-default elementor-section-height-default\" data-id=\"7cee981\" data-element_type=\"section\">\n\t\t\t\t\t\t<div class=\"elementor-container elementor-column-gap-default\">\n\t\t\t\t\t<div class=\"elementor-column elementor-col-50 elementor-top-column elementor-element elementor-element-c86e1d5\" data-id=\"c86e1d5\" data-element_type=\"column\">\n\t\t\t<div class=\"elementor-widget-wrap elementor-element-populated\">\n\t\t\t\t\t\t\t\t<div class=\"elementor-element elementor-element-2e5f133 elementor-widget elementor-widget-image\" data-id=\"2e5f133\" data-element_type=\"widget\" data-widget_type=\"image.default\">\n\t\t\t\t<div class=\"elementor-widget-container\">\n\t\t\t\t\t\t\t\t\t\t\t\t\t\t\t<img loading=\"lazy\" decoding=\"async\" width=\"1024\" height=\"683\" src=\"https:\/\/www.spamotos.com\/wp-content\/uploads\/2023\/12\/05-Team-Bolliger-Switzerland-large.jpg\" class=\"attachment-large size-large\" alt=\"\" srcset=\"https:\/\/www.spamotos.com\/wp-content\/uploads\/2023\/12\/05-Team-Bolliger-Switzerland-large.jpg 1024w, https:\/\/www.spamotos.com\/wp-content\/uploads\/2023\/12\/05-Team-Bolliger-Switzerland-large-300x200.jpg 300w, https:\/\/www.spamotos.com\/wp-content\/uploads\/2023\/12\/05-Team-Bolliger-Switzerland-large-768x512.jpg 768w\" sizes=\"(max-width: 1024px) 100vw, 1024px\" \/>\t\t\t\t\t\t\t\t\t\t\t\t\t\t\t<\/div>\n\t\t\t\t<\/div>\n\t\t\t\t\t<\/div>\n\t\t<\/div>\n\t\t\t\t<div class=\"elementor-column elementor-col-50 elementor-top-column elementor-element elementor-element-adf3e4f\" data-id=\"adf3e4f\" data-element_type=\"column\">\n\t\t\t<div class=\"elementor-widget-wrap elementor-element-populated\">\n\t\t\t\t\t\t\t\t<div class=\"elementor-element elementor-element-9d1795c elementor-widget elementor-widget-image\" data-id=\"9d1795c\" data-element_type=\"widget\" data-widget_type=\"image.default\">\n\t\t\t\t<div class=\"elementor-widget-container\">\n\t\t\t\t\t\t\t\t\t\t\t\t\t\t\t<img loading=\"lazy\" decoding=\"async\" width=\"1024\" height=\"683\" src=\"https:\/\/www.spamotos.com\/wp-content\/uploads\/2023\/12\/06-Team-Chromeburner-RAC41-Honda-large.jpg\" class=\"attachment-large size-large\" alt=\"\" srcset=\"https:\/\/www.spamotos.com\/wp-content\/uploads\/2023\/12\/06-Team-Chromeburner-RAC41-Honda-large.jpg 1024w, https:\/\/www.spamotos.com\/wp-content\/uploads\/2023\/12\/06-Team-Chromeburner-RAC41-Honda-large-300x200.jpg 300w, https:\/\/www.spamotos.com\/wp-content\/uploads\/2023\/12\/06-Team-Chromeburner-RAC41-Honda-large-768x512.jpg 768w\" sizes=\"(max-width: 1024px) 100vw, 1024px\" \/>\t\t\t\t\t\t\t\t\t\t\t\t\t\t\t<\/div>\n\t\t\t\t<\/div>\n\t\t\t\t\t<\/div>\n\t\t<\/div>\n\t\t\t\t\t\t\t<\/div>\n\t\t<\/section>\n\t\t\t\t<section class=\"elementor-section elementor-top-section elementor-element elementor-element-26b872e elementor-section-boxed elementor-section-height-default elementor-section-height-default\" data-id=\"26b872e\" data-element_type=\"section\">\n\t\t\t\t\t\t<div class=\"elementor-container elementor-column-gap-default\">\n\t\t\t\t\t<div class=\"elementor-column elementor-col-100 elementor-top-column elementor-element elementor-element-40cfdca\" data-id=\"40cfdca\" data-element_type=\"column\">\n\t\t\t<div class=\"elementor-widget-wrap elementor-element-populated\">\n\t\t\t\t\t\t\t\t<div class=\"elementor-element elementor-element-688cc81 elementor-widget elementor-widget-text-editor\" data-id=\"688cc81\" data-element_type=\"widget\" data-widget_type=\"text-editor.default\">\n\t\t\t\t<div class=\"elementor-widget-container\">\n\t\t\t\t\t\t\t<p><strong>LE FIM EWC CARES TROPHY EN BREF<br \/><\/strong>Le FIM EWC Cares Trophy fait partie int\u00e9grante du programme EWC Cares, lanc\u00e9 en 2002 dans le cadre de la feuille de route mondiale \u00e9labor\u00e9e par WDB Sports en mati\u00e8re de responsabilit\u00e9 sociale des entreprises, et qui a re\u00e7u une Mention Honorable de la FIM, instance dirigeante du sport motocycliste mondial, lors de l\u2019assembl\u00e9e g\u00e9n\u00e9rale de celle-ci en d\u00e9cembre dernier.\u00a0<\/p><p>\u00a0<\/p><p>Honda Vilta\u00efs Racing recevra le FIM EWC Cares Trophy inaugural durant la c\u00e9r\u00e9monie de remise des prix 2023 de la FIM \u00e0 Liverpool, au Royaume-Uni, demain (2 d\u00e9cembre).<\/p><p>\u00a0<\/p><p>Le troph\u00e9e proprement dit est l\u2019\u0153uvre de l\u2019entreprise fran\u00e7aise\u00a0<strong>Studio L\u2019Ingr\u00e9dient<\/strong>, qui met l\u2019accent sur l\u2019utilisation de mat\u00e9riaux naturels et \u00e9coresponsables, y compris des \u00e9l\u00e9ments v\u00e9g\u00e9taux et recycl\u00e9s. Gr\u00e2ce \u00e0 ses conceptions made in France, elle apporte des solutions \u00e9cologiques pour moderniser les c\u00e9r\u00e9monies de remise de prix tout en maintenant un impact durable sur l\u2019environnement.<\/p>\t\t\t\t\t\t<\/div>\n\t\t\t\t<\/div>\n\t\t\t\t\t<\/div>\n\t\t<\/div>\n\t\t\t\t\t\t\t<\/div>\n\t\t<\/section>\n\t\t\t\t<section class=\"elementor-section elementor-top-section elementor-element elementor-element-3b7ac90 elementor-section-boxed elementor-section-height-default elementor-section-height-default\" data-id=\"3b7ac90\" data-element_type=\"section\">\n\t\t\t\t\t\t<div class=\"elementor-container elementor-column-gap-default\">\n\t\t\t\t\t<div class=\"elementor-column elementor-col-100 elementor-top-column elementor-element elementor-element-984923c\" data-id=\"984923c\" data-element_type=\"column\">\n\t\t\t<div class=\"elementor-widget-wrap elementor-element-populated\">\n\t\t\t\t\t\t\t\t<div class=\"elementor-element elementor-element-d83b58f elementor-widget elementor-widget-text-editor\" data-id=\"d83b58f\" data-element_type=\"widget\" data-widget_type=\"text-editor.default\">\n\t\t\t\t<div class=\"elementor-widget-container\">\n\t\t\t\t\t\t\t<p><strong>FIM EWC CARES TROPHY IN SHORT<br \/><\/strong>The FIM EWC Cares Trophy is an integral element of the\u00a0<a href=\"https:\/\/www.fimewc.com\/ewc-cares\" target=\"_blank\" rel=\"noopener\"><strong>EWC Cares programme<\/strong><\/a>, launched in 2022 as part of the global corporate social responsibility roadmap developed by WBD Sports and which received an Honourable Mention from motorcycle racing\u2019s global governing body at the FIM Annual General Assembly last December.\u00a0<\/p><p>\u00a0<\/p><p>Honda Vilta\u00efs Racing will receive the inaugural FIM EWC Cares Trophy at the 2023 FIM Awards in Liverpool, UK, tomorrow (2 December).\u00a0<\/p><p>\u00a0<\/p><p>The actual trophy is the work of French company,\u00a0<a href=\"https:\/\/studio-lingredient.fr\/\" target=\"_blank\" rel=\"noopener\"><strong>Studio L\u2019Ingr\u00e9dient<\/strong><\/a>, which places a strong emphasis on using natural, eco-responsible materials, including vegetable-based and recycled elements. Thanks to its made-in-France designs it provides ecological solutions that modernise award ceremonies while maintaining a sustainable impact on the environment.<\/p>\t\t\t\t\t\t<\/div>\n\t\t\t\t<\/div>\n\t\t\t\t\t<\/div>\n\t\t<\/div>\n\t\t\t\t\t\t\t<\/div>\n\t\t<\/section>\n\t\t\t\t<section class=\"elementor-section elementor-top-section elementor-element elementor-element-b4dcd60 elementor-section-boxed elementor-section-height-default elementor-section-height-default\" data-id=\"b4dcd60\" data-element_type=\"section\">\n\t\t\t\t\t\t<div class=\"elementor-container elementor-column-gap-default\">\n\t\t\t\t\t<div class=\"elementor-column elementor-col-100 elementor-top-column elementor-element elementor-element-1f44f72\" data-id=\"1f44f72\" data-element_type=\"column\">\n\t\t\t<div class=\"elementor-widget-wrap elementor-element-populated\">\n\t\t\t\t\t\t\t\t<div class=\"elementor-element elementor-element-aeba600 elementor-widget elementor-widget-image\" data-id=\"aeba600\" data-element_type=\"widget\" data-widget_type=\"image.default\">\n\t\t\t\t<div class=\"elementor-widget-container\">\n\t\t\t\t\t\t\t\t\t\t\t\t\t\t\t<img loading=\"lazy\" decoding=\"async\" width=\"768\" height=\"491\" src=\"https:\/\/www.spamotos.com\/wp-content\/uploads\/2023\/12\/04-Honda-Viltais-Racing-FIM-EWC-Cares-Trophy-winner-large-768x491.jpg\" class=\"attachment-medium_large size-medium_large\" alt=\"\" srcset=\"https:\/\/www.spamotos.com\/wp-content\/uploads\/2023\/12\/04-Honda-Viltais-Racing-FIM-EWC-Cares-Trophy-winner-large-768x491.jpg 768w, https:\/\/www.spamotos.com\/wp-content\/uploads\/2023\/12\/04-Honda-Viltais-Racing-FIM-EWC-Cares-Trophy-winner-large-300x192.jpg 300w, https:\/\/www.spamotos.com\/wp-content\/uploads\/2023\/12\/04-Honda-Viltais-Racing-FIM-EWC-Cares-Trophy-winner-large.jpg 1024w\" sizes=\"(max-width: 768px) 100vw, 768px\" \/>\t\t\t\t\t\t\t\t\t\t\t\t\t\t\t<\/div>\n\t\t\t\t<\/div>\n\t\t\t\t\t<\/div>\n\t\t<\/div>\n\t\t\t\t\t\t\t<\/div>\n\t\t<\/section>\n\t\t\t\t<section class=\"elementor-section elementor-top-section elementor-element elementor-element-2d8f06d elementor-section-boxed elementor-section-height-default elementor-section-height-default\" data-id=\"2d8f06d\" data-element_type=\"section\">\n\t\t\t\t\t\t<div class=\"elementor-container elementor-column-gap-default\">\n\t\t\t\t\t<div class=\"elementor-column elementor-col-100 elementor-top-column elementor-element elementor-element-87b74ef\" data-id=\"87b74ef\" data-element_type=\"column\">\n\t\t\t<div class=\"elementor-widget-wrap elementor-element-populated\">\n\t\t\t\t\t\t\t\t<div class=\"elementor-element elementor-element-d83b7ae elementor-widget elementor-widget-spacer\" data-id=\"d83b7ae\" data-element_type=\"widget\" data-widget_type=\"spacer.default\">\n\t\t\t\t<div class=\"elementor-widget-container\">\n\t\t\t<style>\/*! elementor - v3.8.1 - 13-11-2022 *\/\n.elementor-column .elementor-spacer-inner{height:var(--spacer-size)}.e-con{--container-widget-width:100%}.e-con-inner>.elementor-widget-spacer,.e-con>.elementor-widget-spacer{width:var(--container-widget-width,var(--spacer-size));-ms-flex-item-align:stretch;align-self:stretch;-ms-flex-negative:0;flex-shrink:0}.e-con-inner>.elementor-widget-spacer>.elementor-widget-container,.e-con-inner>.elementor-widget-spacer>.elementor-widget-container>.elementor-spacer,.e-con>.elementor-widget-spacer>.elementor-widget-container,.e-con>.elementor-widget-spacer>.elementor-widget-container>.elementor-spacer{height:100%}.e-con-inner>.elementor-widget-spacer>.elementor-widget-container>.elementor-spacer>.elementor-spacer-inner,.e-con>.elementor-widget-spacer>.elementor-widget-container>.elementor-spacer>.elementor-spacer-inner{height:var(--container-widget-height,var(--spacer-size))}<\/style>\t\t<div class=\"elementor-spacer\">\n\t\t\t<div class=\"elementor-spacer-inner\"><\/div>\n\t\t<\/div>\n\t\t\t\t<\/div>\n\t\t\t\t<\/div>\n\t\t\t\t<div class=\"elementor-element elementor-element-4ee5e42 elementor-align-center elementor-widget elementor-widget-button\" data-id=\"4ee5e42\" data-element_type=\"widget\" data-widget_type=\"button.default\">\n\t\t\t\t<div class=\"elementor-widget-container\">\n\t\t\t\t\t<div class=\"elementor-button-wrapper\">\n\t\t\t<a href=\"https:\/\/www.fimewc.fr\/news\/honda-viltais-racing-wins-inaugural-fim-ewc-cares-trophy\" target=\"_blank\" class=\"elementor-button-link elementor-button elementor-size-sm\" role=\"button\">\n\t\t\t\t\t\t<span class=\"elementor-button-content-wrapper\">\n\t\t\t\t\t\t<span class=\"elementor-button-text\">Acc\u00e8der au communiqu\u00e9 \/  Access the press release<\/span>\n\t\t<\/span>\n\t\t\t\t\t<\/a>\n\t\t<\/div>\n\t\t\t\t<\/div>\n\t\t\t\t<\/div>\n\t\t\t\t\t<\/div>\n\t\t<\/div>\n\t\t\t\t\t\t\t<\/div>\n\t\t<\/section>\n\t\t\t\t\t\t\t<\/div>\n\t\t","protected":false},"excerpt":{"rendered":"<p>Honda Vilta\u00efs Racing remporte le premier FIM EWC Cares Trophy Honda Vilta\u00efs Racing wins inaugural FIM EWC Cares Trophy Honda Vilta\u00efs Racing est le vainqueur du tout premier FIM EWC Cares Trophy, une r\u00e9compense remise \u00e0 l\u2019\u00e9quipe engag\u00e9e en Championnat du Monde d\u2019Endurance de la FIM qui a d\u00e9montr\u00e9 une implication sans \u00e9gale en mati\u00e8re [&hellip;]<\/p>\n","protected":false},"author":1,"featured_media":5266,"comment_status":"closed","ping_status":"open","sticky":false,"template":"","format":"standard","meta":{"footnotes":""},"categories":[58,55],"tags":[],"acf":[],"yoast_head":"<!-- This site is optimized with the Yoast SEO plugin v21.6 - https:\/\/yoast.com\/wordpress\/plugins\/seo\/ -->\n<title>Honda Vilta\u00efs Racing remporte le premier FIM EWC Cares Trophy - 8h SPA Motos<\/title>\n<meta name=\"robots\" content=\"index, follow, max-snippet:-1, max-image-preview:large, max-video-preview:-1\" \/>\n<link rel=\"canonical\" href=\"https:\/\/www.spamotos.com\/fr\/honda-viltais-racing-remporte-le-premier-fim-ewc-cares-trophy\/\" \/>\n<meta property=\"og:locale\" content=\"fr_FR\" \/>\n<meta property=\"og:type\" content=\"article\" \/>\n<meta property=\"og:title\" content=\"Honda Vilta\u00efs Racing remporte le premier FIM EWC Cares Trophy - 8h SPA Motos\" \/>\n<meta property=\"og:description\" content=\"Honda Vilta\u00efs Racing remporte le premier FIM EWC Cares Trophy Honda Vilta\u00efs Racing wins inaugural FIM EWC Cares Trophy Honda Vilta\u00efs Racing est le vainqueur du tout premier FIM EWC Cares Trophy, une r\u00e9compense remise \u00e0 l\u2019\u00e9quipe engag\u00e9e en Championnat du Monde d\u2019Endurance de la FIM qui a d\u00e9montr\u00e9 une implication sans \u00e9gale en mati\u00e8re [&hellip;]\" \/>\n<meta property=\"og:url\" content=\"https:\/\/www.spamotos.com\/fr\/honda-viltais-racing-remporte-le-premier-fim-ewc-cares-trophy\/\" \/>\n<meta property=\"og:site_name\" content=\"8h SPA Motos\" \/>\n<meta property=\"article:publisher\" content=\"https:\/\/www.facebook.com\/24hspamotos\" \/>\n<meta property=\"article:published_time\" content=\"2023-12-01T11:13:05+00:00\" \/>\n<meta property=\"article:modified_time\" content=\"2026-03-05T15:32:35+00:00\" \/>\n<meta property=\"og:image\" content=\"https:\/\/www.spamotos.com\/wp-content\/uploads\/2023\/12\/00-Honda-Viltais-Racing-FIM-EWC-Cares-Trophy-winner.jpg\" \/>\n\t<meta property=\"og:image:width\" content=\"1920\" \/>\n\t<meta property=\"og:image:height\" content=\"1080\" \/>\n\t<meta property=\"og:image:type\" content=\"image\/jpeg\" \/>\n<meta name=\"author\" content=\"Administrateur\" \/>\n<meta name=\"twitter:card\" content=\"summary_large_image\" \/>\n<meta name=\"twitter:creator\" content=\"@24hspamotos\" \/>\n<meta name=\"twitter:site\" content=\"@24hspamotos\" \/>\n<script type=\"application\/ld+json\" class=\"yoast-schema-graph\">{\"@context\":\"https:\/\/schema.org\",\"@graph\":[{\"@type\":\"Article\",\"@id\":\"https:\/\/www.spamotos.com\/fr\/honda-viltais-racing-remporte-le-premier-fim-ewc-cares-trophy\/#article\",\"isPartOf\":{\"@id\":\"https:\/\/www.spamotos.com\/fr\/honda-viltais-racing-remporte-le-premier-fim-ewc-cares-trophy\/\"},\"author\":{\"name\":\"Administrateur\",\"@id\":\"https:\/\/www.spamotos.com\/fr\/#\/schema\/person\/6c5133ba53ed7caade8af07521ce45ce\"},\"headline\":\"Honda Vilta\u00efs Racing remporte le premier FIM EWC Cares Trophy\",\"datePublished\":\"2023-12-01T11:13:05+00:00\",\"dateModified\":\"2026-03-05T15:32:35+00:00\",\"mainEntityOfPage\":{\"@id\":\"https:\/\/www.spamotos.com\/fr\/honda-viltais-racing-remporte-le-premier-fim-ewc-cares-trophy\/\"},\"wordCount\":2051,\"publisher\":{\"@id\":\"https:\/\/www.spamotos.com\/fr\/#organization\"},\"articleSection\":[\"Actualit\u00e9s Teams\",\"SAISON 2024\"],\"inLanguage\":\"fr-FR\"},{\"@type\":\"WebPage\",\"@id\":\"https:\/\/www.spamotos.com\/fr\/honda-viltais-racing-remporte-le-premier-fim-ewc-cares-trophy\/\",\"url\":\"https:\/\/www.spamotos.com\/fr\/honda-viltais-racing-remporte-le-premier-fim-ewc-cares-trophy\/\",\"name\":\"Honda Vilta\u00efs Racing remporte le premier FIM EWC Cares Trophy - 8h SPA Motos\",\"isPartOf\":{\"@id\":\"https:\/\/www.spamotos.com\/fr\/#website\"},\"datePublished\":\"2023-12-01T11:13:05+00:00\",\"dateModified\":\"2026-03-05T15:32:35+00:00\",\"breadcrumb\":{\"@id\":\"https:\/\/www.spamotos.com\/fr\/honda-viltais-racing-remporte-le-premier-fim-ewc-cares-trophy\/#breadcrumb\"},\"inLanguage\":\"fr-FR\",\"potentialAction\":[{\"@type\":\"ReadAction\",\"target\":[\"https:\/\/www.spamotos.com\/fr\/honda-viltais-racing-remporte-le-premier-fim-ewc-cares-trophy\/\"]}]},{\"@type\":\"BreadcrumbList\",\"@id\":\"https:\/\/www.spamotos.com\/fr\/honda-viltais-racing-remporte-le-premier-fim-ewc-cares-trophy\/#breadcrumb\",\"itemListElement\":[{\"@type\":\"ListItem\",\"position\":1,\"name\":\"Accueil\",\"item\":\"https:\/\/www.spamotos.com\/fr\/\"},{\"@type\":\"ListItem\",\"position\":2,\"name\":\"Honda Vilta\u00efs Racing remporte le premier FIM EWC Cares Trophy\"}]},{\"@type\":\"WebSite\",\"@id\":\"https:\/\/www.spamotos.com\/fr\/#website\",\"url\":\"https:\/\/www.spamotos.com\/fr\/\",\"name\":\"8h SPA Motos\",\"description\":\"Un site utilisant WordPress\",\"publisher\":{\"@id\":\"https:\/\/www.spamotos.com\/fr\/#organization\"},\"potentialAction\":[{\"@type\":\"SearchAction\",\"target\":{\"@type\":\"EntryPoint\",\"urlTemplate\":\"https:\/\/www.spamotos.com\/fr\/?s={search_term_string}\"},\"query-input\":\"required name=search_term_string\"}],\"inLanguage\":\"fr-FR\"},{\"@type\":\"Organization\",\"@id\":\"https:\/\/www.spamotos.com\/fr\/#organization\",\"name\":\"8h SPA Motos\",\"url\":\"https:\/\/www.spamotos.com\/fr\/\",\"logo\":{\"@type\":\"ImageObject\",\"inLanguage\":\"fr-FR\",\"@id\":\"https:\/\/www.spamotos.com\/fr\/#\/schema\/logo\/image\/\",\"url\":\"https:\/\/www.spamotos.com\/wp-content\/uploads\/2023\/11\/cropped-8Hours-Positif-test-2.png\",\"contentUrl\":\"https:\/\/www.spamotos.com\/wp-content\/uploads\/2023\/11\/cropped-8Hours-Positif-test-2.png\",\"width\":443,\"height\":200,\"caption\":\"8h SPA Motos\"},\"image\":{\"@id\":\"https:\/\/www.spamotos.com\/fr\/#\/schema\/logo\/image\/\"},\"sameAs\":[\"https:\/\/www.facebook.com\/24hspamotos\",\"https:\/\/twitter.com\/24hspamotos\",\"https:\/\/www.instagram.com\/24hspamotos\",\"https:\/\/www.tiktok.com\/@24hspamotos\"]},{\"@type\":\"Person\",\"@id\":\"https:\/\/www.spamotos.com\/fr\/#\/schema\/person\/6c5133ba53ed7caade8af07521ce45ce\",\"name\":\"Administrateur\",\"sameAs\":[\"https:\/\/www.spamotos.com\/wp-cms\"]}]}<\/script>\n<!-- \/ Yoast SEO plugin. -->","yoast_head_json":{"title":"Honda Vilta\u00efs Racing remporte le premier FIM EWC Cares Trophy - 8h SPA Motos","robots":{"index":"index","follow":"follow","max-snippet":"max-snippet:-1","max-image-preview":"max-image-preview:large","max-video-preview":"max-video-preview:-1"},"canonical":"https:\/\/www.spamotos.com\/fr\/honda-viltais-racing-remporte-le-premier-fim-ewc-cares-trophy\/","og_locale":"fr_FR","og_type":"article","og_title":"Honda Vilta\u00efs Racing remporte le premier FIM EWC Cares Trophy - 8h SPA Motos","og_description":"Honda Vilta\u00efs Racing remporte le premier FIM EWC Cares Trophy Honda Vilta\u00efs Racing wins inaugural FIM EWC Cares Trophy Honda Vilta\u00efs Racing est le vainqueur du tout premier FIM EWC Cares Trophy, une r\u00e9compense remise \u00e0 l\u2019\u00e9quipe engag\u00e9e en Championnat du Monde d\u2019Endurance de la FIM qui a d\u00e9montr\u00e9 une implication sans \u00e9gale en mati\u00e8re [&hellip;]","og_url":"https:\/\/www.spamotos.com\/fr\/honda-viltais-racing-remporte-le-premier-fim-ewc-cares-trophy\/","og_site_name":"8h SPA Motos","article_publisher":"https:\/\/www.facebook.com\/24hspamotos","article_published_time":"2023-12-01T11:13:05+00:00","article_modified_time":"2026-03-05T15:32:35+00:00","og_image":[{"width":1920,"height":1080,"url":"https:\/\/www.spamotos.com\/wp-content\/uploads\/2023\/12\/00-Honda-Viltais-Racing-FIM-EWC-Cares-Trophy-winner.jpg","type":"image\/jpeg"}],"author":"Administrateur","twitter_card":"summary_large_image","twitter_creator":"@24hspamotos","twitter_site":"@24hspamotos","schema":{"@context":"https:\/\/schema.org","@graph":[{"@type":"Article","@id":"https:\/\/www.spamotos.com\/fr\/honda-viltais-racing-remporte-le-premier-fim-ewc-cares-trophy\/#article","isPartOf":{"@id":"https:\/\/www.spamotos.com\/fr\/honda-viltais-racing-remporte-le-premier-fim-ewc-cares-trophy\/"},"author":{"name":"Administrateur","@id":"https:\/\/www.spamotos.com\/fr\/#\/schema\/person\/6c5133ba53ed7caade8af07521ce45ce"},"headline":"Honda Vilta\u00efs Racing remporte le premier FIM EWC Cares Trophy","datePublished":"2023-12-01T11:13:05+00:00","dateModified":"2026-03-05T15:32:35+00:00","mainEntityOfPage":{"@id":"https:\/\/www.spamotos.com\/fr\/honda-viltais-racing-remporte-le-premier-fim-ewc-cares-trophy\/"},"wordCount":2051,"publisher":{"@id":"https:\/\/www.spamotos.com\/fr\/#organization"},"articleSection":["Actualit\u00e9s Teams","SAISON 2024"],"inLanguage":"fr-FR"},{"@type":"WebPage","@id":"https:\/\/www.spamotos.com\/fr\/honda-viltais-racing-remporte-le-premier-fim-ewc-cares-trophy\/","url":"https:\/\/www.spamotos.com\/fr\/honda-viltais-racing-remporte-le-premier-fim-ewc-cares-trophy\/","name":"Honda Vilta\u00efs Racing remporte le premier FIM EWC Cares Trophy - 8h SPA Motos","isPartOf":{"@id":"https:\/\/www.spamotos.com\/fr\/#website"},"datePublished":"2023-12-01T11:13:05+00:00","dateModified":"2026-03-05T15:32:35+00:00","breadcrumb":{"@id":"https:\/\/www.spamotos.com\/fr\/honda-viltais-racing-remporte-le-premier-fim-ewc-cares-trophy\/#breadcrumb"},"inLanguage":"fr-FR","potentialAction":[{"@type":"ReadAction","target":["https:\/\/www.spamotos.com\/fr\/honda-viltais-racing-remporte-le-premier-fim-ewc-cares-trophy\/"]}]},{"@type":"BreadcrumbList","@id":"https:\/\/www.spamotos.com\/fr\/honda-viltais-racing-remporte-le-premier-fim-ewc-cares-trophy\/#breadcrumb","itemListElement":[{"@type":"ListItem","position":1,"name":"Accueil","item":"https:\/\/www.spamotos.com\/fr\/"},{"@type":"ListItem","position":2,"name":"Honda Vilta\u00efs Racing remporte le premier FIM EWC Cares Trophy"}]},{"@type":"WebSite","@id":"https:\/\/www.spamotos.com\/fr\/#website","url":"https:\/\/www.spamotos.com\/fr\/","name":"8h SPA Motos","description":"Un site utilisant WordPress","publisher":{"@id":"https:\/\/www.spamotos.com\/fr\/#organization"},"potentialAction":[{"@type":"SearchAction","target":{"@type":"EntryPoint","urlTemplate":"https:\/\/www.spamotos.com\/fr\/?s={search_term_string}"},"query-input":"required name=search_term_string"}],"inLanguage":"fr-FR"},{"@type":"Organization","@id":"https:\/\/www.spamotos.com\/fr\/#organization","name":"8h SPA Motos","url":"https:\/\/www.spamotos.com\/fr\/","logo":{"@type":"ImageObject","inLanguage":"fr-FR","@id":"https:\/\/www.spamotos.com\/fr\/#\/schema\/logo\/image\/","url":"https:\/\/www.spamotos.com\/wp-content\/uploads\/2023\/11\/cropped-8Hours-Positif-test-2.png","contentUrl":"https:\/\/www.spamotos.com\/wp-content\/uploads\/2023\/11\/cropped-8Hours-Positif-test-2.png","width":443,"height":200,"caption":"8h SPA Motos"},"image":{"@id":"https:\/\/www.spamotos.com\/fr\/#\/schema\/logo\/image\/"},"sameAs":["https:\/\/www.facebook.com\/24hspamotos","https:\/\/twitter.com\/24hspamotos","https:\/\/www.instagram.com\/24hspamotos","https:\/\/www.tiktok.com\/@24hspamotos"]},{"@type":"Person","@id":"https:\/\/www.spamotos.com\/fr\/#\/schema\/person\/6c5133ba53ed7caade8af07521ce45ce","name":"Administrateur","sameAs":["https:\/\/www.spamotos.com\/wp-cms"]}]}},"_links":{"self":[{"href":"https:\/\/www.spamotos.com\/fr\/wp-json\/wp\/v2\/posts\/5293"}],"collection":[{"href":"https:\/\/www.spamotos.com\/fr\/wp-json\/wp\/v2\/posts"}],"about":[{"href":"https:\/\/www.spamotos.com\/fr\/wp-json\/wp\/v2\/types\/post"}],"author":[{"embeddable":true,"href":"https:\/\/www.spamotos.com\/fr\/wp-json\/wp\/v2\/users\/1"}],"replies":[{"embeddable":true,"href":"https:\/\/www.spamotos.com\/fr\/wp-json\/wp\/v2\/comments?post=5293"}],"version-history":[{"count":16,"href":"https:\/\/www.spamotos.com\/fr\/wp-json\/wp\/v2\/posts\/5293\/revisions"}],"predecessor-version":[{"id":11368,"href":"https:\/\/www.spamotos.com\/fr\/wp-json\/wp\/v2\/posts\/5293\/revisions\/11368"}],"wp:featuredmedia":[{"embeddable":true,"href":"https:\/\/www.spamotos.com\/fr\/wp-json\/wp\/v2\/media\/5266"}],"wp:attachment":[{"href":"https:\/\/www.spamotos.com\/fr\/wp-json\/wp\/v2\/media?parent=5293"}],"wp:term":[{"taxonomy":"category","embeddable":true,"href":"https:\/\/www.spamotos.com\/fr\/wp-json\/wp\/v2\/categories?post=5293"},{"taxonomy":"post_tag","embeddable":true,"href":"https:\/\/www.spamotos.com\/fr\/wp-json\/wp\/v2\/tags?post=5293"}],"curies":[{"name":"wp","href":"https:\/\/api.w.org\/{rel}","templated":true}]}}