{"id":9425,"date":"2025-02-07T17:43:49","date_gmt":"2025-02-07T16:43:49","guid":{"rendered":"https:\/\/www.spamotos.com\/?p=9425"},"modified":"2026-03-05T15:54:45","modified_gmt":"2026-03-05T14:54:45","slug":"le-team-erc-de-retour-en-ewc","status":"publish","type":"post","link":"https:\/\/www.spamotos.com\/fr\/le-team-erc-de-retour-en-ewc\/","title":{"rendered":"Le team ERC de retour en EWC"},"content":{"rendered":"\t\t<div data-elementor-type=\"wp-post\" data-elementor-id=\"9425\" class=\"elementor elementor-9425\">\n\t\t\t\t\t\t\t\t\t<section class=\"elementor-section elementor-top-section elementor-element elementor-element-d3d25b4 elementor-section-boxed elementor-section-height-default elementor-section-height-default\" data-id=\"d3d25b4\" data-element_type=\"section\">\n\t\t\t\t\t\t<div class=\"elementor-container elementor-column-gap-default\">\n\t\t\t\t\t<div class=\"elementor-column elementor-col-100 elementor-top-column elementor-element elementor-element-10cc424\" data-id=\"10cc424\" data-element_type=\"column\">\n\t\t\t<div class=\"elementor-widget-wrap elementor-element-populated\">\n\t\t\t\t\t\t\t\t<div class=\"elementor-element elementor-element-e3f7ec0 elementor-widget elementor-widget-image\" data-id=\"e3f7ec0\" data-element_type=\"widget\" data-widget_type=\"image.default\">\n\t\t\t\t<div class=\"elementor-widget-container\">\n\t\t\t<style>\/*! elementor - v3.8.1 - 13-11-2022 *\/\n.elementor-widget-image{text-align:center}.elementor-widget-image a{display:inline-block}.elementor-widget-image a img[src$=\".svg\"]{width:48px}.elementor-widget-image img{vertical-align:middle;display:inline-block}<\/style>\t\t\t\t\t\t\t\t\t\t\t\t<img loading=\"lazy\" decoding=\"async\" width=\"1024\" height=\"683\" src=\"https:\/\/www.spamotos.com\/wp-content\/uploads\/2025\/02\/ERC-BMW-Endurance-Team-BMW-M-1000-RR-large.webp\" class=\"attachment-large size-large\" alt=\"\" srcset=\"https:\/\/www.spamotos.com\/wp-content\/uploads\/2025\/02\/ERC-BMW-Endurance-Team-BMW-M-1000-RR-large.webp 1024w, https:\/\/www.spamotos.com\/wp-content\/uploads\/2025\/02\/ERC-BMW-Endurance-Team-BMW-M-1000-RR-large-300x200.webp 300w, https:\/\/www.spamotos.com\/wp-content\/uploads\/2025\/02\/ERC-BMW-Endurance-Team-BMW-M-1000-RR-large-768x512.webp 768w\" sizes=\"(max-width: 1024px) 100vw, 1024px\" \/>\t\t\t\t\t\t\t\t\t\t\t\t\t\t\t<\/div>\n\t\t\t\t<\/div>\n\t\t\t\t<div class=\"elementor-element elementor-element-a9c17c6 elementor-widget elementor-widget-text-editor\" data-id=\"a9c17c6\" data-element_type=\"widget\" data-widget_type=\"text-editor.default\">\n\t\t\t\t<div class=\"elementor-widget-container\">\n\t\t\t<style>\/*! elementor - v3.8.1 - 13-11-2022 *\/\n.elementor-widget-text-editor.elementor-drop-cap-view-stacked .elementor-drop-cap{background-color:#818a91;color:#fff}.elementor-widget-text-editor.elementor-drop-cap-view-framed .elementor-drop-cap{color:#818a91;border:3px solid;background-color:transparent}.elementor-widget-text-editor:not(.elementor-drop-cap-view-default) .elementor-drop-cap{margin-top:8px}.elementor-widget-text-editor:not(.elementor-drop-cap-view-default) .elementor-drop-cap-letter{width:1em;height:1em}.elementor-widget-text-editor .elementor-drop-cap{float:left;text-align:center;line-height:1;font-size:50px}.elementor-widget-text-editor .elementor-drop-cap-letter{display:inline-block}<\/style>\t\t\t\t<p><strong>Xavi For\u00e9s troquera la qu\u00eate du succ\u00e8s en Championnat du Monde d&rsquo;Endurance FIM sur la piste pour un r\u00f4le en dehors, alors que l&rsquo;\u00e9quipe ERC Endurance d&rsquo;Uwe Reinhardt fait son retour en EWC en 2025.<\/strong><\/p><p><strong>\u00a0<\/strong><\/p><p>Ancien pilote du World Superbike, For\u00e9s, qui a couru pour ERC Endurance en EWC entre 2022 et 2023, a \u00e9t\u00e9 nomm\u00e9 Team Manager de l&rsquo;\u00e9quipe allemande, qui revient dans le championnat apr\u00e8s une ann\u00e9e d&rsquo;absence.<\/p><p>\u00a0<\/p><p>Apr\u00e8s presque quatre saisons compl\u00e8tes avec des motos Ducati, ERC misera \u00e0 nouveau sur la puissance de BMW. L&rsquo;\u00e9quipe concourra sous la banni\u00e8re ERC BMW Endurance Team et utilisera des pneus Dunlop.<\/p>\t\t\t\t\t\t<\/div>\n\t\t\t\t<\/div>\n\t\t\t\t<div class=\"elementor-element elementor-element-1890e91 elementor-widget elementor-widget-text-editor\" data-id=\"1890e91\" data-element_type=\"widget\" data-widget_type=\"text-editor.default\">\n\t\t\t\t<div class=\"elementor-widget-container\">\n\t\t\t\t\t\t\t<p><strong>Xavi For\u00e9s will swap chasing FIM Endurance World Championship success on track to off it as Uwe Reinhardt\u2019s ERC Endurance squad returns to the EWC in 2025.<\/strong><\/p><p><strong>\u00a0<\/strong><\/p><p>Ex-World Superbike racer For\u00e9s, who rode for ERC Endurance in the EWC between 2022 and 2023, has been appointed Team Manager for the Germany-based outfit, which is making its comeback to the championship following a one-year break.<\/p><p>\u00a0<\/p><p>After almost four full seasons running Ducati motorcycles, ERC will count on BMW power once again. It will compete under the ERC BMW Endurance Team banner and use Dunlop tyres.<\/p>\t\t\t\t\t\t<\/div>\n\t\t\t\t<\/div>\n\t\t\t\t\t<\/div>\n\t\t<\/div>\n\t\t\t\t\t\t\t<\/div>\n\t\t<\/section>\n\t\t\t\t<section class=\"elementor-section elementor-top-section elementor-element elementor-element-7214bb7 elementor-section-boxed elementor-section-height-default elementor-section-height-default\" data-id=\"7214bb7\" data-element_type=\"section\">\n\t\t\t\t\t\t<div class=\"elementor-container elementor-column-gap-default\">\n\t\t\t\t\t<div class=\"elementor-column elementor-col-100 elementor-top-column elementor-element elementor-element-90298ad\" data-id=\"90298ad\" data-element_type=\"column\">\n\t\t\t<div class=\"elementor-widget-wrap elementor-element-populated\">\n\t\t\t\t\t\t\t\t<div class=\"elementor-element elementor-element-06e685e elementor-widget elementor-widget-heading\" data-id=\"06e685e\" data-element_type=\"widget\" data-widget_type=\"heading.default\">\n\t\t\t\t<div class=\"elementor-widget-container\">\n\t\t\t<style>\/*! elementor - v3.8.1 - 13-11-2022 *\/\n.elementor-heading-title{padding:0;margin:0;line-height:1}.elementor-widget-heading .elementor-heading-title[class*=elementor-size-]>a{color:inherit;font-size:inherit;line-height:inherit}.elementor-widget-heading .elementor-heading-title.elementor-size-small{font-size:15px}.elementor-widget-heading .elementor-heading-title.elementor-size-medium{font-size:19px}.elementor-widget-heading .elementor-heading-title.elementor-size-large{font-size:29px}.elementor-widget-heading .elementor-heading-title.elementor-size-xl{font-size:39px}.elementor-widget-heading .elementor-heading-title.elementor-size-xxl{font-size:59px}<\/style><h2 class=\"elementor-heading-title elementor-size-default\">Xavi For\u00e9s - TEAM MANAGER<\/h2>\t\t<\/div>\n\t\t\t\t<\/div>\n\t\t\t\t\t<\/div>\n\t\t<\/div>\n\t\t\t\t\t\t\t<\/div>\n\t\t<\/section>\n\t\t\t\t<section class=\"elementor-section elementor-top-section elementor-element elementor-element-26a63d0 elementor-section-content-middle elementor-section-boxed elementor-section-height-default elementor-section-height-default\" data-id=\"26a63d0\" data-element_type=\"section\">\n\t\t\t\t\t\t<div class=\"elementor-container elementor-column-gap-default\">\n\t\t\t\t\t<div class=\"elementor-column elementor-col-33 elementor-top-column elementor-element elementor-element-d339f66\" data-id=\"d339f66\" data-element_type=\"column\">\n\t\t\t<div class=\"elementor-widget-wrap elementor-element-populated\">\n\t\t\t\t\t\t\t\t<div class=\"elementor-element elementor-element-da713a1 elementor-widget elementor-widget-text-editor\" data-id=\"da713a1\" data-element_type=\"widget\" data-widget_type=\"text-editor.default\">\n\t\t\t\t<div class=\"elementor-widget-container\">\n\t\t\t\t\t\t\t<p><i>\u00ab<span style=\"font-size: 0.875rem;\">Uwe Reinhardt avait besoin de quelqu\u2019un \u00e0 ses c\u00f4t\u00e9s pendant les semaines de course et il m\u2019a offert la possibilit\u00e9 d\u2019\u00eatre Team Manager. Apr\u00e8s de nombreuses ann\u00e9es en tant que pilote, c\u2019\u00e9tait le bon moment pour aller de l\u2019avant et entamer un nouveau chapitre. J\u2019ai donc d\u00e9cid\u00e9 d\u2019accepter ce r\u00f4le et de commencer \u00e0 travailler pour mon avenir.<\/span><\/i><\/p><p><span style=\"font-size: 0.875rem;\"><i>\u00a0<\/i><\/span><\/p><p><i>Bien s\u00fbr, si j\u2019utilise mon exp\u00e9rience en course en EWC et dans diff\u00e9rents championnats, ainsi que mon v\u00e9cu en tant qu\u2019ancien pilote de cette \u00e9quipe, en mettant tout cela ensemble, cela pourrait \u00eatre b\u00e9n\u00e9fique pour l\u2019\u00e9quipe. Je suis \u00e9galement soutenu par David Checa, qui poss\u00e8de une grande exp\u00e9rience en endurance. Ensemble, nous travaillons dur pour faire de ce projet une r\u00e9ussite. Nous avons aussi le soutien de BMW et Dunlop.<\/i><\/p><p><i style=\"font-size: 0.875rem;\">\u00a0<\/i><\/p><p><i style=\"font-size: 0.875rem;\">J\u2019esp\u00e8re que nous pourrons nous battre pour le top 4, le top 5 \u00e0 chaque course, en commen\u00e7ant par Le Mans. Pour \u00eatre honn\u00eate, nous avons d\u00e9j\u00e0 jou\u00e9 la victoire par le pass\u00e9 avec la Ducati, donc si nous arrivons \u00e0 bien g\u00e9rer tous les \u00e9l\u00e9ments, nous pourrons nous m\u00ealer \u00e0 la lutte.\u00a0\u00bb<\/i><\/p>\t\t\t\t\t\t<\/div>\n\t\t\t\t<\/div>\n\t\t\t\t\t<\/div>\n\t\t<\/div>\n\t\t\t\t<div class=\"elementor-column elementor-col-33 elementor-top-column elementor-element elementor-element-db3ad1c\" data-id=\"db3ad1c\" data-element_type=\"column\">\n\t\t\t<div class=\"elementor-widget-wrap elementor-element-populated\">\n\t\t\t\t\t\t\t\t<div class=\"elementor-element elementor-element-a3360a8 elementor-widget elementor-widget-image\" data-id=\"a3360a8\" data-element_type=\"widget\" data-widget_type=\"image.default\">\n\t\t\t\t<div class=\"elementor-widget-container\">\n\t\t\t\t\t\t\t\t\t\t\t\t\t\t\t<img loading=\"lazy\" decoding=\"async\" width=\"490\" height=\"683\" src=\"https:\/\/www.spamotos.com\/wp-content\/uploads\/2025\/02\/Xavi-Fores-large-1.jpg\" class=\"attachment-large size-large\" alt=\"\" srcset=\"https:\/\/www.spamotos.com\/wp-content\/uploads\/2025\/02\/Xavi-Fores-large-1.jpg 490w, https:\/\/www.spamotos.com\/wp-content\/uploads\/2025\/02\/Xavi-Fores-large-1-215x300.jpg 215w\" sizes=\"(max-width: 490px) 100vw, 490px\" \/>\t\t\t\t\t\t\t\t\t\t\t\t\t\t\t<\/div>\n\t\t\t\t<\/div>\n\t\t\t\t\t<\/div>\n\t\t<\/div>\n\t\t\t\t<div class=\"elementor-column elementor-col-33 elementor-top-column elementor-element elementor-element-fde9de3\" data-id=\"fde9de3\" data-element_type=\"column\">\n\t\t\t<div class=\"elementor-widget-wrap elementor-element-populated\">\n\t\t\t\t\t\t\t\t<div class=\"elementor-element elementor-element-50c84a6 elementor-widget elementor-widget-text-editor\" data-id=\"50c84a6\" data-element_type=\"widget\" data-widget_type=\"text-editor.default\">\n\t\t\t\t<div class=\"elementor-widget-container\">\n\t\t\t\t\t\t\t<p>\u00ab\u00a0<em>Uwe Reinhardt needed somebody by his side during the race weeks and he offered me the option to be the Team Manager. After many years of racing, it was the right time to move forward and start a new chapter, so I decided to accept this role and to start to work for my future.<\/em><\/p><p><em>\u00a0<\/em><\/p><p><em>For sure if I use my experience in racing in the EWC and in different championships and from my experience from the past of being a rider in this team, putting everything together it could be something positive for the team. I am also supported by David Checa who has a lot of experience in endurance. Together we are pushing hard to make this project strong. Also, we have support from BMW and Dunlop.<\/em><\/p><p><em>\u00a0<\/em><\/p><p><em>Hopefully we can be fighting for the top four, top five in every single race, starting with Le Mans. To be honest we were fighting for wins in the past with the Ducati so if we can manage everything well, then we can be in the mix.\u201d<\/em><\/p>\t\t\t\t\t\t<\/div>\n\t\t\t\t<\/div>\n\t\t\t\t\t<\/div>\n\t\t<\/div>\n\t\t\t\t\t\t\t<\/div>\n\t\t<\/section>\n\t\t\t\t<section class=\"elementor-section elementor-top-section elementor-element elementor-element-fb5e5af elementor-section-boxed elementor-section-height-default elementor-section-height-default\" data-id=\"fb5e5af\" data-element_type=\"section\">\n\t\t\t\t\t\t<div class=\"elementor-container elementor-column-gap-default\">\n\t\t\t\t\t<div class=\"elementor-column elementor-col-100 elementor-top-column elementor-element elementor-element-57417ae\" data-id=\"57417ae\" data-element_type=\"column\">\n\t\t\t<div class=\"elementor-widget-wrap elementor-element-populated\">\n\t\t\t\t\t\t\t\t<div class=\"elementor-element elementor-element-aac14ad elementor-widget elementor-widget-image\" data-id=\"aac14ad\" data-element_type=\"widget\" data-widget_type=\"image.default\">\n\t\t\t\t<div class=\"elementor-widget-container\">\n\t\t\t\t\t\t\t\t\t\t\t\t\t\t\t<img loading=\"lazy\" decoding=\"async\" width=\"1024\" height=\"683\" src=\"https:\/\/www.spamotos.com\/wp-content\/uploads\/2025\/02\/Julian-Puffe-Illya-Mykhalchyk-David-Checa-Kenny-Foray-large.jpeg\" class=\"attachment-large size-large\" alt=\"\" srcset=\"https:\/\/www.spamotos.com\/wp-content\/uploads\/2025\/02\/Julian-Puffe-Illya-Mykhalchyk-David-Checa-Kenny-Foray-large.jpeg 1024w, https:\/\/www.spamotos.com\/wp-content\/uploads\/2025\/02\/Julian-Puffe-Illya-Mykhalchyk-David-Checa-Kenny-Foray-large-300x200.jpeg 300w, https:\/\/www.spamotos.com\/wp-content\/uploads\/2025\/02\/Julian-Puffe-Illya-Mykhalchyk-David-Checa-Kenny-Foray-large-768x512.jpeg 768w\" sizes=\"(max-width: 1024px) 100vw, 1024px\" \/>\t\t\t\t\t\t\t\t\t\t\t\t\t\t\t<\/div>\n\t\t\t\t<\/div>\n\t\t\t\t<section class=\"elementor-section elementor-inner-section elementor-element elementor-element-6fcb1d8 elementor-section-content-middle elementor-section-boxed elementor-section-height-default elementor-section-height-default\" data-id=\"6fcb1d8\" data-element_type=\"section\">\n\t\t\t\t\t\t<div class=\"elementor-container elementor-column-gap-default\">\n\t\t\t\t\t<div class=\"elementor-column elementor-col-50 elementor-inner-column elementor-element elementor-element-e50d97a\" data-id=\"e50d97a\" data-element_type=\"column\">\n\t\t\t<div class=\"elementor-widget-wrap elementor-element-populated\">\n\t\t\t\t\t\t\t\t<div class=\"elementor-element elementor-element-c7dec5b elementor-widget elementor-widget-heading\" data-id=\"c7dec5b\" data-element_type=\"widget\" data-widget_type=\"heading.default\">\n\t\t\t\t<div class=\"elementor-widget-container\">\n\t\t\t<h2 class=\"elementor-heading-title elementor-size-default\">kenny foray<\/h2>\t\t<\/div>\n\t\t\t\t<\/div>\n\t\t\t\t<div class=\"elementor-element elementor-element-4a8fd8d elementor-widget elementor-widget-text-editor\" data-id=\"4a8fd8d\" data-element_type=\"widget\" data-widget_type=\"text-editor.default\">\n\t\t\t\t<div class=\"elementor-widget-container\">\n\t\t\t\t\t\t\t<p>Apr\u00e8s avoir couru les deux derni\u00e8res saisons dans la cat\u00e9gorie Superstock (FIM Endurance World Cup) avec l\u2019\u00e9quipe Tecmas MRP BMW Racing Team, Foray revient \u00e0 40 ans, en cat\u00e9gorie EWC.<\/p><p>\u00a0<\/p><p>Champion de France de Superbike \u00e0 quatre reprises, Foray a d\u00e9j\u00e0 fait \u00e9quipe avec Checa au GMT94 Yamaha lorsqu\u2019ils ont remport\u00e9 le Championnat du Monde d&rsquo;Endurance FIM 2014.<\/p>\t\t\t\t\t\t<\/div>\n\t\t\t\t<\/div>\n\t\t\t\t<div class=\"elementor-element elementor-element-f6fd11a elementor-widget elementor-widget-text-editor\" data-id=\"f6fd11a\" data-element_type=\"widget\" data-widget_type=\"text-editor.default\">\n\t\t\t\t<div class=\"elementor-widget-container\">\n\t\t\t\t\t\t\t<p>Foray, 40, steps up from the Superstock-based FIM Endurance World Cup having competed for Tecmas MRP BMW Racing Team for the past two seasons.\u00a0<\/p><p>\u00a0<\/p><p>A French Superbike champion on four occasions, Foray was team-mate to Checa at GMT94 Yamaha when it won the 2014 FIM Endurance World Championship for Teams.\u00a0<\/p>\t\t\t\t\t\t<\/div>\n\t\t\t\t<\/div>\n\t\t\t\t\t<\/div>\n\t\t<\/div>\n\t\t\t\t<div class=\"elementor-column elementor-col-50 elementor-inner-column elementor-element elementor-element-c961c1e\" data-id=\"c961c1e\" data-element_type=\"column\">\n\t\t\t<div class=\"elementor-widget-wrap elementor-element-populated\">\n\t\t\t\t\t\t\t\t<div class=\"elementor-element elementor-element-4a50972 elementor-widget elementor-widget-image\" data-id=\"4a50972\" data-element_type=\"widget\" data-widget_type=\"image.default\">\n\t\t\t\t<div class=\"elementor-widget-container\">\n\t\t\t\t\t\t\t\t\t\t\t\t\t\t\t<img loading=\"lazy\" decoding=\"async\" width=\"1024\" height=\"895\" src=\"https:\/\/www.spamotos.com\/wp-content\/uploads\/2025\/02\/475425376_18489877666016647_5057420704380670007_n-1024x895.jpg\" class=\"attachment-large size-large\" alt=\"\" srcset=\"https:\/\/www.spamotos.com\/wp-content\/uploads\/2025\/02\/475425376_18489877666016647_5057420704380670007_n-1024x895.jpg 1024w, https:\/\/www.spamotos.com\/wp-content\/uploads\/2025\/02\/475425376_18489877666016647_5057420704380670007_n-300x262.jpg 300w, https:\/\/www.spamotos.com\/wp-content\/uploads\/2025\/02\/475425376_18489877666016647_5057420704380670007_n-768x671.jpg 768w, https:\/\/www.spamotos.com\/wp-content\/uploads\/2025\/02\/475425376_18489877666016647_5057420704380670007_n.jpg 1440w\" sizes=\"(max-width: 1024px) 100vw, 1024px\" \/>\t\t\t\t\t\t\t\t\t\t\t\t\t\t\t<\/div>\n\t\t\t\t<\/div>\n\t\t\t\t\t<\/div>\n\t\t<\/div>\n\t\t\t\t\t\t\t<\/div>\n\t\t<\/section>\n\t\t\t\t\t<\/div>\n\t\t<\/div>\n\t\t\t\t\t\t\t<\/div>\n\t\t<\/section>\n\t\t\t\t<section class=\"elementor-section elementor-top-section elementor-element elementor-element-4bca9bc elementor-reverse-tablet elementor-reverse-mobile elementor-section-boxed elementor-section-height-default elementor-section-height-default\" data-id=\"4bca9bc\" data-element_type=\"section\">\n\t\t\t\t\t\t<div class=\"elementor-container elementor-column-gap-default\">\n\t\t\t\t\t<div class=\"elementor-column elementor-col-100 elementor-top-column elementor-element elementor-element-6eed1da\" data-id=\"6eed1da\" data-element_type=\"column\">\n\t\t\t<div class=\"elementor-widget-wrap elementor-element-populated\">\n\t\t\t\t\t\t\t\t<section class=\"elementor-section elementor-inner-section elementor-element elementor-element-2563f4c elementor-section-content-middle elementor-reverse-tablet elementor-reverse-mobile elementor-section-boxed elementor-section-height-default elementor-section-height-default\" data-id=\"2563f4c\" data-element_type=\"section\">\n\t\t\t\t\t\t<div class=\"elementor-container elementor-column-gap-default\">\n\t\t\t\t\t<div class=\"elementor-column elementor-col-50 elementor-inner-column elementor-element elementor-element-d44ba5b\" data-id=\"d44ba5b\" data-element_type=\"column\">\n\t\t\t<div class=\"elementor-widget-wrap elementor-element-populated\">\n\t\t\t\t\t\t\t\t<div class=\"elementor-element elementor-element-4202323 elementor-widget elementor-widget-image\" data-id=\"4202323\" data-element_type=\"widget\" data-widget_type=\"image.default\">\n\t\t\t\t<div class=\"elementor-widget-container\">\n\t\t\t\t\t\t\t\t\t\t\t\t\t\t\t<img loading=\"lazy\" decoding=\"async\" width=\"552\" height=\"510\" src=\"https:\/\/www.spamotos.com\/wp-content\/uploads\/2025\/02\/474591638_1205088011079048_1515712612129683578_n.jpg\" class=\"attachment-large size-large\" alt=\"\" srcset=\"https:\/\/www.spamotos.com\/wp-content\/uploads\/2025\/02\/474591638_1205088011079048_1515712612129683578_n.jpg 552w, https:\/\/www.spamotos.com\/wp-content\/uploads\/2025\/02\/474591638_1205088011079048_1515712612129683578_n-300x277.jpg 300w\" sizes=\"(max-width: 552px) 100vw, 552px\" \/>\t\t\t\t\t\t\t\t\t\t\t\t\t\t\t<\/div>\n\t\t\t\t<\/div>\n\t\t\t\t\t<\/div>\n\t\t<\/div>\n\t\t\t\t<div class=\"elementor-column elementor-col-50 elementor-inner-column elementor-element elementor-element-2c367db\" data-id=\"2c367db\" data-element_type=\"column\">\n\t\t\t<div class=\"elementor-widget-wrap elementor-element-populated\">\n\t\t\t\t\t\t\t\t<div class=\"elementor-element elementor-element-009378a elementor-widget elementor-widget-heading\" data-id=\"009378a\" data-element_type=\"widget\" data-widget_type=\"heading.default\">\n\t\t\t\t<div class=\"elementor-widget-container\">\n\t\t\t<h2 class=\"elementor-heading-title elementor-size-default\">david checa<\/h2>\t\t<\/div>\n\t\t\t\t<\/div>\n\t\t\t\t<div class=\"elementor-element elementor-element-65d130a elementor-widget elementor-widget-text-editor\" data-id=\"65d130a\" data-element_type=\"widget\" data-widget_type=\"text-editor.default\">\n\t\t\t\t<div class=\"elementor-widget-container\">\n\t\t\t\t\t\t\t<p>Pilote moto espagnol reconnu pour ses succ\u00e8s en endurance, il a remport\u00e9 plusieurs titres prestigieux, dont le Championnat du Monde d&rsquo;Endurance FIM \u00e0 plusieurs reprises, et les 24 Heures du Mans Moto. Son expertise et sa constance en font l&rsquo;un des pilotes les plus respect\u00e9s de la discipline.<\/p>\t\t\t\t\t\t<\/div>\n\t\t\t\t<\/div>\n\t\t\t\t<div class=\"elementor-element elementor-element-60f7bd4 elementor-widget elementor-widget-text-editor\" data-id=\"60f7bd4\" data-element_type=\"widget\" data-widget_type=\"text-editor.default\">\n\t\t\t\t<div class=\"elementor-widget-container\">\n\t\t\t\t\t\t\t<div><div><div><div><div>Spanish rider known for his success in endurance racing, he has won several prestigious titles, including multiple FIM Endurance World Championships and the 24 Hours of Le Mans Moto. His expertise and consistency make him one of the most respected riders in the discipline.<\/div><\/div><\/div><\/div><\/div>\t\t\t\t\t\t<\/div>\n\t\t\t\t<\/div>\n\t\t\t\t\t<\/div>\n\t\t<\/div>\n\t\t\t\t\t\t\t<\/div>\n\t\t<\/section>\n\t\t\t\t\t<\/div>\n\t\t<\/div>\n\t\t\t\t\t\t\t<\/div>\n\t\t<\/section>\n\t\t\t\t<section class=\"elementor-section elementor-top-section elementor-element elementor-element-662d8a2 elementor-section-boxed elementor-section-height-default elementor-section-height-default\" data-id=\"662d8a2\" data-element_type=\"section\">\n\t\t\t\t\t\t<div class=\"elementor-container elementor-column-gap-default\">\n\t\t\t\t\t<div class=\"elementor-column elementor-col-100 elementor-top-column elementor-element elementor-element-4b29473\" data-id=\"4b29473\" data-element_type=\"column\">\n\t\t\t<div class=\"elementor-widget-wrap elementor-element-populated\">\n\t\t\t\t\t\t\t\t<section class=\"elementor-section elementor-inner-section elementor-element elementor-element-072df37 elementor-section-content-middle elementor-section-boxed elementor-section-height-default elementor-section-height-default\" data-id=\"072df37\" data-element_type=\"section\">\n\t\t\t\t\t\t<div class=\"elementor-container elementor-column-gap-default\">\n\t\t\t\t\t<div class=\"elementor-column elementor-col-50 elementor-inner-column elementor-element elementor-element-5dfc6d7\" data-id=\"5dfc6d7\" data-element_type=\"column\">\n\t\t\t<div class=\"elementor-widget-wrap elementor-element-populated\">\n\t\t\t\t\t\t\t\t<div class=\"elementor-element elementor-element-2734f54 elementor-widget elementor-widget-heading\" data-id=\"2734f54\" data-element_type=\"widget\" data-widget_type=\"heading.default\">\n\t\t\t\t<div class=\"elementor-widget-container\">\n\t\t\t<h2 class=\"elementor-heading-title elementor-size-default\">Julian Puffe<\/h2>\t\t<\/div>\n\t\t\t\t<\/div>\n\t\t\t\t<div class=\"elementor-element elementor-element-58ed596 elementor-widget elementor-widget-text-editor\" data-id=\"58ed596\" data-element_type=\"widget\" data-widget_type=\"text-editor.default\">\n\t\t\t\t<div class=\"elementor-widget-container\">\n\t\t\t\t\t\t\t<p>Pilote allemand sp\u00e9cialis\u00e9 en Superbike et en endurance. Il a d\u00e9but\u00e9 en comp\u00e9tition en 2009 et a progress\u00e9 dans diff\u00e9rentes cat\u00e9gories, notamment l\u2019ADAC Junior Cup et le championnat d\u2019Europe Superstock 600 et 1000.<\/p><p>En endurance, il a remport\u00e9 les 8 Heures du Slovakiaring et le Bol d&rsquo;Or en cat\u00e9gorie Superstock. Il a \u00e9galement fait partie de l\u2019\u00e9quipe officielle BMW Motorrad World Endurance Team en Championnat du Monde d\u2019Endurance (EWC).<\/p>\t\t\t\t\t\t<\/div>\n\t\t\t\t<\/div>\n\t\t\t\t<div class=\"elementor-element elementor-element-8878e2e elementor-widget elementor-widget-text-editor\" data-id=\"8878e2e\" data-element_type=\"widget\" data-widget_type=\"text-editor.default\">\n\t\t\t\t<div class=\"elementor-widget-container\">\n\t\t\t\t\t\t\t<div class=\"flex max-w-full flex-col flex-grow\"><div class=\"min-h-8 text-message flex w-full flex-col items-end gap-2 whitespace-normal break-words text-start [.text-message+&amp;]:mt-5\" dir=\"auto\" data-message-author-role=\"assistant\" data-message-id=\"cb304aa3-9487-4d7a-b13a-b634d6465612\" data-message-model-slug=\"gpt-4o\"><div class=\"flex w-full flex-col gap-1 empty:hidden first:pt-[3px]\"><div class=\"markdown prose w-full break-words dark:prose-invert light\"><p>German rider specializing in Superbike and endurance racing. He started his racing career in 2009 and progressed through various categories, including the ADAC Junior Cup and the European Superstock 600 and 1000 championships.<\/p><p>In endurance racing, he won the 8 Hours of Slovakiaring and the Bol d&rsquo;Or in the Superstock category. He has also been part of the official BMW Motorrad World Endurance Team in the FIM Endurance World Championship (EWC).<\/p><\/div><\/div><\/div><\/div>\t\t\t\t\t\t<\/div>\n\t\t\t\t<\/div>\n\t\t\t\t\t<\/div>\n\t\t<\/div>\n\t\t\t\t<div class=\"elementor-column elementor-col-50 elementor-inner-column elementor-element elementor-element-cd3e29b\" data-id=\"cd3e29b\" data-element_type=\"column\">\n\t\t\t<div class=\"elementor-widget-wrap elementor-element-populated\">\n\t\t\t\t\t\t\t\t<div class=\"elementor-element elementor-element-67d3a27 elementor-widget elementor-widget-image\" data-id=\"67d3a27\" data-element_type=\"widget\" data-widget_type=\"image.default\">\n\t\t\t\t<div class=\"elementor-widget-container\">\n\t\t\t\t\t\t\t\t\t\t\t\t\t\t\t<img loading=\"lazy\" decoding=\"async\" width=\"1024\" height=\"683\" src=\"https:\/\/www.spamotos.com\/wp-content\/uploads\/2025\/02\/475462576_1105384084933622_3378744547766890922_n-1024x683.jpg\" class=\"attachment-large size-large\" alt=\"\" \/>\t\t\t\t\t\t\t\t\t\t\t\t\t\t\t<\/div>\n\t\t\t\t<\/div>\n\t\t\t\t\t<\/div>\n\t\t<\/div>\n\t\t\t\t\t\t\t<\/div>\n\t\t<\/section>\n\t\t\t\t\t<\/div>\n\t\t<\/div>\n\t\t\t\t\t\t\t<\/div>\n\t\t<\/section>\n\t\t\t\t<section class=\"elementor-section elementor-top-section elementor-element elementor-element-4e64ee8 elementor-reverse-tablet elementor-reverse-mobile elementor-section-boxed elementor-section-height-default elementor-section-height-default\" data-id=\"4e64ee8\" data-element_type=\"section\">\n\t\t\t\t\t\t<div class=\"elementor-container elementor-column-gap-default\">\n\t\t\t\t\t<div class=\"elementor-column elementor-col-100 elementor-top-column elementor-element elementor-element-c92a854\" data-id=\"c92a854\" data-element_type=\"column\">\n\t\t\t<div class=\"elementor-widget-wrap elementor-element-populated\">\n\t\t\t\t\t\t\t\t<section class=\"elementor-section elementor-inner-section elementor-element elementor-element-35d1f56 elementor-section-content-middle elementor-reverse-tablet elementor-reverse-mobile elementor-section-boxed elementor-section-height-default elementor-section-height-default\" data-id=\"35d1f56\" data-element_type=\"section\">\n\t\t\t\t\t\t<div class=\"elementor-container elementor-column-gap-default\">\n\t\t\t\t\t<div class=\"elementor-column elementor-col-50 elementor-inner-column elementor-element elementor-element-c45e0e7\" data-id=\"c45e0e7\" data-element_type=\"column\">\n\t\t\t<div class=\"elementor-widget-wrap elementor-element-populated\">\n\t\t\t\t\t\t\t\t<div class=\"elementor-element elementor-element-73f59f6 elementor-widget elementor-widget-image\" data-id=\"73f59f6\" data-element_type=\"widget\" data-widget_type=\"image.default\">\n\t\t\t\t<div class=\"elementor-widget-container\">\n\t\t\t\t\t\t\t\t\t\t\t\t\t\t\t<img loading=\"lazy\" decoding=\"async\" width=\"869\" height=\"805\" src=\"https:\/\/www.spamotos.com\/wp-content\/uploads\/2025\/02\/Capture-decran-2025-02-06-120841.png\" class=\"attachment-large size-large\" alt=\"\" srcset=\"https:\/\/www.spamotos.com\/wp-content\/uploads\/2025\/02\/Capture-decran-2025-02-06-120841.png 869w, https:\/\/www.spamotos.com\/wp-content\/uploads\/2025\/02\/Capture-decran-2025-02-06-120841-300x278.png 300w, https:\/\/www.spamotos.com\/wp-content\/uploads\/2025\/02\/Capture-decran-2025-02-06-120841-768x711.png 768w\" sizes=\"(max-width: 869px) 100vw, 869px\" \/>\t\t\t\t\t\t\t\t\t\t\t\t\t\t\t<\/div>\n\t\t\t\t<\/div>\n\t\t\t\t\t<\/div>\n\t\t<\/div>\n\t\t\t\t<div class=\"elementor-column elementor-col-50 elementor-inner-column elementor-element elementor-element-3a9bd1f\" data-id=\"3a9bd1f\" data-element_type=\"column\">\n\t\t\t<div class=\"elementor-widget-wrap elementor-element-populated\">\n\t\t\t\t\t\t\t\t<div class=\"elementor-element elementor-element-3a3ca79 elementor-widget elementor-widget-heading\" data-id=\"3a3ca79\" data-element_type=\"widget\" data-widget_type=\"heading.default\">\n\t\t\t\t<div class=\"elementor-widget-container\">\n\t\t\t<h2 class=\"elementor-heading-title elementor-size-default\">Illya Mykhalchyk<\/h2>\t\t<\/div>\n\t\t\t\t<\/div>\n\t\t\t\t<div class=\"elementor-element elementor-element-fc8ad00 elementor-widget elementor-widget-text-editor\" data-id=\"fc8ad00\" data-element_type=\"widget\" data-widget_type=\"text-editor.default\">\n\t\t\t\t<div class=\"elementor-widget-container\">\n\t\t\t\t\t\t\t<p>Pilote ukrainien sp\u00e9cialis\u00e9 en endurance. Il a connu du succ\u00e8s dans le Championnat du Monde d&rsquo;Endurance FIM (EWC), o\u00f9 il a notamment remport\u00e9 des courses aux c\u00f4t\u00e9s de l&rsquo;\u00e9quipe officielle BMW Motorrad. Mikhalchik est reconnu pour sa rapidit\u00e9 et ses performances constantes sur la sc\u00e8ne internationale.<\/p>\t\t\t\t\t\t<\/div>\n\t\t\t\t<\/div>\n\t\t\t\t<div class=\"elementor-element elementor-element-cb86d99 elementor-widget elementor-widget-text-editor\" data-id=\"cb86d99\" data-element_type=\"widget\" data-widget_type=\"text-editor.default\">\n\t\t\t\t<div class=\"elementor-widget-container\">\n\t\t\t\t\t\t\t<p>Ukrainian rider specializing in endurance racing. He has found success in the FIM Endurance World Championship (EWC), where he has won races alongside the official BMW Motorrad team. Mikhalchik is known for his speed and consistent performances on the international stage.<\/p>\t\t\t\t\t\t<\/div>\n\t\t\t\t<\/div>\n\t\t\t\t\t<\/div>\n\t\t<\/div>\n\t\t\t\t\t\t\t<\/div>\n\t\t<\/section>\n\t\t\t\t\t<\/div>\n\t\t<\/div>\n\t\t\t\t\t\t\t<\/div>\n\t\t<\/section>\n\t\t\t\t\t\t\t<\/div>\n\t\t","protected":false},"excerpt":{"rendered":"<p>Xavi For\u00e9s troquera la qu\u00eate du succ\u00e8s en Championnat du Monde d&rsquo;Endurance FIM sur la piste pour un r\u00f4le en dehors, alors que l&rsquo;\u00e9quipe ERC Endurance d&rsquo;Uwe Reinhardt fait son retour en EWC en 2025. \u00a0 Ancien pilote du World Superbike, For\u00e9s, qui a couru pour ERC Endurance en EWC entre 2022 et 2023, a [&hellip;]<\/p>\n","protected":false},"author":1,"featured_media":9431,"comment_status":"closed","ping_status":"open","sticky":false,"template":"","format":"standard","meta":{"footnotes":""},"categories":[58,51],"tags":[],"acf":[],"yoast_head":"<!-- This site is optimized with the Yoast SEO plugin v21.6 - https:\/\/yoast.com\/wordpress\/plugins\/seo\/ -->\n<title>Le team ERC de retour en EWC - 8h SPA Motos<\/title>\n<meta name=\"robots\" content=\"index, follow, max-snippet:-1, max-image-preview:large, max-video-preview:-1\" \/>\n<link rel=\"canonical\" href=\"https:\/\/www.spamotos.com\/fr\/le-team-erc-de-retour-en-ewc\/\" \/>\n<meta property=\"og:locale\" content=\"fr_FR\" \/>\n<meta property=\"og:type\" content=\"article\" \/>\n<meta property=\"og:title\" content=\"Le team ERC de retour en EWC - 8h SPA Motos\" \/>\n<meta property=\"og:description\" content=\"Xavi For\u00e9s troquera la qu\u00eate du succ\u00e8s en Championnat du Monde d&rsquo;Endurance FIM sur la piste pour un r\u00f4le en dehors, alors que l&rsquo;\u00e9quipe ERC Endurance d&rsquo;Uwe Reinhardt fait son retour en EWC en 2025. \u00a0 Ancien pilote du World Superbike, For\u00e9s, qui a couru pour ERC Endurance en EWC entre 2022 et 2023, a [&hellip;]\" \/>\n<meta property=\"og:url\" content=\"https:\/\/www.spamotos.com\/fr\/le-team-erc-de-retour-en-ewc\/\" \/>\n<meta property=\"og:site_name\" content=\"8h SPA Motos\" \/>\n<meta property=\"article:publisher\" content=\"https:\/\/www.facebook.com\/24hspamotos\" \/>\n<meta property=\"article:published_time\" content=\"2025-02-07T16:43:49+00:00\" \/>\n<meta property=\"article:modified_time\" content=\"2026-03-05T14:54:45+00:00\" \/>\n<meta property=\"og:image\" content=\"https:\/\/www.spamotos.com\/wp-content\/uploads\/2025\/02\/ERC-BMW-Endurance-Team-BMW-M-1000-RR-large.webp\" \/>\n\t<meta property=\"og:image:width\" content=\"1024\" \/>\n\t<meta property=\"og:image:height\" content=\"683\" \/>\n\t<meta property=\"og:image:type\" content=\"image\/webp\" \/>\n<meta name=\"author\" content=\"Administrateur\" \/>\n<meta name=\"twitter:card\" content=\"summary_large_image\" \/>\n<meta name=\"twitter:creator\" content=\"@24hspamotos\" \/>\n<meta name=\"twitter:site\" content=\"@24hspamotos\" \/>\n<script type=\"application\/ld+json\" class=\"yoast-schema-graph\">{\"@context\":\"https:\/\/schema.org\",\"@graph\":[{\"@type\":\"Article\",\"@id\":\"https:\/\/www.spamotos.com\/fr\/le-team-erc-de-retour-en-ewc\/#article\",\"isPartOf\":{\"@id\":\"https:\/\/www.spamotos.com\/fr\/le-team-erc-de-retour-en-ewc\/\"},\"author\":{\"name\":\"Administrateur\",\"@id\":\"https:\/\/www.spamotos.com\/fr\/#\/schema\/person\/6c5133ba53ed7caade8af07521ce45ce\"},\"headline\":\"Le team ERC de retour en EWC\",\"datePublished\":\"2025-02-07T16:43:49+00:00\",\"dateModified\":\"2026-03-05T14:54:45+00:00\",\"mainEntityOfPage\":{\"@id\":\"https:\/\/www.spamotos.com\/fr\/le-team-erc-de-retour-en-ewc\/\"},\"wordCount\":1044,\"publisher\":{\"@id\":\"https:\/\/www.spamotos.com\/fr\/#organization\"},\"articleSection\":[\"Actualit\u00e9s Teams\",\"SAISON 2025\"],\"inLanguage\":\"fr-FR\"},{\"@type\":\"WebPage\",\"@id\":\"https:\/\/www.spamotos.com\/fr\/le-team-erc-de-retour-en-ewc\/\",\"url\":\"https:\/\/www.spamotos.com\/fr\/le-team-erc-de-retour-en-ewc\/\",\"name\":\"Le team ERC de retour en EWC - 8h SPA Motos\",\"isPartOf\":{\"@id\":\"https:\/\/www.spamotos.com\/fr\/#website\"},\"datePublished\":\"2025-02-07T16:43:49+00:00\",\"dateModified\":\"2026-03-05T14:54:45+00:00\",\"breadcrumb\":{\"@id\":\"https:\/\/www.spamotos.com\/fr\/le-team-erc-de-retour-en-ewc\/#breadcrumb\"},\"inLanguage\":\"fr-FR\",\"potentialAction\":[{\"@type\":\"ReadAction\",\"target\":[\"https:\/\/www.spamotos.com\/fr\/le-team-erc-de-retour-en-ewc\/\"]}]},{\"@type\":\"BreadcrumbList\",\"@id\":\"https:\/\/www.spamotos.com\/fr\/le-team-erc-de-retour-en-ewc\/#breadcrumb\",\"itemListElement\":[{\"@type\":\"ListItem\",\"position\":1,\"name\":\"Accueil\",\"item\":\"https:\/\/www.spamotos.com\/fr\/\"},{\"@type\":\"ListItem\",\"position\":2,\"name\":\"Le team ERC de retour en EWC\"}]},{\"@type\":\"WebSite\",\"@id\":\"https:\/\/www.spamotos.com\/fr\/#website\",\"url\":\"https:\/\/www.spamotos.com\/fr\/\",\"name\":\"8h SPA Motos\",\"description\":\"Un site utilisant WordPress\",\"publisher\":{\"@id\":\"https:\/\/www.spamotos.com\/fr\/#organization\"},\"potentialAction\":[{\"@type\":\"SearchAction\",\"target\":{\"@type\":\"EntryPoint\",\"urlTemplate\":\"https:\/\/www.spamotos.com\/fr\/?s={search_term_string}\"},\"query-input\":\"required name=search_term_string\"}],\"inLanguage\":\"fr-FR\"},{\"@type\":\"Organization\",\"@id\":\"https:\/\/www.spamotos.com\/fr\/#organization\",\"name\":\"8h SPA Motos\",\"url\":\"https:\/\/www.spamotos.com\/fr\/\",\"logo\":{\"@type\":\"ImageObject\",\"inLanguage\":\"fr-FR\",\"@id\":\"https:\/\/www.spamotos.com\/fr\/#\/schema\/logo\/image\/\",\"url\":\"https:\/\/www.spamotos.com\/wp-content\/uploads\/2023\/11\/cropped-8Hours-Positif-test-2.png\",\"contentUrl\":\"https:\/\/www.spamotos.com\/wp-content\/uploads\/2023\/11\/cropped-8Hours-Positif-test-2.png\",\"width\":443,\"height\":200,\"caption\":\"8h SPA Motos\"},\"image\":{\"@id\":\"https:\/\/www.spamotos.com\/fr\/#\/schema\/logo\/image\/\"},\"sameAs\":[\"https:\/\/www.facebook.com\/24hspamotos\",\"https:\/\/twitter.com\/24hspamotos\",\"https:\/\/www.instagram.com\/24hspamotos\",\"https:\/\/www.tiktok.com\/@24hspamotos\"]},{\"@type\":\"Person\",\"@id\":\"https:\/\/www.spamotos.com\/fr\/#\/schema\/person\/6c5133ba53ed7caade8af07521ce45ce\",\"name\":\"Administrateur\",\"sameAs\":[\"https:\/\/www.spamotos.com\/wp-cms\"]}]}<\/script>\n<!-- \/ Yoast SEO plugin. -->","yoast_head_json":{"title":"Le team ERC de retour en EWC - 8h SPA Motos","robots":{"index":"index","follow":"follow","max-snippet":"max-snippet:-1","max-image-preview":"max-image-preview:large","max-video-preview":"max-video-preview:-1"},"canonical":"https:\/\/www.spamotos.com\/fr\/le-team-erc-de-retour-en-ewc\/","og_locale":"fr_FR","og_type":"article","og_title":"Le team ERC de retour en EWC - 8h SPA Motos","og_description":"Xavi For\u00e9s troquera la qu\u00eate du succ\u00e8s en Championnat du Monde d&rsquo;Endurance FIM sur la piste pour un r\u00f4le en dehors, alors que l&rsquo;\u00e9quipe ERC Endurance d&rsquo;Uwe Reinhardt fait son retour en EWC en 2025. \u00a0 Ancien pilote du World Superbike, For\u00e9s, qui a couru pour ERC Endurance en EWC entre 2022 et 2023, a [&hellip;]","og_url":"https:\/\/www.spamotos.com\/fr\/le-team-erc-de-retour-en-ewc\/","og_site_name":"8h SPA Motos","article_publisher":"https:\/\/www.facebook.com\/24hspamotos","article_published_time":"2025-02-07T16:43:49+00:00","article_modified_time":"2026-03-05T14:54:45+00:00","og_image":[{"width":1024,"height":683,"url":"https:\/\/www.spamotos.com\/wp-content\/uploads\/2025\/02\/ERC-BMW-Endurance-Team-BMW-M-1000-RR-large.webp","type":"image\/webp"}],"author":"Administrateur","twitter_card":"summary_large_image","twitter_creator":"@24hspamotos","twitter_site":"@24hspamotos","schema":{"@context":"https:\/\/schema.org","@graph":[{"@type":"Article","@id":"https:\/\/www.spamotos.com\/fr\/le-team-erc-de-retour-en-ewc\/#article","isPartOf":{"@id":"https:\/\/www.spamotos.com\/fr\/le-team-erc-de-retour-en-ewc\/"},"author":{"name":"Administrateur","@id":"https:\/\/www.spamotos.com\/fr\/#\/schema\/person\/6c5133ba53ed7caade8af07521ce45ce"},"headline":"Le team ERC de retour en EWC","datePublished":"2025-02-07T16:43:49+00:00","dateModified":"2026-03-05T14:54:45+00:00","mainEntityOfPage":{"@id":"https:\/\/www.spamotos.com\/fr\/le-team-erc-de-retour-en-ewc\/"},"wordCount":1044,"publisher":{"@id":"https:\/\/www.spamotos.com\/fr\/#organization"},"articleSection":["Actualit\u00e9s Teams","SAISON 2025"],"inLanguage":"fr-FR"},{"@type":"WebPage","@id":"https:\/\/www.spamotos.com\/fr\/le-team-erc-de-retour-en-ewc\/","url":"https:\/\/www.spamotos.com\/fr\/le-team-erc-de-retour-en-ewc\/","name":"Le team ERC de retour en EWC - 8h SPA Motos","isPartOf":{"@id":"https:\/\/www.spamotos.com\/fr\/#website"},"datePublished":"2025-02-07T16:43:49+00:00","dateModified":"2026-03-05T14:54:45+00:00","breadcrumb":{"@id":"https:\/\/www.spamotos.com\/fr\/le-team-erc-de-retour-en-ewc\/#breadcrumb"},"inLanguage":"fr-FR","potentialAction":[{"@type":"ReadAction","target":["https:\/\/www.spamotos.com\/fr\/le-team-erc-de-retour-en-ewc\/"]}]},{"@type":"BreadcrumbList","@id":"https:\/\/www.spamotos.com\/fr\/le-team-erc-de-retour-en-ewc\/#breadcrumb","itemListElement":[{"@type":"ListItem","position":1,"name":"Accueil","item":"https:\/\/www.spamotos.com\/fr\/"},{"@type":"ListItem","position":2,"name":"Le team ERC de retour en EWC"}]},{"@type":"WebSite","@id":"https:\/\/www.spamotos.com\/fr\/#website","url":"https:\/\/www.spamotos.com\/fr\/","name":"8h SPA Motos","description":"Un site utilisant WordPress","publisher":{"@id":"https:\/\/www.spamotos.com\/fr\/#organization"},"potentialAction":[{"@type":"SearchAction","target":{"@type":"EntryPoint","urlTemplate":"https:\/\/www.spamotos.com\/fr\/?s={search_term_string}"},"query-input":"required name=search_term_string"}],"inLanguage":"fr-FR"},{"@type":"Organization","@id":"https:\/\/www.spamotos.com\/fr\/#organization","name":"8h SPA Motos","url":"https:\/\/www.spamotos.com\/fr\/","logo":{"@type":"ImageObject","inLanguage":"fr-FR","@id":"https:\/\/www.spamotos.com\/fr\/#\/schema\/logo\/image\/","url":"https:\/\/www.spamotos.com\/wp-content\/uploads\/2023\/11\/cropped-8Hours-Positif-test-2.png","contentUrl":"https:\/\/www.spamotos.com\/wp-content\/uploads\/2023\/11\/cropped-8Hours-Positif-test-2.png","width":443,"height":200,"caption":"8h SPA Motos"},"image":{"@id":"https:\/\/www.spamotos.com\/fr\/#\/schema\/logo\/image\/"},"sameAs":["https:\/\/www.facebook.com\/24hspamotos","https:\/\/twitter.com\/24hspamotos","https:\/\/www.instagram.com\/24hspamotos","https:\/\/www.tiktok.com\/@24hspamotos"]},{"@type":"Person","@id":"https:\/\/www.spamotos.com\/fr\/#\/schema\/person\/6c5133ba53ed7caade8af07521ce45ce","name":"Administrateur","sameAs":["https:\/\/www.spamotos.com\/wp-cms"]}]}},"_links":{"self":[{"href":"https:\/\/www.spamotos.com\/fr\/wp-json\/wp\/v2\/posts\/9425"}],"collection":[{"href":"https:\/\/www.spamotos.com\/fr\/wp-json\/wp\/v2\/posts"}],"about":[{"href":"https:\/\/www.spamotos.com\/fr\/wp-json\/wp\/v2\/types\/post"}],"author":[{"embeddable":true,"href":"https:\/\/www.spamotos.com\/fr\/wp-json\/wp\/v2\/users\/1"}],"replies":[{"embeddable":true,"href":"https:\/\/www.spamotos.com\/fr\/wp-json\/wp\/v2\/comments?post=9425"}],"version-history":[{"count":24,"href":"https:\/\/www.spamotos.com\/fr\/wp-json\/wp\/v2\/posts\/9425\/revisions"}],"predecessor-version":[{"id":11300,"href":"https:\/\/www.spamotos.com\/fr\/wp-json\/wp\/v2\/posts\/9425\/revisions\/11300"}],"wp:featuredmedia":[{"embeddable":true,"href":"https:\/\/www.spamotos.com\/fr\/wp-json\/wp\/v2\/media\/9431"}],"wp:attachment":[{"href":"https:\/\/www.spamotos.com\/fr\/wp-json\/wp\/v2\/media?parent=9425"}],"wp:term":[{"taxonomy":"category","embeddable":true,"href":"https:\/\/www.spamotos.com\/fr\/wp-json\/wp\/v2\/categories?post=9425"},{"taxonomy":"post_tag","embeddable":true,"href":"https:\/\/www.spamotos.com\/fr\/wp-json\/wp\/v2\/tags?post=9425"}],"curies":[{"name":"wp","href":"https:\/\/api.w.org\/{rel}","templated":true}]}}