{"id":9642,"date":"2025-03-03T14:41:38","date_gmt":"2025-03-03T13:41:38","guid":{"rendered":"https:\/\/www.spamotos.com\/?p=9642"},"modified":"2026-03-05T15:57:31","modified_gmt":"2026-03-05T14:57:31","slug":"le-team-honda-national-motos-pret-pour-une-nouvelle-saison-en-endurance","status":"publish","type":"post","link":"https:\/\/www.spamotos.com\/fr\/le-team-honda-national-motos-pret-pour-une-nouvelle-saison-en-endurance\/","title":{"rendered":"Le Team Honda National Motos est pr\u00eat pour une nouvelle saison en endurance"},"content":{"rendered":"\t\t<div data-elementor-type=\"wp-post\" data-elementor-id=\"9642\" class=\"elementor elementor-9642\">\n\t\t\t\t\t\t\t\t\t<section class=\"elementor-section elementor-top-section elementor-element elementor-element-1af884c elementor-section-boxed elementor-section-height-default elementor-section-height-default\" data-id=\"1af884c\" data-element_type=\"section\">\n\t\t\t\t\t\t<div class=\"elementor-container elementor-column-gap-default\">\n\t\t\t\t\t<div class=\"elementor-column elementor-col-100 elementor-top-column elementor-element elementor-element-7fe9ccc\" data-id=\"7fe9ccc\" data-element_type=\"column\">\n\t\t\t<div class=\"elementor-widget-wrap elementor-element-populated\">\n\t\t\t\t\t\t\t\t<div class=\"elementor-element elementor-element-1cc0f20 elementor-widget elementor-widget-image\" data-id=\"1cc0f20\" data-element_type=\"widget\" data-widget_type=\"image.default\">\n\t\t\t\t<div class=\"elementor-widget-container\">\n\t\t\t<style>\/*! elementor - v3.8.1 - 13-11-2022 *\/\n.elementor-widget-image{text-align:center}.elementor-widget-image a{display:inline-block}.elementor-widget-image a img[src$=\".svg\"]{width:48px}.elementor-widget-image img{vertical-align:middle;display:inline-block}<\/style>\t\t\t\t\t\t\t\t\t\t\t\t<img loading=\"lazy\" decoding=\"async\" width=\"1024\" height=\"683\" src=\"https:\/\/www.spamotos.com\/wp-content\/uploads\/2025\/03\/482399796_18148439911367817_1037089320109341498_n-large.webp\" class=\"attachment-large size-large\" alt=\"\" srcset=\"https:\/\/www.spamotos.com\/wp-content\/uploads\/2025\/03\/482399796_18148439911367817_1037089320109341498_n-large.webp 1024w, https:\/\/www.spamotos.com\/wp-content\/uploads\/2025\/03\/482399796_18148439911367817_1037089320109341498_n-large-300x200.webp 300w, https:\/\/www.spamotos.com\/wp-content\/uploads\/2025\/03\/482399796_18148439911367817_1037089320109341498_n-large-768x512.webp 768w\" sizes=\"(max-width: 1024px) 100vw, 1024px\" \/>\t\t\t\t\t\t\t\t\t\t\t\t\t\t\t<\/div>\n\t\t\t\t<\/div>\n\t\t\t\t\t<\/div>\n\t\t<\/div>\n\t\t\t\t\t\t\t<\/div>\n\t\t<\/section>\n\t\t\t\t<section class=\"elementor-section elementor-top-section elementor-element elementor-element-3ed1856 elementor-section-boxed elementor-section-height-default elementor-section-height-default\" data-id=\"3ed1856\" data-element_type=\"section\">\n\t\t\t\t\t\t<div class=\"elementor-container elementor-column-gap-default\">\n\t\t\t\t\t<div class=\"elementor-column elementor-col-100 elementor-top-column elementor-element elementor-element-fa13d7e\" data-id=\"fa13d7e\" data-element_type=\"column\">\n\t\t\t<div class=\"elementor-widget-wrap elementor-element-populated\">\n\t\t\t\t\t\t\t\t<div class=\"elementor-element elementor-element-de73a83 elementor-widget elementor-widget-text-editor\" data-id=\"de73a83\" data-element_type=\"widget\" data-widget_type=\"text-editor.default\">\n\t\t\t\t<div class=\"elementor-widget-container\">\n\t\t\t<style>\/*! elementor - v3.8.1 - 13-11-2022 *\/\n.elementor-widget-text-editor.elementor-drop-cap-view-stacked .elementor-drop-cap{background-color:#818a91;color:#fff}.elementor-widget-text-editor.elementor-drop-cap-view-framed .elementor-drop-cap{color:#818a91;border:3px solid;background-color:transparent}.elementor-widget-text-editor:not(.elementor-drop-cap-view-default) .elementor-drop-cap{margin-top:8px}.elementor-widget-text-editor:not(.elementor-drop-cap-view-default) .elementor-drop-cap-letter{width:1em;height:1em}.elementor-widget-text-editor .elementor-drop-cap{float:left;text-align:center;line-height:1;font-size:50px}.elementor-widget-text-editor .elementor-drop-cap-letter{display:inline-block}<\/style>\t\t\t\t<p data-start=\"79\" data-end=\"525\">\u00c0 la conqu\u00eate d\u2019un deuxi\u00e8me titre cons\u00e9cutif en Coupe du Monde FIM d\u2019Endurance, le Team Honda National Motos #55 poursuit son ascension au plus haut niveau de la cat\u00e9gorie Superstock. Apr\u00e8s une saison 2024 historique, marqu\u00e9e par une victoire aux 24 Heures du Mans, une deuxi\u00e8me place aux 8 Heures de Spa et une premi\u00e8re participation aux 8 Heures de Suzuka, l\u2019\u00e9quipe bas\u00e9e \u00e0 La D\u00e9fense (Paris) a d\u00e9croch\u00e9 son premier sacre mondial.<\/p>\n<p data-start=\"79\" data-end=\"525\">\n<\/p><p data-start=\"79\" data-end=\"525\"><span style=\"font-size: 0.875rem;\">Pour 2025, National Motos Honda renforce son effectif avec l\u2019arriv\u00e9e de <b>Johan Nigon<\/b>, qui rejoint <b>Guillaume Raymond <\/b>et <b>Valentin Suchet<\/b>, fr\u00e8re cadet de S\u00e9bastien Suchet, r\u00e9cemment retrait\u00e9. Toujours au guidon d\u2019une Honda CBR1000RR-R \u00e9quip\u00e9e de pneus Dunlop, l\u2019\u00e9quipe arborera fi\u00e8rement son embl\u00e9matique num\u00e9ro #55 et mettra tout en \u0153uvre pour d\u00e9fendre son titre sur les circuits du monde entier.<\/span><\/p>\t\t\t\t\t\t<\/div>\n\t\t\t\t<\/div>\n\t\t\t\t<div class=\"elementor-element elementor-element-4c6df8e elementor-widget elementor-widget-text-editor\" data-id=\"4c6df8e\" data-element_type=\"widget\" data-widget_type=\"text-editor.default\">\n\t\t\t\t<div class=\"elementor-widget-container\">\n\t\t\t\t\t\t\t<p data-start=\"0\" data-end=\"421\">Engaged in the quest for a second consecutive FIM Endurance World Cup title, the National Motos Honda #55 Team continues its rise to the highest level of the Superstock category. After a historic 2024 season, marked by a victory at the 24 Hours of Le Mans, a second-place finish at the 8 Hours of Spa, and a first participation in the 8 Hours of Suzuka, the team based in La D\u00e9fense (Paris) secured its first world title.<\/p><p data-start=\"0\" data-end=\"421\"><br><\/p>\n<p data-start=\"423\" data-end=\"795\" data-is-last-node=\"\" data-is-only-node=\"\">For 2025, National Motos Honda strengthens its lineup with the arrival of Johan Nigon, who joins Guillaume Raymond and Valentin Suchet, S\u00e9bastien Suchet&rsquo;s younger brother, who recently retired. Still riding a Honda CBR1000RR-R equipped with Dunlop tires, the team will proudly display its iconic #55 and will do everything to defend its title on circuits around the world.<\/p>\t\t\t\t\t\t<\/div>\n\t\t\t\t<\/div>\n\t\t\t\t<div class=\"elementor-element elementor-element-f3d227e elementor-widget elementor-widget-image\" data-id=\"f3d227e\" data-element_type=\"widget\" data-widget_type=\"image.default\">\n\t\t\t\t<div class=\"elementor-widget-container\">\n\t\t\t\t\t\t\t\t\t\t\t\t\t\t\t<img loading=\"lazy\" decoding=\"async\" width=\"1024\" height=\"682\" src=\"https:\/\/www.spamotos.com\/wp-content\/uploads\/2025\/03\/Guillaume-Raymond-large.jpeg\" class=\"attachment-large size-large\" alt=\"\" srcset=\"https:\/\/www.spamotos.com\/wp-content\/uploads\/2025\/03\/Guillaume-Raymond-large.jpeg 1024w, https:\/\/www.spamotos.com\/wp-content\/uploads\/2025\/03\/Guillaume-Raymond-large-300x200.jpeg 300w, https:\/\/www.spamotos.com\/wp-content\/uploads\/2025\/03\/Guillaume-Raymond-large-768x512.jpeg 768w\" sizes=\"(max-width: 1024px) 100vw, 1024px\" \/>\t\t\t\t\t\t\t\t\t\t\t\t\t\t\t<\/div>\n\t\t\t\t<\/div>\n\t\t\t\t\t<\/div>\n\t\t<\/div>\n\t\t\t\t\t\t\t<\/div>\n\t\t<\/section>\n\t\t\t\t<section class=\"elementor-section elementor-top-section elementor-element elementor-element-32bc125 elementor-section-boxed elementor-section-height-default elementor-section-height-default\" data-id=\"32bc125\" data-element_type=\"section\">\n\t\t\t\t\t\t<div class=\"elementor-container elementor-column-gap-default\">\n\t\t\t\t\t<div class=\"elementor-column elementor-col-100 elementor-top-column elementor-element elementor-element-56659d5\" data-id=\"56659d5\" data-element_type=\"column\">\n\t\t\t<div class=\"elementor-widget-wrap elementor-element-populated\">\n\t\t\t\t\t\t\t\t<section class=\"elementor-section elementor-inner-section elementor-element elementor-element-09268ad elementor-section-content-top elementor-section-boxed elementor-section-height-default elementor-section-height-default\" data-id=\"09268ad\" data-element_type=\"section\">\n\t\t\t\t\t\t<div class=\"elementor-container elementor-column-gap-default\">\n\t\t\t\t\t<div class=\"elementor-column elementor-col-33 elementor-inner-column elementor-element elementor-element-9c0d0b8\" data-id=\"9c0d0b8\" data-element_type=\"column\">\n\t\t\t<div class=\"elementor-widget-wrap elementor-element-populated\">\n\t\t\t\t\t\t\t\t<div class=\"elementor-element elementor-element-2c79957 elementor-widget elementor-widget-text-editor\" data-id=\"2c79957\" data-element_type=\"widget\" data-widget_type=\"text-editor.default\">\n\t\t\t\t<div class=\"elementor-widget-container\">\n\t\t\t\t\t\t\t<p><span style=\"font-size: 0.875rem;\"><b>St\u00e9phane Haddadj, Directeur Technique de <strong>National Motos Honda\u00a0<\/strong><\/b>, explique <\/span>:<\/p><p>\u00a0<\/p><p>\u00ab\u00a0<em>Nous sommes heureux d\u2019annoncer officiellement l\u2019engagement de National Motos Honda pour une nouvelle saison de comp\u00e9tition en EWC.<\/em><\/p><p><em>\u00a0<\/em><\/p><p><em>La saison 2024 a \u00e9t\u00e9 une ann\u00e9e incroyable, riche en podiums, avec une victoire aux 24 Heures Motos et une deuxi\u00e8me place aux 8 Heures de Spa Motos. Il y a \u00e9galement eu la nouveaut\u00e9 de notre premi\u00e8re participation aux 8 Heures de Suzuka. Enfin, il y a eu toutes les \u00e9motions qui ont conduit l\u2019\u00e9quipe \u00e0 son premier titre mondial en endurance.<\/em><\/p><p><em><br \/>Nous sommes fiers d\u2019accueillir<b> Johan Nigon<\/b> au sein de la structure National Motos Honda pour compl\u00e9ter l\u2019\u00e9quipage de la CBR1000 #55 aux c\u00f4t\u00e9s de <b>Valentin Suchet<\/b> et <b>Guillaume Raymond<\/b>.<\/em> \u00bb<\/p>\t\t\t\t\t\t<\/div>\n\t\t\t\t<\/div>\n\t\t\t\t\t<\/div>\n\t\t<\/div>\n\t\t\t\t<div class=\"elementor-column elementor-col-33 elementor-inner-column elementor-element elementor-element-b664e80\" data-id=\"b664e80\" data-element_type=\"column\">\n\t\t\t<div class=\"elementor-widget-wrap elementor-element-populated\">\n\t\t\t\t\t\t\t\t<div class=\"elementor-element elementor-element-069071f elementor-widget elementor-widget-image\" data-id=\"069071f\" data-element_type=\"widget\" data-widget_type=\"image.default\">\n\t\t\t\t<div class=\"elementor-widget-container\">\n\t\t\t\t\t\t\t\t\t\t\t\t\t\t\t<img loading=\"lazy\" decoding=\"async\" width=\"533\" height=\"800\" src=\"https:\/\/www.spamotos.com\/wp-content\/uploads\/2025\/03\/3932_itwstephanehaddadj.jpg\" class=\"attachment-large size-large\" alt=\"\" srcset=\"https:\/\/www.spamotos.com\/wp-content\/uploads\/2025\/03\/3932_itwstephanehaddadj.jpg 533w, https:\/\/www.spamotos.com\/wp-content\/uploads\/2025\/03\/3932_itwstephanehaddadj-200x300.jpg 200w\" sizes=\"(max-width: 533px) 100vw, 533px\" \/>\t\t\t\t\t\t\t\t\t\t\t\t\t\t\t<\/div>\n\t\t\t\t<\/div>\n\t\t\t\t\t<\/div>\n\t\t<\/div>\n\t\t\t\t<div class=\"elementor-column elementor-col-33 elementor-inner-column elementor-element elementor-element-5f57c48\" data-id=\"5f57c48\" data-element_type=\"column\">\n\t\t\t<div class=\"elementor-widget-wrap elementor-element-populated\">\n\t\t\t\t\t\t\t\t<div class=\"elementor-element elementor-element-a5d958a elementor-widget elementor-widget-text-editor\" data-id=\"a5d958a\" data-element_type=\"widget\" data-widget_type=\"text-editor.default\">\n\t\t\t\t<div class=\"elementor-widget-container\">\n\t\t\t\t\t\t\t<p>St\u00e9phane Haddadj, the team\u2019s Technical Director of\u00a0<strong>National Motos Honda\u00a0<\/strong>, explain\u00a0:<\/p><p><em>\u00a0<\/em><\/p><p>\u00ab\u00a0<i>We are pleased to officially announce the commitment of National Motos Honda for a new season of EWC competition.<\/i><\/p><p><i>\u00a0<\/i><\/p><p><i>The 2024 season was an incredible year, rich in podiums including victory in the 24 Heures Motos and second place in the 8 Hours of Spa Motos. There was also the novelty of our first participation in the Suzuka 8 Hours. Then there were all the emotions that led the team to its first world title in endurance.\u00a0<\/i><\/p><p><i>\u00a0<\/i><\/p><p><i>We are proud to welcome <b>Johan Nigon <\/b>to the National Motos Honda structure to complete the crew of the #55 CBR1000 along with <b>Valentin Suchet <\/b>and <b>Guillaume Raymond<\/b>.<\/i>\u00ab\u00a0<\/p>\t\t\t\t\t\t<\/div>\n\t\t\t\t<\/div>\n\t\t\t\t\t<\/div>\n\t\t<\/div>\n\t\t\t\t\t\t\t<\/div>\n\t\t<\/section>\n\t\t\t\t\t<\/div>\n\t\t<\/div>\n\t\t\t\t\t\t\t<\/div>\n\t\t<\/section>\n\t\t\t\t<section class=\"elementor-section elementor-top-section elementor-element elementor-element-8e85b15 elementor-section-boxed elementor-section-height-default elementor-section-height-default\" data-id=\"8e85b15\" data-element_type=\"section\">\n\t\t\t\t\t\t<div class=\"elementor-container elementor-column-gap-default\">\n\t\t\t\t\t<div class=\"elementor-column elementor-col-100 elementor-top-column elementor-element elementor-element-ff2f769\" data-id=\"ff2f769\" data-element_type=\"column\">\n\t\t\t<div class=\"elementor-widget-wrap elementor-element-populated\">\n\t\t\t\t\t\t\t\t<section class=\"elementor-section elementor-inner-section elementor-element elementor-element-985fbfd elementor-section-content-middle elementor-section-boxed elementor-section-height-default elementor-section-height-default\" data-id=\"985fbfd\" data-element_type=\"section\">\n\t\t\t\t\t\t<div class=\"elementor-container elementor-column-gap-default\">\n\t\t\t\t\t<div class=\"elementor-column elementor-col-50 elementor-inner-column elementor-element elementor-element-3a228ab\" data-id=\"3a228ab\" data-element_type=\"column\">\n\t\t\t<div class=\"elementor-widget-wrap elementor-element-populated\">\n\t\t\t\t\t\t\t\t<div class=\"elementor-element elementor-element-473613c elementor-widget elementor-widget-heading\" data-id=\"473613c\" data-element_type=\"widget\" data-widget_type=\"heading.default\">\n\t\t\t\t<div class=\"elementor-widget-container\">\n\t\t\t<style>\/*! elementor - v3.8.1 - 13-11-2022 *\/\n.elementor-heading-title{padding:0;margin:0;line-height:1}.elementor-widget-heading .elementor-heading-title[class*=elementor-size-]>a{color:inherit;font-size:inherit;line-height:inherit}.elementor-widget-heading .elementor-heading-title.elementor-size-small{font-size:15px}.elementor-widget-heading .elementor-heading-title.elementor-size-medium{font-size:19px}.elementor-widget-heading .elementor-heading-title.elementor-size-large{font-size:29px}.elementor-widget-heading .elementor-heading-title.elementor-size-xl{font-size:39px}.elementor-widget-heading .elementor-heading-title.elementor-size-xxl{font-size:59px}<\/style><h2 class=\"elementor-heading-title elementor-size-default\">johan nigon<\/h2>\t\t<\/div>\n\t\t\t\t<\/div>\n\t\t\t\t<div class=\"elementor-element elementor-element-3b05988 elementor-widget elementor-widget-text-editor\" data-id=\"3b05988\" data-element_type=\"widget\" data-widget_type=\"text-editor.default\">\n\t\t\t\t<div class=\"elementor-widget-container\">\n\t\t\t\t\t\t\t<p data-start=\"0\" data-end=\"248\">Pilote Fran\u00e7ais, champion de France Promosport 1000 en 2018, s\u2019est illustr\u00e9 en endurance avec des victoires en Superstock aux 24 Heures Motos du Mans (2019) et aux 24H SPA EWC Motos (2022). Il a aussi remport\u00e9 les 24 Hores de Catalunya la m\u00eame ann\u00e9e.<\/p><p data-start=\"0\" data-end=\"248\">\u00a0<\/p><p data-start=\"250\" data-end=\"482\" data-is-last-node=\"\" data-is-only-node=\"\">Pilote cl\u00e9 du Team Honda No Limits en 2023, il a d\u00e9croch\u00e9 des podiums aux 24 Heures Motos et \u00e0 Spa. En 2025, il rejoint le Team National Motos Honda pour d\u00e9fendre leur titre mondial aux c\u00f4t\u00e9s de Valentin Suchet et Guillaume Raymond.<\/p>\t\t\t\t\t\t<\/div>\n\t\t\t\t<\/div>\n\t\t\t\t<div class=\"elementor-element elementor-element-13fbdad elementor-widget elementor-widget-text-editor\" data-id=\"13fbdad\" data-element_type=\"widget\" data-widget_type=\"text-editor.default\">\n\t\t\t\t<div class=\"elementor-widget-container\">\n\t\t\t\t\t\t\t<p data-start=\"0\" data-end=\"245\">French Rider, French Promosport 1000 champion in 2018, has made his mark in endurance racing with Superstock victories at the 24 Heures Motos du Mans (2019) and the 24H SPA EWC Motos (2022). He also won the 24 Hores de Catalunya that same year.<\/p><p data-start=\"247\" data-end=\"472\" data-is-last-node=\"\" data-is-only-node=\"\">A top rider for Team Honda No Limits in 2023, he secured podium finishes at the 24 Heures Motos and Spa. In 2025, he joins Team National Motos Honda to defend their world title alongside Valentin Suchet and Guillaume Raymond.<\/p>\t\t\t\t\t\t<\/div>\n\t\t\t\t<\/div>\n\t\t\t\t\t<\/div>\n\t\t<\/div>\n\t\t\t\t<div class=\"elementor-column elementor-col-50 elementor-inner-column elementor-element elementor-element-e904778\" data-id=\"e904778\" data-element_type=\"column\">\n\t\t\t<div class=\"elementor-widget-wrap elementor-element-populated\">\n\t\t\t\t\t\t\t\t<div class=\"elementor-element elementor-element-6144c59 elementor-widget elementor-widget-image\" data-id=\"6144c59\" data-element_type=\"widget\" data-widget_type=\"image.default\">\n\t\t\t\t<div class=\"elementor-widget-container\">\n\t\t\t\t\t\t\t\t\t\t\t\t\t\t\t<img loading=\"lazy\" decoding=\"async\" width=\"1024\" height=\"994\" src=\"https:\/\/www.spamotos.com\/wp-content\/uploads\/2025\/03\/Capture-decran-2025-03-03-143207-1024x994.png\" class=\"attachment-large size-large\" alt=\"\" srcset=\"https:\/\/www.spamotos.com\/wp-content\/uploads\/2025\/03\/Capture-decran-2025-03-03-143207-1024x994.png 1024w, https:\/\/www.spamotos.com\/wp-content\/uploads\/2025\/03\/Capture-decran-2025-03-03-143207-300x291.png 300w, https:\/\/www.spamotos.com\/wp-content\/uploads\/2025\/03\/Capture-decran-2025-03-03-143207-768x745.png 768w, https:\/\/www.spamotos.com\/wp-content\/uploads\/2025\/03\/Capture-decran-2025-03-03-143207.png 1156w\" sizes=\"(max-width: 1024px) 100vw, 1024px\" \/>\t\t\t\t\t\t\t\t\t\t\t\t\t\t\t<\/div>\n\t\t\t\t<\/div>\n\t\t\t\t\t<\/div>\n\t\t<\/div>\n\t\t\t\t\t\t\t<\/div>\n\t\t<\/section>\n\t\t\t\t\t<\/div>\n\t\t<\/div>\n\t\t\t\t\t\t\t<\/div>\n\t\t<\/section>\n\t\t\t\t<section class=\"elementor-section elementor-top-section elementor-element elementor-element-d57a815 elementor-reverse-tablet elementor-reverse-mobile elementor-section-boxed elementor-section-height-default elementor-section-height-default\" data-id=\"d57a815\" data-element_type=\"section\">\n\t\t\t\t\t\t<div class=\"elementor-container elementor-column-gap-default\">\n\t\t\t\t\t<div class=\"elementor-column elementor-col-100 elementor-top-column elementor-element elementor-element-d2b1a1b\" data-id=\"d2b1a1b\" data-element_type=\"column\">\n\t\t\t<div class=\"elementor-widget-wrap elementor-element-populated\">\n\t\t\t\t\t\t\t\t<section class=\"elementor-section elementor-inner-section elementor-element elementor-element-d228d7a elementor-section-content-middle elementor-reverse-tablet elementor-reverse-mobile elementor-section-boxed elementor-section-height-default elementor-section-height-default\" data-id=\"d228d7a\" data-element_type=\"section\">\n\t\t\t\t\t\t<div class=\"elementor-container elementor-column-gap-default\">\n\t\t\t\t\t<div class=\"elementor-column elementor-col-50 elementor-inner-column elementor-element elementor-element-2d377a5\" data-id=\"2d377a5\" data-element_type=\"column\">\n\t\t\t<div class=\"elementor-widget-wrap elementor-element-populated\">\n\t\t\t\t\t\t\t\t<div class=\"elementor-element elementor-element-759e4d2 elementor-widget elementor-widget-image\" data-id=\"759e4d2\" data-element_type=\"widget\" data-widget_type=\"image.default\">\n\t\t\t\t<div class=\"elementor-widget-container\">\n\t\t\t\t\t\t\t\t\t\t\t\t\t\t\t<img loading=\"lazy\" decoding=\"async\" width=\"384\" height=\"576\" src=\"https:\/\/www.spamotos.com\/wp-content\/uploads\/2025\/03\/55-Valentin-Suchet-large.webp\" class=\"attachment-large size-large\" alt=\"\" srcset=\"https:\/\/www.spamotos.com\/wp-content\/uploads\/2025\/03\/55-Valentin-Suchet-large.webp 384w, https:\/\/www.spamotos.com\/wp-content\/uploads\/2025\/03\/55-Valentin-Suchet-large-200x300.webp 200w\" sizes=\"(max-width: 384px) 100vw, 384px\" \/>\t\t\t\t\t\t\t\t\t\t\t\t\t\t\t<\/div>\n\t\t\t\t<\/div>\n\t\t\t\t\t<\/div>\n\t\t<\/div>\n\t\t\t\t<div class=\"elementor-column elementor-col-50 elementor-inner-column elementor-element elementor-element-cb38dea\" data-id=\"cb38dea\" data-element_type=\"column\">\n\t\t\t<div class=\"elementor-widget-wrap elementor-element-populated\">\n\t\t\t\t\t\t\t\t<div class=\"elementor-element elementor-element-1ba80cc elementor-widget elementor-widget-heading\" data-id=\"1ba80cc\" data-element_type=\"widget\" data-widget_type=\"heading.default\">\n\t\t\t\t<div class=\"elementor-widget-container\">\n\t\t\t<h2 class=\"elementor-heading-title elementor-size-default\">valentin suchet<\/h2>\t\t<\/div>\n\t\t\t\t<\/div>\n\t\t\t\t<div class=\"elementor-element elementor-element-be55f6d elementor-widget elementor-widget-text-editor\" data-id=\"be55f6d\" data-element_type=\"widget\" data-widget_type=\"text-editor.default\">\n\t\t\t\t<div class=\"elementor-widget-container\">\n\t\t\t\t\t\t\t<p data-start=\"0\" data-end=\"392\">Pilote suisse sp\u00e9cialis\u00e9 en endurance moto. En 2024, il remporte la cat\u00e9gorie Superstock des 24 Heures Motos du Mans avec le team National Motos Honda, aux c\u00f4t\u00e9s de son fr\u00e8re S\u00e9bastien Suchet et du Fran\u00e7ais Guillaume Raymond.<\/p><p data-start=\"0\" data-end=\"392\">\u00a0<\/p><div>Cette victoire contribue \u00e0 leur sacre en Coupe du monde d&rsquo;endurance FIM Superstock la m\u00eame ann\u00e9e.\u00a0En 2025, Valentin poursuit l&rsquo;aventure avec National Motos Honda, visant \u00e0 d\u00e9fendre leur titre mondial en cat\u00e9gorie Superstock.<\/div>\t\t\t\t\t\t<\/div>\n\t\t\t\t<\/div>\n\t\t\t\t<div class=\"elementor-element elementor-element-c2451ec elementor-widget elementor-widget-text-editor\" data-id=\"c2451ec\" data-element_type=\"widget\" data-widget_type=\"text-editor.default\">\n\t\t\t\t<div class=\"elementor-widget-container\">\n\t\t\t\t\t\t\t<article class=\"w-full text-token-text-primary focus-visible:outline-2 focus-visible:outline-offset-[-4px]\" dir=\"auto\" data-testid=\"conversation-turn-20\" data-scroll-anchor=\"false\"><div class=\"m-auto text-base py-[18px] px-6\"><div class=\"mx-auto flex flex-1 gap-4 text-base md:gap-5 lg:gap-6 md:max-w-3xl lg:max-w-[40rem] xl:max-w-[48rem]\"><div class=\"group\/conversation-turn relative flex w-full min-w-0 flex-col @xs\/thread:px-0 @sm\/thread:px-1.5 @md\/thread:px-4\"><div class=\"flex-col gap-1 md:gap-3\"><div class=\"flex max-w-full flex-col flex-grow\"><div class=\"min-h-8 text-message flex w-full flex-col items-end gap-2 whitespace-normal break-words text-start [.text-message+&amp;]:mt-5\" dir=\"auto\" data-message-author-role=\"user\" data-message-id=\"7a54b09f-7d0c-4111-9735-8f46165d6f7f\"><div class=\"flex w-full flex-col gap-1 empty:hidden items-end rtl:items-start\"><div class=\"relative max-w-[var(--user-chat-width,70%)] rounded-3xl bg-token-message-surface px-5 py-2.5\"><p data-start=\"0\" data-end=\"223\">Swiss rider specialized in endurance racing. In 2024, he won the Superstock category at the 24 Heures Motos du Mans with the National Motos Honda team, alongside his brother S\u00e9bastien Suchet and Frenchman Guillaume Raymond.<\/p><p data-start=\"0\" data-end=\"223\">\u00a0<\/p><p data-start=\"225\" data-end=\"456\" data-is-last-node=\"\" data-is-only-node=\"\">This victory contributed to their triumph in the FIM Superstock Endurance World Cup that same year. In 2025, Valentin continues the adventure with National Motos Honda, aiming to defend their world title in the Superstock category.<\/p><\/div><\/div><\/div><\/div><\/div><\/div><\/div><\/div><\/article>\t\t\t\t\t\t<\/div>\n\t\t\t\t<\/div>\n\t\t\t\t\t<\/div>\n\t\t<\/div>\n\t\t\t\t\t\t\t<\/div>\n\t\t<\/section>\n\t\t\t\t<section class=\"elementor-section elementor-inner-section elementor-element elementor-element-b803458 elementor-section-content-middle elementor-section-boxed elementor-section-height-default elementor-section-height-default\" data-id=\"b803458\" data-element_type=\"section\">\n\t\t\t\t\t\t<div class=\"elementor-container elementor-column-gap-default\">\n\t\t\t\t\t<div class=\"elementor-column elementor-col-50 elementor-inner-column elementor-element elementor-element-988339c\" data-id=\"988339c\" data-element_type=\"column\">\n\t\t\t<div class=\"elementor-widget-wrap elementor-element-populated\">\n\t\t\t\t\t\t\t\t<div class=\"elementor-element elementor-element-c889cdd elementor-widget elementor-widget-heading\" data-id=\"c889cdd\" data-element_type=\"widget\" data-widget_type=\"heading.default\">\n\t\t\t\t<div class=\"elementor-widget-container\">\n\t\t\t<h2 class=\"elementor-heading-title elementor-size-default\">guillaume raymond<\/h2>\t\t<\/div>\n\t\t\t\t<\/div>\n\t\t\t\t<div class=\"elementor-element elementor-element-fcf1535 elementor-widget elementor-widget-text-editor\" data-id=\"fcf1535\" data-element_type=\"widget\" data-widget_type=\"text-editor.default\">\n\t\t\t\t<div class=\"elementor-widget-container\">\n\t\t\t\t\t\t\t<article dir=\"auto\" data-testid=\"conversation-turn-28\" data-scroll-anchor=\"false\"><div dir=\"auto\" data-message-author-role=\"user\" data-message-id=\"21b0c6fa-5954-4719-ba46-9ef9939d991f\">Guillaume Raymond est un pilote fran\u00e7ais d&rsquo;endurance moto, ayant d\u00e9but\u00e9 en motocross avant de se tourner vers la vitesse. Il a obtenu de bons r\u00e9sultats en European Junior Cup et en Championnat Superstock 600, avec plusieurs podiums. En 2024, il rejoint le Team National Motos Honda, contribuant au titre de la Coupe du Monde d&rsquo;Endurance FIM Superstock aux c\u00f4t\u00e9s de Valentin et S\u00e9bastien Suchet.<\/div><\/article>\t\t\t\t\t\t<\/div>\n\t\t\t\t<\/div>\n\t\t\t\t<div class=\"elementor-element elementor-element-57a622c elementor-widget elementor-widget-text-editor\" data-id=\"57a622c\" data-element_type=\"widget\" data-widget_type=\"text-editor.default\">\n\t\t\t\t<div class=\"elementor-widget-container\">\n\t\t\t\t\t\t\t<div class=\"flex max-w-full flex-col flex-grow\"><div class=\"min-h-8 text-message flex w-full flex-col items-end gap-2 whitespace-normal break-words text-start [.text-message+&amp;]:mt-5\" dir=\"auto\" data-message-author-role=\"assistant\" data-message-id=\"3411a6b5-8999-41e1-99d8-5277eaf325bf\" data-message-model-slug=\"gpt-4o-mini\"><div class=\"flex w-full flex-col gap-1 empty:hidden first:pt-[3px]\"><div class=\"markdown prose w-full break-words dark:prose-invert light\"><p>Guillaume Raymond is a French endurance motorcycle rider who began his career in motocross before transitioning to road racing. He achieved notable results in the European Junior Cup and the Superstock 600 Championship, earning multiple podiums. In 2024, he joined National Motos Honda, contributing to their FIM Superstock Endurance World Cup title alongside Valentin and S\u00e9bastien Suchet.<\/p><\/div><\/div><\/div><\/div>\t\t\t\t\t\t<\/div>\n\t\t\t\t<\/div>\n\t\t\t\t\t<\/div>\n\t\t<\/div>\n\t\t\t\t<div class=\"elementor-column elementor-col-50 elementor-inner-column elementor-element elementor-element-0a0f814\" data-id=\"0a0f814\" data-element_type=\"column\">\n\t\t\t<div class=\"elementor-widget-wrap elementor-element-populated\">\n\t\t\t\t\t\t\t\t<div class=\"elementor-element elementor-element-545f2e4 elementor-widget elementor-widget-image\" data-id=\"545f2e4\" data-element_type=\"widget\" data-widget_type=\"image.default\">\n\t\t\t\t<div class=\"elementor-widget-container\">\n\t\t\t\t\t\t\t\t\t\t\t\t\t\t\t<img loading=\"lazy\" decoding=\"async\" width=\"1024\" height=\"750\" src=\"https:\/\/www.spamotos.com\/wp-content\/uploads\/2025\/03\/469357682_18473029318018489_8681250343643621802_n-1024x750.jpg\" class=\"attachment-large size-large\" alt=\"\" srcset=\"https:\/\/www.spamotos.com\/wp-content\/uploads\/2025\/03\/469357682_18473029318018489_8681250343643621802_n-1024x750.jpg 1024w, https:\/\/www.spamotos.com\/wp-content\/uploads\/2025\/03\/469357682_18473029318018489_8681250343643621802_n-300x220.jpg 300w, https:\/\/www.spamotos.com\/wp-content\/uploads\/2025\/03\/469357682_18473029318018489_8681250343643621802_n-768x563.jpg 768w, https:\/\/www.spamotos.com\/wp-content\/uploads\/2025\/03\/469357682_18473029318018489_8681250343643621802_n.jpg 1440w\" sizes=\"(max-width: 1024px) 100vw, 1024px\" \/>\t\t\t\t\t\t\t\t\t\t\t\t\t\t\t<\/div>\n\t\t\t\t<\/div>\n\t\t\t\t\t<\/div>\n\t\t<\/div>\n\t\t\t\t\t\t\t<\/div>\n\t\t<\/section>\n\t\t\t\t\t<\/div>\n\t\t<\/div>\n\t\t\t\t\t\t\t<\/div>\n\t\t<\/section>\n\t\t\t\t\t\t\t<\/div>\n\t\t","protected":false},"excerpt":{"rendered":"<p>\u00c0 la conqu\u00eate d\u2019un deuxi\u00e8me titre cons\u00e9cutif en Coupe du Monde FIM d\u2019Endurance, le Team Honda National Motos #55 poursuit son ascension au plus haut niveau de la cat\u00e9gorie Superstock. Apr\u00e8s une saison 2024 historique, marqu\u00e9e par une victoire aux 24 Heures du Mans, une deuxi\u00e8me place aux 8 Heures de Spa et une premi\u00e8re [&hellip;]<\/p>\n","protected":false},"author":1,"featured_media":9644,"comment_status":"closed","ping_status":"open","sticky":false,"template":"","format":"standard","meta":{"footnotes":""},"categories":[58,51],"tags":[],"acf":[],"yoast_head":"<!-- This site is optimized with the Yoast SEO plugin v21.6 - https:\/\/yoast.com\/wordpress\/plugins\/seo\/ -->\n<title>Le Team Honda National Motos est pr\u00eat pour une nouvelle saison en endurance - 8h SPA Motos<\/title>\n<meta name=\"robots\" content=\"index, follow, max-snippet:-1, max-image-preview:large, max-video-preview:-1\" \/>\n<link rel=\"canonical\" href=\"https:\/\/www.spamotos.com\/fr\/le-team-honda-national-motos-pret-pour-une-nouvelle-saison-en-endurance\/\" \/>\n<meta property=\"og:locale\" content=\"fr_FR\" \/>\n<meta property=\"og:type\" content=\"article\" \/>\n<meta property=\"og:title\" content=\"Le Team Honda National Motos est pr\u00eat pour une nouvelle saison en endurance - 8h SPA Motos\" \/>\n<meta property=\"og:description\" content=\"\u00c0 la conqu\u00eate d\u2019un deuxi\u00e8me titre cons\u00e9cutif en Coupe du Monde FIM d\u2019Endurance, le Team Honda National Motos #55 poursuit son ascension au plus haut niveau de la cat\u00e9gorie Superstock. Apr\u00e8s une saison 2024 historique, marqu\u00e9e par une victoire aux 24 Heures du Mans, une deuxi\u00e8me place aux 8 Heures de Spa et une premi\u00e8re [&hellip;]\" \/>\n<meta property=\"og:url\" content=\"https:\/\/www.spamotos.com\/fr\/le-team-honda-national-motos-pret-pour-une-nouvelle-saison-en-endurance\/\" \/>\n<meta property=\"og:site_name\" content=\"8h SPA Motos\" \/>\n<meta property=\"article:publisher\" content=\"https:\/\/www.facebook.com\/24hspamotos\" \/>\n<meta property=\"article:published_time\" content=\"2025-03-03T13:41:38+00:00\" \/>\n<meta property=\"article:modified_time\" content=\"2026-03-05T14:57:31+00:00\" \/>\n<meta property=\"og:image\" content=\"https:\/\/www.spamotos.com\/wp-content\/uploads\/2025\/03\/482399796_18148439911367817_1037089320109341498_n-large.webp\" \/>\n\t<meta property=\"og:image:width\" content=\"1024\" \/>\n\t<meta property=\"og:image:height\" content=\"683\" \/>\n\t<meta property=\"og:image:type\" content=\"image\/webp\" \/>\n<meta name=\"author\" content=\"Administrateur\" \/>\n<meta name=\"twitter:card\" content=\"summary_large_image\" \/>\n<meta name=\"twitter:creator\" content=\"@24hspamotos\" \/>\n<meta name=\"twitter:site\" content=\"@24hspamotos\" \/>\n<script type=\"application\/ld+json\" class=\"yoast-schema-graph\">{\"@context\":\"https:\/\/schema.org\",\"@graph\":[{\"@type\":\"Article\",\"@id\":\"https:\/\/www.spamotos.com\/fr\/le-team-honda-national-motos-pret-pour-une-nouvelle-saison-en-endurance\/#article\",\"isPartOf\":{\"@id\":\"https:\/\/www.spamotos.com\/fr\/le-team-honda-national-motos-pret-pour-une-nouvelle-saison-en-endurance\/\"},\"author\":{\"name\":\"Administrateur\",\"@id\":\"https:\/\/www.spamotos.com\/fr\/#\/schema\/person\/6c5133ba53ed7caade8af07521ce45ce\"},\"headline\":\"Le Team Honda National Motos est pr\u00eat pour une nouvelle saison en endurance\",\"datePublished\":\"2025-03-03T13:41:38+00:00\",\"dateModified\":\"2026-03-05T14:57:31+00:00\",\"mainEntityOfPage\":{\"@id\":\"https:\/\/www.spamotos.com\/fr\/le-team-honda-national-motos-pret-pour-une-nouvelle-saison-en-endurance\/\"},\"wordCount\":970,\"publisher\":{\"@id\":\"https:\/\/www.spamotos.com\/fr\/#organization\"},\"articleSection\":[\"Actualit\u00e9s Teams\",\"SAISON 2025\"],\"inLanguage\":\"fr-FR\"},{\"@type\":\"WebPage\",\"@id\":\"https:\/\/www.spamotos.com\/fr\/le-team-honda-national-motos-pret-pour-une-nouvelle-saison-en-endurance\/\",\"url\":\"https:\/\/www.spamotos.com\/fr\/le-team-honda-national-motos-pret-pour-une-nouvelle-saison-en-endurance\/\",\"name\":\"Le Team Honda National Motos est pr\u00eat pour une nouvelle saison en endurance - 8h SPA Motos\",\"isPartOf\":{\"@id\":\"https:\/\/www.spamotos.com\/fr\/#website\"},\"datePublished\":\"2025-03-03T13:41:38+00:00\",\"dateModified\":\"2026-03-05T14:57:31+00:00\",\"breadcrumb\":{\"@id\":\"https:\/\/www.spamotos.com\/fr\/le-team-honda-national-motos-pret-pour-une-nouvelle-saison-en-endurance\/#breadcrumb\"},\"inLanguage\":\"fr-FR\",\"potentialAction\":[{\"@type\":\"ReadAction\",\"target\":[\"https:\/\/www.spamotos.com\/fr\/le-team-honda-national-motos-pret-pour-une-nouvelle-saison-en-endurance\/\"]}]},{\"@type\":\"BreadcrumbList\",\"@id\":\"https:\/\/www.spamotos.com\/fr\/le-team-honda-national-motos-pret-pour-une-nouvelle-saison-en-endurance\/#breadcrumb\",\"itemListElement\":[{\"@type\":\"ListItem\",\"position\":1,\"name\":\"Accueil\",\"item\":\"https:\/\/www.spamotos.com\/fr\/\"},{\"@type\":\"ListItem\",\"position\":2,\"name\":\"Le Team Honda National Motos est pr\u00eat pour une nouvelle saison en endurance\"}]},{\"@type\":\"WebSite\",\"@id\":\"https:\/\/www.spamotos.com\/fr\/#website\",\"url\":\"https:\/\/www.spamotos.com\/fr\/\",\"name\":\"8h SPA Motos\",\"description\":\"Un site utilisant WordPress\",\"publisher\":{\"@id\":\"https:\/\/www.spamotos.com\/fr\/#organization\"},\"potentialAction\":[{\"@type\":\"SearchAction\",\"target\":{\"@type\":\"EntryPoint\",\"urlTemplate\":\"https:\/\/www.spamotos.com\/fr\/?s={search_term_string}\"},\"query-input\":\"required name=search_term_string\"}],\"inLanguage\":\"fr-FR\"},{\"@type\":\"Organization\",\"@id\":\"https:\/\/www.spamotos.com\/fr\/#organization\",\"name\":\"8h SPA Motos\",\"url\":\"https:\/\/www.spamotos.com\/fr\/\",\"logo\":{\"@type\":\"ImageObject\",\"inLanguage\":\"fr-FR\",\"@id\":\"https:\/\/www.spamotos.com\/fr\/#\/schema\/logo\/image\/\",\"url\":\"https:\/\/www.spamotos.com\/wp-content\/uploads\/2023\/11\/cropped-8Hours-Positif-test-2.png\",\"contentUrl\":\"https:\/\/www.spamotos.com\/wp-content\/uploads\/2023\/11\/cropped-8Hours-Positif-test-2.png\",\"width\":443,\"height\":200,\"caption\":\"8h SPA Motos\"},\"image\":{\"@id\":\"https:\/\/www.spamotos.com\/fr\/#\/schema\/logo\/image\/\"},\"sameAs\":[\"https:\/\/www.facebook.com\/24hspamotos\",\"https:\/\/twitter.com\/24hspamotos\",\"https:\/\/www.instagram.com\/24hspamotos\",\"https:\/\/www.tiktok.com\/@24hspamotos\"]},{\"@type\":\"Person\",\"@id\":\"https:\/\/www.spamotos.com\/fr\/#\/schema\/person\/6c5133ba53ed7caade8af07521ce45ce\",\"name\":\"Administrateur\",\"sameAs\":[\"https:\/\/www.spamotos.com\/wp-cms\"]}]}<\/script>\n<!-- \/ Yoast SEO plugin. -->","yoast_head_json":{"title":"Le Team Honda National Motos est pr\u00eat pour une nouvelle saison en endurance - 8h SPA Motos","robots":{"index":"index","follow":"follow","max-snippet":"max-snippet:-1","max-image-preview":"max-image-preview:large","max-video-preview":"max-video-preview:-1"},"canonical":"https:\/\/www.spamotos.com\/fr\/le-team-honda-national-motos-pret-pour-une-nouvelle-saison-en-endurance\/","og_locale":"fr_FR","og_type":"article","og_title":"Le Team Honda National Motos est pr\u00eat pour une nouvelle saison en endurance - 8h SPA Motos","og_description":"\u00c0 la conqu\u00eate d\u2019un deuxi\u00e8me titre cons\u00e9cutif en Coupe du Monde FIM d\u2019Endurance, le Team Honda National Motos #55 poursuit son ascension au plus haut niveau de la cat\u00e9gorie Superstock. Apr\u00e8s une saison 2024 historique, marqu\u00e9e par une victoire aux 24 Heures du Mans, une deuxi\u00e8me place aux 8 Heures de Spa et une premi\u00e8re [&hellip;]","og_url":"https:\/\/www.spamotos.com\/fr\/le-team-honda-national-motos-pret-pour-une-nouvelle-saison-en-endurance\/","og_site_name":"8h SPA Motos","article_publisher":"https:\/\/www.facebook.com\/24hspamotos","article_published_time":"2025-03-03T13:41:38+00:00","article_modified_time":"2026-03-05T14:57:31+00:00","og_image":[{"width":1024,"height":683,"url":"https:\/\/www.spamotos.com\/wp-content\/uploads\/2025\/03\/482399796_18148439911367817_1037089320109341498_n-large.webp","type":"image\/webp"}],"author":"Administrateur","twitter_card":"summary_large_image","twitter_creator":"@24hspamotos","twitter_site":"@24hspamotos","schema":{"@context":"https:\/\/schema.org","@graph":[{"@type":"Article","@id":"https:\/\/www.spamotos.com\/fr\/le-team-honda-national-motos-pret-pour-une-nouvelle-saison-en-endurance\/#article","isPartOf":{"@id":"https:\/\/www.spamotos.com\/fr\/le-team-honda-national-motos-pret-pour-une-nouvelle-saison-en-endurance\/"},"author":{"name":"Administrateur","@id":"https:\/\/www.spamotos.com\/fr\/#\/schema\/person\/6c5133ba53ed7caade8af07521ce45ce"},"headline":"Le Team Honda National Motos est pr\u00eat pour une nouvelle saison en endurance","datePublished":"2025-03-03T13:41:38+00:00","dateModified":"2026-03-05T14:57:31+00:00","mainEntityOfPage":{"@id":"https:\/\/www.spamotos.com\/fr\/le-team-honda-national-motos-pret-pour-une-nouvelle-saison-en-endurance\/"},"wordCount":970,"publisher":{"@id":"https:\/\/www.spamotos.com\/fr\/#organization"},"articleSection":["Actualit\u00e9s Teams","SAISON 2025"],"inLanguage":"fr-FR"},{"@type":"WebPage","@id":"https:\/\/www.spamotos.com\/fr\/le-team-honda-national-motos-pret-pour-une-nouvelle-saison-en-endurance\/","url":"https:\/\/www.spamotos.com\/fr\/le-team-honda-national-motos-pret-pour-une-nouvelle-saison-en-endurance\/","name":"Le Team Honda National Motos est pr\u00eat pour une nouvelle saison en endurance - 8h SPA Motos","isPartOf":{"@id":"https:\/\/www.spamotos.com\/fr\/#website"},"datePublished":"2025-03-03T13:41:38+00:00","dateModified":"2026-03-05T14:57:31+00:00","breadcrumb":{"@id":"https:\/\/www.spamotos.com\/fr\/le-team-honda-national-motos-pret-pour-une-nouvelle-saison-en-endurance\/#breadcrumb"},"inLanguage":"fr-FR","potentialAction":[{"@type":"ReadAction","target":["https:\/\/www.spamotos.com\/fr\/le-team-honda-national-motos-pret-pour-une-nouvelle-saison-en-endurance\/"]}]},{"@type":"BreadcrumbList","@id":"https:\/\/www.spamotos.com\/fr\/le-team-honda-national-motos-pret-pour-une-nouvelle-saison-en-endurance\/#breadcrumb","itemListElement":[{"@type":"ListItem","position":1,"name":"Accueil","item":"https:\/\/www.spamotos.com\/fr\/"},{"@type":"ListItem","position":2,"name":"Le Team Honda National Motos est pr\u00eat pour une nouvelle saison en endurance"}]},{"@type":"WebSite","@id":"https:\/\/www.spamotos.com\/fr\/#website","url":"https:\/\/www.spamotos.com\/fr\/","name":"8h SPA Motos","description":"Un site utilisant WordPress","publisher":{"@id":"https:\/\/www.spamotos.com\/fr\/#organization"},"potentialAction":[{"@type":"SearchAction","target":{"@type":"EntryPoint","urlTemplate":"https:\/\/www.spamotos.com\/fr\/?s={search_term_string}"},"query-input":"required name=search_term_string"}],"inLanguage":"fr-FR"},{"@type":"Organization","@id":"https:\/\/www.spamotos.com\/fr\/#organization","name":"8h SPA Motos","url":"https:\/\/www.spamotos.com\/fr\/","logo":{"@type":"ImageObject","inLanguage":"fr-FR","@id":"https:\/\/www.spamotos.com\/fr\/#\/schema\/logo\/image\/","url":"https:\/\/www.spamotos.com\/wp-content\/uploads\/2023\/11\/cropped-8Hours-Positif-test-2.png","contentUrl":"https:\/\/www.spamotos.com\/wp-content\/uploads\/2023\/11\/cropped-8Hours-Positif-test-2.png","width":443,"height":200,"caption":"8h SPA Motos"},"image":{"@id":"https:\/\/www.spamotos.com\/fr\/#\/schema\/logo\/image\/"},"sameAs":["https:\/\/www.facebook.com\/24hspamotos","https:\/\/twitter.com\/24hspamotos","https:\/\/www.instagram.com\/24hspamotos","https:\/\/www.tiktok.com\/@24hspamotos"]},{"@type":"Person","@id":"https:\/\/www.spamotos.com\/fr\/#\/schema\/person\/6c5133ba53ed7caade8af07521ce45ce","name":"Administrateur","sameAs":["https:\/\/www.spamotos.com\/wp-cms"]}]}},"_links":{"self":[{"href":"https:\/\/www.spamotos.com\/fr\/wp-json\/wp\/v2\/posts\/9642"}],"collection":[{"href":"https:\/\/www.spamotos.com\/fr\/wp-json\/wp\/v2\/posts"}],"about":[{"href":"https:\/\/www.spamotos.com\/fr\/wp-json\/wp\/v2\/types\/post"}],"author":[{"embeddable":true,"href":"https:\/\/www.spamotos.com\/fr\/wp-json\/wp\/v2\/users\/1"}],"replies":[{"embeddable":true,"href":"https:\/\/www.spamotos.com\/fr\/wp-json\/wp\/v2\/comments?post=9642"}],"version-history":[{"count":20,"href":"https:\/\/www.spamotos.com\/fr\/wp-json\/wp\/v2\/posts\/9642\/revisions"}],"predecessor-version":[{"id":11315,"href":"https:\/\/www.spamotos.com\/fr\/wp-json\/wp\/v2\/posts\/9642\/revisions\/11315"}],"wp:featuredmedia":[{"embeddable":true,"href":"https:\/\/www.spamotos.com\/fr\/wp-json\/wp\/v2\/media\/9644"}],"wp:attachment":[{"href":"https:\/\/www.spamotos.com\/fr\/wp-json\/wp\/v2\/media?parent=9642"}],"wp:term":[{"taxonomy":"category","embeddable":true,"href":"https:\/\/www.spamotos.com\/fr\/wp-json\/wp\/v2\/categories?post=9642"},{"taxonomy":"post_tag","embeddable":true,"href":"https:\/\/www.spamotos.com\/fr\/wp-json\/wp\/v2\/tags?post=9642"}],"curies":[{"name":"wp","href":"https:\/\/api.w.org\/{rel}","templated":true}]}}